{"id":1809,"date":"2016-09-24T00:26:20","date_gmt":"2016-09-23T21:26:20","guid":{"rendered":"http:\/\/hatarok-nelkul.com\/ro\/?p=1809"},"modified":"2016-09-24T00:26:33","modified_gmt":"2016-09-23T21:26:33","slug":"mai-multi-primari-maghiari-sunt-nemultumiti-din-cauza-ca-udmr-a-oferit-pcm-mandatul-de-deputat-din-zona-odorheiu-secuiesc","status":"publish","type":"post","link":"https:\/\/hatarok-nelkul.com\/ro\/?p=1809","title":{"rendered":"Mai mul\u0163i primari maghiari sunt nemul\u0163umi\u0163i din cauz\u0103 c\u0103 UDMR a oferit PCM mandatul de deputat din zona Odorheiu Secuiesc"},"content":{"rendered":"<p style=\"text-align: justify;\"><a href=\"https:\/\/hatarok-nelkul.com\/ro\/wp-content\/uploads\/2016\/09\/rmdsz.jpg\"><img loading=\"lazy\" decoding=\"async\" class=\"alignleft size-thumbnail wp-image-1810\" alt=\"_rmdsz\" src=\"https:\/\/hatarok-nelkul.com\/ro\/wp-content\/uploads\/2016\/09\/rmdsz-150x150.jpg\" width=\"150\" height=\"150\" \/><\/a>Un num\u0103r de 15 primari din zona Odorheiu Secuiesc ai Uniunii Democrate Maghiare din Rom\u00e2nia au semnat un memorandum \u00een care \u015fi-au exprimat nemul\u0163umirile lor din cauz\u0103 c\u0103 UDMR a oferit un loc eligibil pe lista sa de candida\u0163i din jude\u0163ul Harghita Partidului Popular Civic (PCM), \u00een condi\u0163iile \u00een care acest mandat \u00eei va reveni zonei Odorheiu Secuiesc, a informat joi portalul Sz\u00e9kelyhon. ro. Edilii solicit\u0103 factorilor de decizie ai UDMR schimbarea acestei decizii.<!--more--> &#8220;La Odorheiu Secuiesc, noi, primarii, am adus mai multe zeci de mii de voturi UDMR-lui pentru a asigura reprezentarea noastr\u0103 parlamentar\u0103 \u015fi peste decenii. Su\u0163inem \u015fi azi acest lcuru&#8221;, a declarat primarul ora\u015fului Praid, S\u00e1ndor Bokor, citat de portalul Sz\u00e9kelyhon.ro, potrivit c\u0103ruia este o chestiune de principiu ca reprezentantul \u00een Parlament al zonei Odorheiu Secuiesc s\u0103 fi ales din partea UDMR.<\/p>\n<p style=\"text-align: justify;\">\u00a0\u00a0\u00a0\u00a0\u00a0\u00a0\u00a0\u00a0\u00a0 S\u00e1ndor Bokor a mai men\u0163ionat c\u0103 este de acord cu ideea de solidarizare a maghiarilor, dar \u00een opinia sa trebuie s\u0103 se \u0163in\u0103 seama \u015fi de faptul c\u0103 va fi greu s\u0103-i \u00eendemni pe aleg\u0103torii care sus\u0163in UDMR s\u0103 voteze candidatul PPMT, pentru ca acesta s\u0103 accead\u0103 \u00een Parlamentul de la Bucureti. S\u00e1ndor Bokor a mai subliniat c\u0103 aceast\u0103 opinie va fi prezentat\u0103 \u015fi la reuniunea delega\u0163iilor UDMR, care va avea loc joi dup\u0103-amiaz\u0103, la Odorheiu Secuiesc. La aceast\u0103 \u015fedin\u0163\u0103 va fi stabilit\u0103 ordinea candida\u0163ilor pe lista electoaral\u0103 a UDMR. Primarii \u00eentreba\u0163i de portalul amintit au spus c\u0103 sunt nemul\u0163umi\u0163i mai ales din cauz\u0103 c\u0103 liderii de la centru ai UDMR au decis, f\u0103r\u0103 s\u0103 se consulte cu ei, ca Zsolt Bir\u00f3, pre\u015fedintele PCM, s\u0103 primeasc\u0103 un loc eligibil pe lista de candida\u0163i a UDMR.<\/p>\n<p style=\"text-align: justify;\">\u00a0\u00a0\u00a0\u00a0\u00a0\u00a0\u00a0\u00a0\u00a0 Zsolt Bir\u00f3 a declarat c\u0103 aceast\u0103 nemul\u0163umire a primarilor este o problem\u0103 inern\u0103 a UDMR. Uneori, colaborarea presupune &#8211; de la caz, la caz &#8211; sacrificii reciproce, a mai sus Zsolt Bir\u00f3, men\u0163ion\u00e2nd c\u0103 \u015fi simpatizan\u0163ii PCM sunt nemul\u0163umi\u0163i c\u00e2nd sunt \u00eendemna\u0163i s\u0103 voteze lista UDMR. Zsolt Bir\u00f3 a amintit c\u0103 la alegerile locale din iunie candidatul PCM a c\u00e2\u015ftigat fotoliul de primar din Odorheiu Secuiesc \u015fi Vl\u0103hi\u0163a, iar partidul dispune de o baz\u0103 electoral\u0103 important\u0103 \u015fi \u00een acele localit\u0103\u0163i \u00een care au c\u00e2\u015ftigat candida\u0163ii UDMR. &#8220;Cred c\u0103 \u00een s\u0103pt\u0103m\u00e2nile \u015fi lunile viitoare se va \u00eenfiripa \u00eencrederea reciproc\u0103. Important este ca pe 11 decembrie s\u0103 putem mobiliza popula\u0163ia maghiar\u0103&#8221;, a precizat Zsolt Bir\u00f3.<\/p>\n<p style=\"text-align: justify;\">\u00a0\u00a0\u00a0\u00a0\u00a0\u00a0\u00a0\u00a0\u00a0 UDMR \u015fi PCM au \u00eencheiat pe 15 septembrie un acord de cooperare pe perioada alegerilor parlamentare, precum \u015fi \u00een urm\u0103torul ciclul parlamentar. Ca urmare a acestui acord, UDMR a oferit PCM dou\u0103 locuri eligibile pe listele sale de candida\u0163i \u00een schimbul sprijinului PCM. Consiliul Permanent al UDMR a decis ca unul din mandatele de deputat s\u0103 fie din zona Odorheiu Secuiesc, iar cel\u0103lat mandat s\u0103 fie din jude\u0163ul Covasna. Consiliul Na\u0163ional al PCM l-a desemnat pentru mandatul din Covasna pe pre\u015fedintele organiza\u0163iei locale a PCM, J\u00f3zsef Kulcs\u00e1r Terza, iar pentru Odorheiu Secuiesc pe pre\u015fedintele PCM, Zsolt Bir\u00f3.<\/p>\n<p style=\"text-align: justify;\">\u00a0Traducerea: Becze D\u00e9nes<\/p>\n<p style=\"text-align: justify;\">Sursa:MTI<\/p>\n<p style=\"text-align: justify;\">Foto:foter.ro<\/p>\n","protected":false},"excerpt":{"rendered":"<p>Un num\u0103r de 15 primari din zona Odorheiu Secuiesc ai Uniunii Democrate Maghiare din Rom\u00e2nia au semnat un memorandum \u00een care \u015fi-au exprimat <\/p>\n","protected":false},"author":1,"featured_media":1810,"comment_status":"open","ping_status":"open","sticky":false,"template":"","format":"standard","meta":{"footnotes":""},"categories":[1],"tags":[],"class_list":["post-1809","post","type-post","status-publish","format-standard","has-post-thumbnail","hentry","category-fara-categorie"],"_links":{"self":[{"href":"https:\/\/hatarok-nelkul.com\/ro\/index.php?rest_route=\/wp\/v2\/posts\/1809","targetHints":{"allow":["GET"]}}],"collection":[{"href":"https:\/\/hatarok-nelkul.com\/ro\/index.php?rest_route=\/wp\/v2\/posts"}],"about":[{"href":"https:\/\/hatarok-nelkul.com\/ro\/index.php?rest_route=\/wp\/v2\/types\/post"}],"author":[{"embeddable":true,"href":"https:\/\/hatarok-nelkul.com\/ro\/index.php?rest_route=\/wp\/v2\/users\/1"}],"replies":[{"embeddable":true,"href":"https:\/\/hatarok-nelkul.com\/ro\/index.php?rest_route=%2Fwp%2Fv2%2Fcomments&post=1809"}],"version-history":[{"count":3,"href":"https:\/\/hatarok-nelkul.com\/ro\/index.php?rest_route=\/wp\/v2\/posts\/1809\/revisions"}],"predecessor-version":[{"id":1813,"href":"https:\/\/hatarok-nelkul.com\/ro\/index.php?rest_route=\/wp\/v2\/posts\/1809\/revisions\/1813"}],"wp:featuredmedia":[{"embeddable":true,"href":"https:\/\/hatarok-nelkul.com\/ro\/index.php?rest_route=\/wp\/v2\/media\/1810"}],"wp:attachment":[{"href":"https:\/\/hatarok-nelkul.com\/ro\/index.php?rest_route=%2Fwp%2Fv2%2Fmedia&parent=1809"}],"wp:term":[{"taxonomy":"category","embeddable":true,"href":"https:\/\/hatarok-nelkul.com\/ro\/index.php?rest_route=%2Fwp%2Fv2%2Fcategories&post=1809"},{"taxonomy":"post_tag","embeddable":true,"href":"https:\/\/hatarok-nelkul.com\/ro\/index.php?rest_route=%2Fwp%2Fv2%2Ftags&post=1809"}],"curies":[{"name":"wp","href":"https:\/\/api.w.org\/{rel}","templated":true}]}}