{"id":1815,"date":"2016-09-27T10:12:16","date_gmt":"2016-09-27T07:12:16","guid":{"rendered":"http:\/\/hatarok-nelkul.com\/ro\/?p=1815"},"modified":"2016-09-27T10:18:48","modified_gmt":"2016-09-27T07:18:48","slug":"explozia-din-budapesa-scopul-a-fost-uciderea-politistilor","status":"publish","type":"post","link":"https:\/\/hatarok-nelkul.com\/ro\/?p=1815","title":{"rendered":"Explozia din Budapesta \u2013 \u201cScopul a fost uciderea poli\u0163i\u015ftilor\u201d"},"content":{"rendered":"<p style=\"text-align: justify;\"><a href=\"https:\/\/hatarok-nelkul.com\/ro\/wp-content\/uploads\/2016\/09\/robbantas.jpg\"><img loading=\"lazy\" decoding=\"async\" class=\"alignleft size-thumbnail wp-image-1816\" alt=\"robbantas\" src=\"https:\/\/hatarok-nelkul.com\/ro\/wp-content\/uploads\/2016\/09\/robbantas-150x150.jpg\" width=\"150\" height=\"150\" \/><\/a>Luni se va \u00eentruni Comisia parlamentar\u0103 pentu siguran\u0163a na\u0163ional\u0103 pentru a se informa despre \u00eemprejur\u0103rile \u00een care a avut loc s\u00e2mb\u0103t\u0103 seara explozia de pe bulevardul Ter\u00e9z din Budapeste. Guvernul a solicitat ca &#8220;toat\u0103 lumea s\u0103 dea dovad\u0103 de o atitudine responsabil\u0103&#8221;. Dup\u0103 r\u0103nirea grav\u0103 a doi poli\u0163i\u015fti, Poli\u0163ia a instituit unele m\u0103suri speciale. Primele informa\u0163ii oficiale au ap\u0103rut cu o oarecere \u00eent\u00e2rziere, ceea ce a creat o stare de nesiguran\u0163\u0103 \u00een r\u00e2ndul cet\u0103\u0163enilor. <!--more-->Potrivit unui expert \u00een explozibili, s\u00e2mb\u0103t\u0103 a avut loc o explozie cu bomb\u0103 artizanal\u0103, ceea ce nu este caracteristic terori\u015ftilor. A fost demarat\u0103 o anchet\u0103 \u00a0din cauza atacului lansat \u00eempotriva poli\u0163i\u015ftilor, a declarat \u015feful poli\u0163iei ungare, K\u00e1roly Papp, la o conferin\u0163\u0103 de pres\u0103 sus\u0163inut\u0103 duminic\u0103. El a precizat c\u0103 \u0163inta exploziei a fost patrula de poli\u0163ie din acea zon\u0103, dar \u015fi \u00eentreaga poli\u0163ie ungar\u0103. Inten\u0163ia era lichidarea oamenilor \u00een uniform\u0103,a mai spus K\u00e1roly Papp. \u00cen prezent sunt verificate 145 de camere de supraveghere. Totodat\u0103 s-a dispus, la nivel na\u0163ional, verificarea tuturor materialelor explozive , patrularea \u00een trenuri precum \u015fi efectuarea unor controale la frontier\u0103. Poli\u0163ia ungar\u0103 ofer\u0103 o recompens\u0103 de 10 milioane de forin\u0163i (aproximativ 30.000 de euro &#8211; n.r.) pentru informa\u0163ii care vor conduce la suspect. \u00cen ciuda faptului c\u0103 sunt instalate 145 de camere de supraveghere, poli\u0163ia nu a publicat nicio imagine cu persoana suspect\u0103, ci doar a anun\u0163at c\u0103 suspectul are \u00een\u0103l\u0163imea de 1,70 m, v\u00e2rsta \u00eentre 20-25 de ani \u00a0\u015fi purta o \u015fapc\u0103 de pescar deschis\u0103 la culoare, o geac\u0103 de culoare \u00eenchis\u0103, blugi \u015fi \u00eenc\u0103l\u0163\u0103minte sport alb\u0103. Ancheta va fi condus\u0103 de Procuratura General\u0103 din Budapesta. De men\u0163ionat c\u0103 explozia a avut loc s\u00e2mb\u0103t\u0103, \u00eentr-un magazin de la parterul unui bloc situat la intersec\u0163ia bulevardului Ter\u00e9z cu strada Kir\u00e1lyi. \u00cen urma detona\u0163iei, doi poli\u00e2i\u015fti care patrulau \u00een zon\u0103 au fost gravi r\u0103ni\u0163i. Potrivit unor informa\u0163ii , una din victime, o poli\u0163ist\u0103, se afl\u0103 \u00een stare critic\u0103. Poli\u0163ia a \u00eenchis zona unde a avut loc explozia. Se presupune c\u0103 tentativa de asasinat \u00eempotriva poli\u0163i\u015ftilor a fost s\u0103v\u00e2r\u015fit\u0103 cu o bomb\u0103 artizanal\u0103 cu cuie pentru a avea un efect de distrugere mai mare.<\/p>\n<p style=\"text-align: justify;\">\u00a0Sursa: nepszava.hu<\/p>\n<p style=\"text-align: justify;\">Traducerea: P\u00e9terffy T\u00fcnde<\/p>\n<p style=\"text-align: justify;\">Foto:index.hu<\/p>\n","protected":false},"excerpt":{"rendered":"<p>Luni se va \u00eentruni Comisia parlamentar\u0103 pentu siguran\u0163a na\u0163ional\u0103 pentru a se informa despre \u00eemprejur\u0103rile \u00een care a avut loc s\u00e2mb\u0103t\u0103 seara explozia <\/p>\n","protected":false},"author":1,"featured_media":1816,"comment_status":"open","ping_status":"open","sticky":false,"template":"","format":"standard","meta":{"footnotes":""},"categories":[1],"tags":[],"class_list":["post-1815","post","type-post","status-publish","format-standard","has-post-thumbnail","hentry","category-fara-categorie"],"_links":{"self":[{"href":"https:\/\/hatarok-nelkul.com\/ro\/index.php?rest_route=\/wp\/v2\/posts\/1815","targetHints":{"allow":["GET"]}}],"collection":[{"href":"https:\/\/hatarok-nelkul.com\/ro\/index.php?rest_route=\/wp\/v2\/posts"}],"about":[{"href":"https:\/\/hatarok-nelkul.com\/ro\/index.php?rest_route=\/wp\/v2\/types\/post"}],"author":[{"embeddable":true,"href":"https:\/\/hatarok-nelkul.com\/ro\/index.php?rest_route=\/wp\/v2\/users\/1"}],"replies":[{"embeddable":true,"href":"https:\/\/hatarok-nelkul.com\/ro\/index.php?rest_route=%2Fwp%2Fv2%2Fcomments&post=1815"}],"version-history":[{"count":4,"href":"https:\/\/hatarok-nelkul.com\/ro\/index.php?rest_route=\/wp\/v2\/posts\/1815\/revisions"}],"predecessor-version":[{"id":1820,"href":"https:\/\/hatarok-nelkul.com\/ro\/index.php?rest_route=\/wp\/v2\/posts\/1815\/revisions\/1820"}],"wp:featuredmedia":[{"embeddable":true,"href":"https:\/\/hatarok-nelkul.com\/ro\/index.php?rest_route=\/wp\/v2\/media\/1816"}],"wp:attachment":[{"href":"https:\/\/hatarok-nelkul.com\/ro\/index.php?rest_route=%2Fwp%2Fv2%2Fmedia&parent=1815"}],"wp:term":[{"taxonomy":"category","embeddable":true,"href":"https:\/\/hatarok-nelkul.com\/ro\/index.php?rest_route=%2Fwp%2Fv2%2Fcategories&post=1815"},{"taxonomy":"post_tag","embeddable":true,"href":"https:\/\/hatarok-nelkul.com\/ro\/index.php?rest_route=%2Fwp%2Fv2%2Ftags&post=1815"}],"curies":[{"name":"wp","href":"https:\/\/api.w.org\/{rel}","templated":true}]}}