{"id":1821,"date":"2016-09-29T07:21:10","date_gmt":"2016-09-29T04:21:10","guid":{"rendered":"http:\/\/hatarok-nelkul.com\/ro\/?p=1821"},"modified":"2016-09-29T07:21:29","modified_gmt":"2016-09-29T04:21:29","slug":"interviu-cu-presedintele-fuen-lorant-vincze","status":"publish","type":"post","link":"https:\/\/hatarok-nelkul.com\/ro\/?p=1821","title":{"rendered":"Interviu cu pre\u015fedintele FUEN, Lor\u00e1nt Vincze"},"content":{"rendered":"<p style=\"text-align: justify;\"><a href=\"https:\/\/hatarok-nelkul.com\/ro\/wp-content\/uploads\/2016\/09\/vincze.jpg\"><img loading=\"lazy\" decoding=\"async\" class=\"alignleft size-thumbnail wp-image-1822\" alt=\"vincze\" src=\"https:\/\/hatarok-nelkul.com\/ro\/wp-content\/uploads\/2016\/09\/vincze-150x150.jpg\" width=\"150\" height=\"150\" \/><\/a>Curtea European\u0103 de Justi\u0163ie, cu sediul la Luxemburg, a dezb\u0103tut recent recursul care a fost \u00eenaintat \u00een urma refuzului Comisiei Europene, \u00een septembrie 2013, de a \u00eenregistra Ini\u0163iativa Cet\u0103\u0163eneasc\u0103 European\u0103 pentru protec\u0163ia minorit\u0103\u0163ilor na\u0163ionale Minority SafePack .<\/p>\n<p style=\"text-align: justify;\">La proces a participat \u015fi pre\u015fedintele Uniunii Federative a Na\u0163ionalit\u0103\u0163ilor\u00a0 Europene (FUEN), Lor\u00e1nt Vincze.<!--more--><\/p>\n<p style=\"text-align: justify;\"><strong>\u201c<\/strong>\u00cen cursul procesului a de venit clar c\u0103, \u00een conformitate cu normele UE, majoritarea propunerilor noastre pot fi acceptate, iar Comisia European\u0103 ar fi fost obligat\u0103 s\u0103 ia \u00een considerare \u00eenainte s\u0103 resping\u0103 \u00eentregul pachet de propuneri&#8221;, a declarat pre\u015fedintele FUEN, Lor\u00e1nt Vincze.<\/p>\n<p style=\"text-align: justify;\">\u201cNoi ne bucur\u0103m c\u0103 \u00een sf\u00e2r\u015fit s-a creat posibilitatea pentru a ne prezenta \u00een fa\u0163a unei institu\u0163ii a UE acest pachet de propuneri\u201d, a afirmat portalului nostru Lor\u00e1nt Vincze.<\/p>\n<p style=\"text-align: justify;\">Executivul de la Bruxelles nu a luat \u00een considerare c\u00e2nd a respins ICE Minority SafePack c\u0103 ini\u0163iatorii accept\u0103 \u015fi \u00eenregistrarea par\u0163ial\u0103 a pachetului legislativ.<\/p>\n<p style=\"text-align: justify;\">La \u00eentrebarea, care sunt acele teme din cele 20 c\u00e2t cuprinde pachetul de propuneri care ar trebui s\u0103 fie \u00eenregistrate de Comisia European\u0103, pre\u015fedintele FUEN a precizat:<\/p>\n<p style=\"text-align: justify;\">\u201cNe-am grupat propunerile noastre \u00een opt teme \u015fi le-am l\u0103sat la aprecierea Comisiei Europene. Am considerat c\u0103, dac\u0103 ei cred c\u0103 unele propuneri nu se \u00eencadreaz\u0103 \u00een competen\u0163ele CE, s\u0103 nu fie luate \u00een considerare, iar celelalte s\u0103 fie \u00eenregistrate. Datorit\u0103 lipsei delimit\u0103rii &#8211; elemente adecvate, neadecvate \u2013 (din cadrul pachetului legislativ propus de Minority SafePack) a fost imposibil ca ini\u0163iatorii s\u0103 elaboreze o nou\u0103 propunere sau s\u0103 aduc\u0103 modific\u0103ri asupra acestei ini\u0163iative. Astfel, cet\u0103\u0163enii europeni nu au fost ajuta\u0163i pentru a promova acest mijloc \u00een vederea propunerii unui act juridic \u00een cadrul UE, \u00eembun\u0103t\u0103\u0163ind astfel legisla\u0163ia UE, ci au f\u0103cut imposibil ca noi s\u0103 ac\u0163ion\u0103m \u00een continuare, deoarece nu ne-au dat un r\u0103spuns clar, cinstit\u201d.<\/p>\n<p style=\"text-align: justify;\">Dup\u0103 cum se \u015ftie, Slovacia \u015fi Rom\u00e2nia au intrat \u00een acest proces de partea Comisiei Europene. Reprezentantul Slovaciei nu s-a prezentat la proces.<\/p>\n<p style=\"text-align: justify;\">La \u00eentrebarea, cum \u015fi-a motivat Slovacia\u00a0 absen\u0163a sa, respectiv cum \u015fi-a argumentat reprezentantul Rom\u00e2niei opozi\u0163ia fa\u0163\u0103 de \u00eenregistrarea acestui pachet de ini\u0163iative, Lor\u00e1nt Vinze a r\u0103spuns:<\/p>\n<p style=\"text-align: justify;\">\u201cReprezentantul Slovaciei nu s-a prezentat, nu trebuia s\u0103 \u00ee\u015fi motiveze absen\u0163a. Iar \u00een ceea ce prive\u015fte pe reprezentantul Rom\u00e2niei, acesta a f\u0103cut o declara\u0163ie politic\u0103. Dup\u0103 aprecierile noastre, am auzit o argumentare juridic\u0103. De fapt a avertizat cu pruden\u0163\u0103 Comisia European\u0103 cu privire la acceptarea recursului, deoarece astfel \u2013 \u00een opinia sa &#8211; s-ar crea posibilitatea pentru a demara aceast\u0103 ini\u0163iativ\u0103. Reprezentantul Rom\u00e2niei a sus\u0163inut c\u0103 \u00een cazul accept\u0103rii unei reglement\u0103ri privind minorit\u0103\u0163ile na\u0163ionale la nivel UE, aceasta ar avea consecin\u0163e grave asupra UE \u015fi asupra \u0163\u0103rilor na\u0163ionale. A spus c\u0103 nici nu ar trebui s\u0103 se discute de fond despre diferitele propuneri, ci ar trebui observat c\u0103 scopul final este adoptarea \u00een cadrul UE a unei legisla\u0163ii favorabile pentru minorit\u0103\u0163i, ceea ce nu ar avea nicio consecin\u0163\u0103. Desigur, noi nu am \u00een\u0163eles ce ar putea s\u0103 se \u00eent\u00e2mple \u00een Europa \u00een cazul \u00een care minorit\u0103\u0163ile ar fi protejate printr-o lege european\u0103. De aici rezult\u0103 c\u0103 Rom\u00e2nia se teme de fapt de tot ceea ce \u00eenseamn\u0103 protec\u0163ia minorit\u0103\u0163ilor. De fapt, toat\u0103 lumea ar trebui s\u0103 \u00ee\u015fi dea seama c\u0103 Rom\u00e2nia nu este tocmai un model din punctul de vedere al protec\u0163iei minorit\u0103\u0163ilor\u201d.<\/p>\n<p style=\"text-align: justify;\">La \u00eentrebarea, ce p\u0103rerea are ce decizie va adopta\u00a0 peste cinci luni Curtea de la Luxemburg, interlocutorul nostru a r\u0103spuns:<\/p>\n<p style=\"text-align: justify;\">\u201cNu pot s\u0103 v\u0103 spun acum. Suntem preg\u0103ti\u0163i pentru orice rezultat final, dar suntem optimi\u015fti, deoarece la aceast\u0103 audiere s-a demonstrat f\u0103r\u0103 echivoc c\u0103 \u00een aceste chestiuni formale noi avem dreptate \u015fi c\u0103 am \u00eenaintat recursul nostru \u00een mod justificat\u201d.<\/p>\n<p style=\"text-align: justify;\">La observa\u0163ia noastr\u0103, dac\u0103 Curtea de la Luxembrug va respinge recursul cum vor proceda, Lorant Vincze a spus:<\/p>\n<p style=\"text-align: justify;\">\u201eTrebuie s\u0103 a\u015ftept\u0103m motivarea cur\u0163ii \u015fi dup\u0103 acea, dac\u0103 va fi cazul, tot mai r\u0103m\u00e2ne o cale pentru un alt recurs. A\u015fa cum v-am spus, trebuie s\u0103 vedem exact care sunt domeniile pentru care merit\u0103 s\u0103 mergem mai departe, \u015fi atunci merit\u0103 s\u0103 ne g\u00e2ndim chiar \u015fi la o ini\u0163iativ\u0103 \u00een cadrul UE, dar nu a\u015f anticipa decizia ini\u0163iatorilor, deoarece, deocamdat\u0103, cazul trebuie s\u0103 fie judecat de aceast\u0103 instan\u0163\u0103\u201d.<\/p>\n<p style=\"text-align: justify;\">La \u00eentrebarea cum comenteaz\u0103 afirma\u0163ia ministrului luxemburghez de externe cu privire la excluderea Ungariei din UE, pre\u015fedintele FUEN a men\u0163ionat:<\/p>\n<p style=\"text-align: justify;\">\u201eCred c\u0103 lumea a \u015fi uitat aceast\u0103 afirma\u0163ie. Suntem \u00eentr-o perioad\u0103 \u00een care tensiunile s-au intensificat, iar unii politicieni se lanseaz\u0103 \u00een afirma\u0163ii iresponsabile. Aceast\u0103 afirma\u0163ie nu are nicio baz\u0103 juridic\u0103, to\u0163i politicienii responsabili din UE au declarat c\u0103 nu va avea nicio conseci\u0163\u0103 aceast\u0103 afirma\u0163ie. O putem numi\u00a0 o declara\u0163ie a unui ministru de externe frustrat, al unui stat mic, a\u015fa cum este \u015fi Luxemburg\u201d.<\/p>\n<p style=\"text-align: justify;\">De men\u0163ionat c\u0103 Ini\u0163iativa Civic\u0103 European\u0103 &#8220;Minority SafePack&#8221; a fost depus\u0103 \u00een iulie 2013, de membrii comitetului de ini\u0163iativ\u0103, respectiv Hans Heinrich Hansen, pre\u015fedintele FUEN, Kelemen Hunor, pre\u015fedintele UDMR, Anke Spoorendonk, ministru \u00een Guvernul landului Schleswig-Holstein, Jannewietske de Vries, ministru \u00een Guvernul Provinciei Frizia &#8211; (Friesland), Karl-Heinz Lambertz, ministru-pre\u015fedinte al Comunit\u0103\u021bii Germane din Regatul Belgiei, Valentine Inzko, reprezentantul principal al Bosniei- Her\u021begovina la ONU, \u0219i Luis Durnwalder, guvernatorul provinciei autonome Tirolul de Sud.<\/p>\n<p style=\"text-align: justify;\">Comisia European\u0103 a respins \u00eenregistrarea acestei ini\u0163iative \u00een septembrie 2013. \u00cen urma acestei respingeri, ini\u0163iatorii ICE Minority SafePack au depus acest recurs, care a fost discutat s\u0103pt\u0103m\u00e2na trecut\u0103 la Luxemburg.<b><br \/>\n<\/b><\/p>\n<p style=\"text-align: justify;\">Interviu realizat de: Bal\u00e1zs Magdolna<\/p>\n<p style=\"text-align: justify;\">Foto:rmdsz.ro<\/p>\n<p>&nbsp;<\/p>\n","protected":false},"excerpt":{"rendered":"<p>Curtea European\u0103 de Justi\u0163ie, cu sediul la Luxemburg, a dezb\u0103tut recent recursul care a fost \u00eenaintat \u00een urma refuzului Comisiei Europene, \u00een septembrie <\/p>\n","protected":false},"author":1,"featured_media":1822,"comment_status":"open","ping_status":"open","sticky":false,"template":"","format":"standard","meta":{"footnotes":""},"categories":[1],"tags":[],"class_list":["post-1821","post","type-post","status-publish","format-standard","has-post-thumbnail","hentry","category-fara-categorie"],"_links":{"self":[{"href":"https:\/\/hatarok-nelkul.com\/ro\/index.php?rest_route=\/wp\/v2\/posts\/1821","targetHints":{"allow":["GET"]}}],"collection":[{"href":"https:\/\/hatarok-nelkul.com\/ro\/index.php?rest_route=\/wp\/v2\/posts"}],"about":[{"href":"https:\/\/hatarok-nelkul.com\/ro\/index.php?rest_route=\/wp\/v2\/types\/post"}],"author":[{"embeddable":true,"href":"https:\/\/hatarok-nelkul.com\/ro\/index.php?rest_route=\/wp\/v2\/users\/1"}],"replies":[{"embeddable":true,"href":"https:\/\/hatarok-nelkul.com\/ro\/index.php?rest_route=%2Fwp%2Fv2%2Fcomments&post=1821"}],"version-history":[{"count":2,"href":"https:\/\/hatarok-nelkul.com\/ro\/index.php?rest_route=\/wp\/v2\/posts\/1821\/revisions"}],"predecessor-version":[{"id":1824,"href":"https:\/\/hatarok-nelkul.com\/ro\/index.php?rest_route=\/wp\/v2\/posts\/1821\/revisions\/1824"}],"wp:featuredmedia":[{"embeddable":true,"href":"https:\/\/hatarok-nelkul.com\/ro\/index.php?rest_route=\/wp\/v2\/media\/1822"}],"wp:attachment":[{"href":"https:\/\/hatarok-nelkul.com\/ro\/index.php?rest_route=%2Fwp%2Fv2%2Fmedia&parent=1821"}],"wp:term":[{"taxonomy":"category","embeddable":true,"href":"https:\/\/hatarok-nelkul.com\/ro\/index.php?rest_route=%2Fwp%2Fv2%2Fcategories&post=1821"},{"taxonomy":"post_tag","embeddable":true,"href":"https:\/\/hatarok-nelkul.com\/ro\/index.php?rest_route=%2Fwp%2Fv2%2Ftags&post=1821"}],"curies":[{"name":"wp","href":"https:\/\/api.w.org\/{rel}","templated":true}]}}