{"id":1831,"date":"2016-09-30T08:23:28","date_gmt":"2016-09-30T05:23:28","guid":{"rendered":"http:\/\/hatarok-nelkul.com\/ro\/?p=1831"},"modified":"2016-09-30T09:39:49","modified_gmt":"2016-09-30T06:39:49","slug":"ministerul-libian-de-externe-a-criticat-ideea-premierului-ungariei-privind-infiintarii-unui-oras-gigantic-pentru-imigranti","status":"publish","type":"post","link":"https:\/\/hatarok-nelkul.com\/ro\/?p=1831","title":{"rendered":"Ministerul libian de Externe a criticat ideea premierului Ungariei privind \u00eenfiin\u0163area unui &#8220;ora\u015f gigantic pentru imigran\u0163i&#8221;"},"content":{"rendered":"<p style=\"text-align: justify;\"><a href=\"https:\/\/hatarok-nelkul.com\/ro\/wp-content\/uploads\/2016\/09\/L\u00edbia-kiakadt.jpg\"><img loading=\"lazy\" decoding=\"async\" class=\"alignleft size-thumbnail wp-image-1832\" alt=\"L\u00edbia kiakadt\" src=\"https:\/\/hatarok-nelkul.com\/ro\/wp-content\/uploads\/2016\/09\/L\u00edbia-kiakadt-150x150.jpg\" width=\"150\" height=\"150\" \/><\/a>Ministerul de Externe al Guvernul de uniune din Libia a criticat, \u00eentr-un comunicat, ideea lansat\u0103 de premierul Ungariei, Viktor Orb\u00e1n, potrivit c\u0103ruia pe litoralul acestei \u0163\u0103ri nord-africane ar trebui \u00eenfiin\u0163at &#8220;un ora\u015f gigantic pentru imigran\u0163i&#8221;, unde &#8220;vor trebui du\u015fi \u00eenapoi&#8221; imigran\u0163ii ilegali care au venit de aici \u00een Europa. Potrivit comunicatului dat publicit\u0103\u0163ii la Tripoli, din care Agen\u0163ia spaniol\u0103 de Pres\u0103 EFE a citat mar\u0163i unele pasaje, Guvernul libian solicit\u0103, printre altele, ca Ungaria \u015fi Uniunea European\u0103 &#8220;s\u0103 nu transfere propriile lor probleme Libiei,<!--more--> \u00een special \u00een vremuri \u00een care Libia se confrunt\u0103 cu mai multe suferin\u0163e dec\u00e2t celalalte \u0163\u0103ri&#8221;. Comunicatul mai solicit\u0103 \u015fi <b>respectarea independen\u0163ei na\u0163ionale \u015fi integritatea teritorial\u0103 a Libiei<\/b>. Potrivit autorit\u0103\u0163ilor de la Tripoli, propunerea premierului ungar \u00eencalc\u0103 normele interna\u0163ionale. Conducerea libian\u0103 a dat de \u00een\u0163eles c\u0103 declara\u0163ia premierului Ungariei &#8220;nu este \u00een concordan\u0163\u0103 cu interesele Libiei&#8221;, anume de a colabora cu Ungaria, \u015fi nici cu cele ale \u00een UE, \u00een general&#8221;. Autorit\u0103\u0163ile de la Tripoli au precizat c\u0103 problematica privind imigrarea ilegal\u0103 este foarte ramificat\u0103 \u015fi au propus organizarea pe aceast\u0103 tem\u0103 a unui summit interna\u0163ional, sub egida ONU. La aceast\u0103 reuniune ar trebui s\u0103 participe \u0163\u0103rile din care pornesc la drum imigran\u0163ii, t\u0103rile de tranzit \u015fi \u0163\u0103rile \u0163int\u0103, se mai arat\u0103 \u00een comunicat, potrivit c\u0103ruia \u00een cadrul summit-ului ar trebui stabilit\u0103 acordarea de asisten\u0163\u0103 pentru realizarea programelor de dezvoltare care ar crea noi locuri de munc\u0103 \u00een \u0163\u0103rile de origine, precum \u015fi cadrul necesar pentru dezvoltare sustenabil\u0103 p\u00e2n\u0103 la sf\u00e2r\u015fitul deceniilor viitoare.<\/p>\n<p style=\"text-align: justify;\">Premierul Viktor Orb\u00e1n a amintit la summit-ul privind migra\u0163ia care a avut loc la sf\u00e2r\u015fitul s\u0103pt\u0103m\u00e2nii trecute, la Viena, c\u0103 Germania \u015fi Austria au probleme, dup\u0103 ce pe teritoriile lor au intrat peste un milion de imigran\u0163i. Premierul ungar a ad\u0103ugat c\u0103 ar trebui depuse eforturi pentru a &#8220;scoate afar\u0103&#8221; pe ace\u015fti oameni de pe teritoriul Uniunii Europene. Viktor Orb\u00e1n a pledat pentru stabilizarea situa\u0163ei din Libia \u015fi pentru unitatea acestei \u0163\u0103ri, apreciind c\u0103 \u00een lipsa acestora nu se poate \u00eenfiin\u0163a pe litoralul acestei \u0163\u0103ri din Africa de Nord &#8220;un ora\u015f gigantic pentru imigran\u0163i&#8221;, unde ar trebui du\u015fi \u00eenapoi imigran\u0163ii ilegali veni\u0163i \u00een Europa. La conferin\u0163a de pres\u0103 organizat\u0103 dup\u0103 \u00eent\u00e2lnirea de la Viena, premierul ungar a fost \u00eentrebat \u015fi despre Libia. \u00cen r\u0103spunsul s\u0103u, Viktor Orb\u00e1n a men\u0163ionat: Cu toate c\u0103 greutatea Ungariei nu o \u00eemputernice\u015fte pentru a g\u00e2ndi &#8220;\u00een asemenea dimensiuni&#8221;, \u00een opinia sa este inimaginabil ca litorarul libanez s\u0103 fie pus sub control extern pentru a acorda asisten\u0163\u0103 imigran\u0163ilor care vin spre Europa, chiar dac\u0103 nu se va reu\u015fi alc\u0103tuirea unui guvern unional. Dac\u0103 nu ne vom asuma toate acestea, atunci va trebui ridicat embargoul asupra armelor \u015fi va fi nevoie de un guvern libian care s\u0103 pun\u0103 la dispozi\u0163ie o por\u0163iune din litoralul \u0163\u0103rii \u00een vederea \u00eenfiin\u0163\u0103rii unei tabere de refugia\u0163i \u015fi va permite ca persoane armate venite din Europa s\u0103 apere aceast\u0103 tab\u0103r\u0103. Aceste solu\u0163ii sunt mai corecte \u015fi mai simple dec\u00e2t sistemul de cote \u015fi sunt mai armonizate cu legisla\u0163ia european\u0103&#8221;, a conchis premierul Ungariei.<\/p>\n<p style=\"text-align: justify;\">De men\u0163ionat c\u0103 dup\u0103 c\u0103derea fostului dictator al Libiei, Muammar al-Gaddafi, \u00een 2011, Libia s-a scufundat \u00een haos \u015fi a devenit prada mili\u0163iilor rivale. Din prim\u0103var\u0103, la Tripoli a fost format un guvern de uniune, datorit\u0103 ajutorului interna\u0163ional, dar puterea sa efectiv\u0103 este minim\u0103, iar \u00een Tobruk func\u0163ioneaz\u0103 \u00een continuare, \u00een paralel cu acest guvern, o structur\u0103 de putere nerecunsocut\u0103 la nivel interna\u0163ional, \u00een timp ce unele teritorii ale \u0163\u0103rii sunt controlate de diferite mili\u0163ii.<\/p>\n<p style=\"text-align: justify;\">Sursa: magyarhirlap<\/p>\n<p style=\"text-align: justify;\">Traducerea: P\u00e9terffy T\u00fcnde<\/p>\n<p style=\"text-align: justify;\">Foto: <a href=\"https:\/\/www.google.ro\/url?sa=i&amp;rct=j&amp;q=&amp;esrc=s&amp;source=images&amp;cd=&amp;cad=rja&amp;uact=8&amp;ved=0ahUKEwjS7-vZq7bPAhWBnhQKHTstB04QjB0IBg&amp;url=http%3A%2F%2Fpolusonline.blogspot.com%2F2016%2F09%2Flibia-kiakadt-orban-viktor.html&amp;psig=AFQjCNFcHTqkWmN40VblMGzxGZFeSc8MLQ&amp;ust=1475299135666307\" target=\"_blank\">polusonline.blogspot.com<\/a><\/p>\n","protected":false},"excerpt":{"rendered":"<p>Ministerul de Externe al Guvernul de uniune din Libia a criticat, \u00eentr-un comunicat, ideea lansat\u0103 de premierul Ungariei, Viktor Orb\u00e1n, potrivit c\u0103ruia pe <\/p>\n","protected":false},"author":1,"featured_media":1832,"comment_status":"open","ping_status":"open","sticky":false,"template":"","format":"standard","meta":{"footnotes":""},"categories":[1],"tags":[],"class_list":["post-1831","post","type-post","status-publish","format-standard","has-post-thumbnail","hentry","category-fara-categorie"],"_links":{"self":[{"href":"https:\/\/hatarok-nelkul.com\/ro\/index.php?rest_route=\/wp\/v2\/posts\/1831","targetHints":{"allow":["GET"]}}],"collection":[{"href":"https:\/\/hatarok-nelkul.com\/ro\/index.php?rest_route=\/wp\/v2\/posts"}],"about":[{"href":"https:\/\/hatarok-nelkul.com\/ro\/index.php?rest_route=\/wp\/v2\/types\/post"}],"author":[{"embeddable":true,"href":"https:\/\/hatarok-nelkul.com\/ro\/index.php?rest_route=\/wp\/v2\/users\/1"}],"replies":[{"embeddable":true,"href":"https:\/\/hatarok-nelkul.com\/ro\/index.php?rest_route=%2Fwp%2Fv2%2Fcomments&post=1831"}],"version-history":[{"count":4,"href":"https:\/\/hatarok-nelkul.com\/ro\/index.php?rest_route=\/wp\/v2\/posts\/1831\/revisions"}],"predecessor-version":[{"id":1840,"href":"https:\/\/hatarok-nelkul.com\/ro\/index.php?rest_route=\/wp\/v2\/posts\/1831\/revisions\/1840"}],"wp:featuredmedia":[{"embeddable":true,"href":"https:\/\/hatarok-nelkul.com\/ro\/index.php?rest_route=\/wp\/v2\/media\/1832"}],"wp:attachment":[{"href":"https:\/\/hatarok-nelkul.com\/ro\/index.php?rest_route=%2Fwp%2Fv2%2Fmedia&parent=1831"}],"wp:term":[{"taxonomy":"category","embeddable":true,"href":"https:\/\/hatarok-nelkul.com\/ro\/index.php?rest_route=%2Fwp%2Fv2%2Fcategories&post=1831"},{"taxonomy":"post_tag","embeddable":true,"href":"https:\/\/hatarok-nelkul.com\/ro\/index.php?rest_route=%2Fwp%2Fv2%2Ftags&post=1831"}],"curies":[{"name":"wp","href":"https:\/\/api.w.org\/{rel}","templated":true}]}}