{"id":1835,"date":"2016-09-30T09:27:08","date_gmt":"2016-09-30T06:27:08","guid":{"rendered":"http:\/\/hatarok-nelkul.com\/ro\/?p=1835"},"modified":"2016-09-30T09:27:20","modified_gmt":"2016-09-30T06:27:20","slug":"interviu-cu-deputatul-udmr-laszlo-borbely","status":"publish","type":"post","link":"https:\/\/hatarok-nelkul.com\/ro\/?p=1835","title":{"rendered":"Interviu cu deputatul UDMR L\u00e1szl\u00f3 Borb\u00e9ly"},"content":{"rendered":"<p style=\"text-align: justify;\"><a href=\"https:\/\/hatarok-nelkul.com\/ro\/wp-content\/uploads\/2016\/09\/borbely.jpg\"><img loading=\"lazy\" decoding=\"async\" class=\"alignleft size-thumbnail wp-image-1836\" alt=\"borbely\" src=\"https:\/\/hatarok-nelkul.com\/ro\/wp-content\/uploads\/2016\/09\/borbely-150x150.jpg\" width=\"150\" height=\"150\" \/><\/a>Cea mai mare organiza\u0163ie din lume pentru\u00a0 ap\u0103rarea drepturilor omului, Amnesty International, sus\u0163ine, \u00een raportul s\u0103u anual, c\u0103 Ungaria a fost cea care a respins implicarea sa \u00een procesul de solu\u0163ionare a crizei migra\u0163iei. Capitolul care se refer\u0103 la Ungaria, se axeaz\u0103 \u00een mod special cu privire la gardul de protec\u0163ie ridicat la frontiera sa de sud, precum \u015fi la declararea de c\u0103tre Guvernul ungar drept infrac\u0163iune trecerea grani\u0163ei \u00een mod ilegal.<\/p>\n<p style=\"text-align: justify;\">Despre acest raport l-am \u00eentrebat pe deputatul UDMR, L\u00e1szl\u00f3 Borb\u00e9ly, \u00een condi\u0163iile \u00een care aceast\u0103 organiza\u0163ie nu a atacat-o p\u00e2n\u0103 acum at\u00e2t de dur Ungaria.<!--more--><\/p>\n<p style=\"text-align: justify;\">\u201cEste evident c\u0103 aceast\u0103 organiza\u0163ie ap\u0103r\u0103 puternic drepturile omului. Anul trecut, Ungaria s-a aflat \u00eentr-o situa\u0163ie foarte special\u0103. Se \u015ftie, doar, c\u0103 ce s-a \u00eent\u00e2mplat \u00een luna august, c\u00e2nd peste 100 de mii de imigran\u0163i au traversat teritoriul Ungariei, iar \u00een situa\u0163ia dat\u0103 Guvernul ungar a adoptat aceste m\u0103suri. \u00cens\u0103, conform acordurilor interna\u0163ionale, imigran\u0163ii care dispun \u00een mod oficial de statut de refugiat trebuie s\u0103 fie primi\u0163i, ceea ce Ungaria nu a pus sub semnul \u00eentreb\u0103rii. \u00cen schimb, a adoptat o atitudine foare ferm\u0103 \u00eempotriva acelor imigran\u0163i care nu au putut dovedi c\u0103 au statut de refugiat. \u00cen ceea ce m\u0103 prive\u015fte, nu cred c\u0103 ridicarea gardurilor rezolv\u0103 aceast\u0103 problem\u0103, \u00eens\u0103, totu\u015fi, aceast\u0103 m\u0103sur\u0103 a contribuit la diminuarea valului de imigran\u0163i care venea spre Ungaria. \u00cen opinia mea, din p\u0103cate, UE nu a \u00eentreprins demersurile necesare pe care ar fi trebuit s\u0103 le \u00eentreprind\u0103 din timp pentru a preveni fluxul migra\u0163ionist\u201d, a precizat L\u00e1szl\u00f3 Borb\u00e9ly.<\/p>\n<p style=\"text-align: justify;\">Acest raport va avea efect asupra referendumului din Ungaria? \u00cen opinia dumneavoastr\u0103, care va fi rezultatul referendumului?<\/p>\n<p style=\"text-align: justify;\">\u201cSe \u015ftie d\u00e9j\u00e0 c\u0103 90% din popula\u0163ia Ungariei respinge propunerile UE. \u00cen afar\u0103 de aceasta mai exist\u0103 \u015fi sistemul de cote obligatorii cu care nici Rom\u00e2nia nu a fost de acord. Nu a fost de acord cu redistribuirea matematic\u0103 a imigran\u0163ilor. Rom\u00e2nia a primit 130 de imigran\u0163i, ceea ce a fost votat cu majoritate \u00een UE. AI \u015fi-a exprimat opinia \u00een domeniul ap\u0103r\u0103rii drepturilor omului, \u00eens\u0103, din p\u0103cate, sunt multe \u00eentreb\u0103ri de natur\u0103 birocratic\u0103. De exemplu, Rom\u00e2nia poate primi practic 6.300 de imigran\u0163i \u2013 cu aceasta a fost de acord UE &#8211; , din care timp de jum\u0103tate de an au venit doar 130, din Grecia \u015fi Italia. A\u015fadar, exist\u0103 o problem\u0103 \u00een momentul \u00een care trebuie s\u0103 fie \u00eenregistra\u0163i. Ei au tr\u0103it ani de zile \u00een Italia sau Grecia, iar cu acest argument i-ar fi putut redirec\u0163iona \u00eenapoi \u00een aceste \u0163\u0103ri. Din c\u00e2te \u015ftiu, din cei 130 de imigran\u0163i cel pu\u0163in 125 au spus c\u0103 vor s\u0103 mearg\u0103 mai departe. Aceasta este o problem\u0103 care nu \u015ftiu cum va fi solu\u0163ionat\u0103 c\u00e2ndva\u201d.<\/p>\n<p style=\"text-align: justify;\">A\u0163i anun\u0163at c\u0103 la alegerile parlamentare nu ve\u0163i intra \u00een competi\u0163ie pentru un nou mandat de deputat. De ce a\u0163i decis astfel \u015fi ce ve\u0163i face \u00een viitor?<\/p>\n<p style=\"text-align: justify;\">\u201c\u00cen acest sens am luat decizia \u00een urm\u0103 cu doi ani. M\u0103 bucur c\u0103 timp de 26 de ani am avut ocazia s\u0103 fac ceea ce am f\u0103cut \u00een diferite func\u0163ii de mare responsabilitate pe care le-am \u00eendeplinit \u015fi sper c\u0103 am fost util. Trebuie s\u0103 v\u0103 spun c\u0103 multe lucruri nu-mi plac pe e\u015fichierul politic, \u015fi a contribuit \u015fi acest aspect la decizia mea. Desigur, este firesc ca dup\u0103 26 de ani s\u0103 se produc\u0103 o asemenea schimbare. \u00cen jude\u0163ul Mure\u015f exist\u0103 o echip\u0103 foarte variat\u0103 care, sunt sigur, va reu\u015fi s\u0103 duc\u0103 mai departe ceea ce noi am \u00eenceput \u015fi construit p\u00e2n\u0103 \u00een prezent. Este o nou\u0103 perioad\u0103 care a trebuit s\u0103 vin\u0103\u201d, a spus L\u00e1szl\u00f3 Borb\u00e9ly.<\/p>\n<p style=\"text-align: justify;\">V\u0103 retrage\u0163i de tot din via\u0163a politic\u0103?<\/p>\n<p style=\"text-align: justify;\">\u201cDa. Voi r\u0103m\u00e2ne ca simplu membru al UDMR, doar at\u00e2t \u015fi nimic mai mult. Am renun\u0163at la toate func\u0163iile din cadrul UDMR, ceea ce nu \u00eenseamn\u0103 c\u0103 nu \u00eei voi ajuta pe cei care vor urma dup\u0103 mine\u201d.<\/p>\n<p style=\"text-align: justify;\">A fost greu s\u0103 lua\u0163i aceast\u0103 decizie?<\/p>\n<p style=\"text-align: justify;\">\u201cNu a fost u\u015for, iar acum \u00eencerc s\u0103 m\u0103 \u00eendep\u0103rtez \u00eencet de politic\u0103, dar deocamdat\u0103 nu prea reu\u015fesc. Dar, este clar c\u0103 a\u015fa trebuie s\u0103 procedez \u00een viitor. Evident, c\u0103 anumite capitole din via\u0163a noastr\u0103 trebuie s\u0103 le \u00eencheiem\u201d, a conchis deputatul UDMR L\u00e1szl\u00f3 Borb\u00e9ly.<\/p>\n<p style=\"text-align: justify;\">A\u015fa este, \u00eentreaga noastr\u0103 via\u0163\u0103 este alc\u0103tuit\u0103 din capitole\u2026<\/p>\n<p style=\"text-align: justify;\">Interviu realizat de: Bal\u00e1zs Magdolna<\/p>\n<p style=\"text-align: justify;\">Foto:www.rfi.ro<\/p>\n","protected":false},"excerpt":{"rendered":"<p>Cea mai mare organiza\u0163ie din lume pentru\u00a0 ap\u0103rarea drepturilor omului, Amnesty International, sus\u0163ine, \u00een raportul s\u0103u anual, c\u0103 Ungaria a fost cea care <\/p>\n","protected":false},"author":1,"featured_media":1836,"comment_status":"open","ping_status":"open","sticky":false,"template":"","format":"standard","meta":{"footnotes":""},"categories":[1],"tags":[],"class_list":["post-1835","post","type-post","status-publish","format-standard","has-post-thumbnail","hentry","category-fara-categorie"],"_links":{"self":[{"href":"https:\/\/hatarok-nelkul.com\/ro\/index.php?rest_route=\/wp\/v2\/posts\/1835","targetHints":{"allow":["GET"]}}],"collection":[{"href":"https:\/\/hatarok-nelkul.com\/ro\/index.php?rest_route=\/wp\/v2\/posts"}],"about":[{"href":"https:\/\/hatarok-nelkul.com\/ro\/index.php?rest_route=\/wp\/v2\/types\/post"}],"author":[{"embeddable":true,"href":"https:\/\/hatarok-nelkul.com\/ro\/index.php?rest_route=\/wp\/v2\/users\/1"}],"replies":[{"embeddable":true,"href":"https:\/\/hatarok-nelkul.com\/ro\/index.php?rest_route=%2Fwp%2Fv2%2Fcomments&post=1835"}],"version-history":[{"count":3,"href":"https:\/\/hatarok-nelkul.com\/ro\/index.php?rest_route=\/wp\/v2\/posts\/1835\/revisions"}],"predecessor-version":[{"id":1839,"href":"https:\/\/hatarok-nelkul.com\/ro\/index.php?rest_route=\/wp\/v2\/posts\/1835\/revisions\/1839"}],"wp:featuredmedia":[{"embeddable":true,"href":"https:\/\/hatarok-nelkul.com\/ro\/index.php?rest_route=\/wp\/v2\/media\/1836"}],"wp:attachment":[{"href":"https:\/\/hatarok-nelkul.com\/ro\/index.php?rest_route=%2Fwp%2Fv2%2Fmedia&parent=1835"}],"wp:term":[{"taxonomy":"category","embeddable":true,"href":"https:\/\/hatarok-nelkul.com\/ro\/index.php?rest_route=%2Fwp%2Fv2%2Fcategories&post=1835"},{"taxonomy":"post_tag","embeddable":true,"href":"https:\/\/hatarok-nelkul.com\/ro\/index.php?rest_route=%2Fwp%2Fv2%2Ftags&post=1835"}],"curies":[{"name":"wp","href":"https:\/\/api.w.org\/{rel}","templated":true}]}}