{"id":1846,"date":"2016-10-04T23:27:32","date_gmt":"2016-10-04T20:27:32","guid":{"rendered":"http:\/\/hatarok-nelkul.com\/ro\/?p=1846"},"modified":"2016-10-04T23:27:47","modified_gmt":"2016-10-04T20:27:47","slug":"unul-dintre-intemeietorii-jobbik-csanad-szegedi-se-pregateste-sa-emigreze-in-israel","status":"publish","type":"post","link":"https:\/\/hatarok-nelkul.com\/ro\/?p=1846","title":{"rendered":"Unul dintre \u00eentemeietorii Jobbik, Csan\u00e1d Szegedi, se preg\u0103te\u015fte s\u0103 emigreze \u00een Israel"},"content":{"rendered":"<p style=\"text-align: justify;\"><a href=\"https:\/\/hatarok-nelkul.com\/ro\/wp-content\/uploads\/2016\/10\/szegedi.jpeg\"><img loading=\"lazy\" decoding=\"async\" class=\"alignleft size-thumbnail wp-image-1847\" alt=\"szegedi\" src=\"https:\/\/hatarok-nelkul.com\/ro\/wp-content\/uploads\/2016\/10\/szegedi-150x150.jpeg\" width=\"150\" height=\"150\" \/><\/a>Fostul vicepre\u015fedinte \u015fi europarlamentar al partidului de extrem\u0103-dreapt\u0103 Jobbik, unul din fondatorii G\u0103rzii Maghiare, Csan\u00e1d Szegedi, vrea s\u0103 emigreze \u00een Israel, a informat recent portalul Jerusalem Post, potrivit c\u0103ruia fostul politician a\u015fteapt\u0103 cu ner\u0103bdare clipa \u00een care va putea lupta, de aceast\u0103 dat\u0103 ca cet\u0103\u0163ean israelian, \u00eempotriva antisemitismului interna\u0163ional.<!--more--><\/p>\n<p style=\"text-align: justify;\">Inten\u0163ia sa de a emigra, \u00eempreun\u0103 cu so\u0163ia sa \u015fi cu cei doi copii, \u00een Israel, a fost anun\u0163at\u0103 de Csan\u00e1d Szegedi la Conferin\u0163a Organiza\u0163iei Mondiale Sioniste, care a avut loc recent, la Budapesta. Despre decizia sa, Szegedi vorbit \u00een cadrul unui interviu acordat ziarului israelian Maariv. \u201eIsraelul este o \u0163ar\u0103 minunat\u0103, iar existen\u0163a evreiasc\u0103 are mai multe elemente pozitive dec\u00e2t negative. Cred c\u0103 fiecare evreu din diaspor\u0103 ajunge o dat\u0103 \u00een via\u0163a \u00een situa\u0163ia \u00een care reflect\u0103 asupra emigr\u0103rii. Pentru un evreu este cel mai mare cadou existen\u0163a Statului Israel, \u015fi, dup\u0103 co\u015fmarul tr\u0103it de familia mea \u00een timpul Holocaustului, doresc mult s\u0103 fiu parte a acelui vis care pentru noi \u00eenseamn\u0103 Israelul\u201d, a declarat cu o admira\u0163ie imens\u0103 fostul politician Jobbik, \u00een v\u00e2rst\u0103 de 34 de ani.<\/p>\n<p style=\"text-align: justify;\">Csan\u00e1d Szegedi a mai men\u0163ionat c\u0103 dup\u0103 emigrare va c\u0103uta imediat o organiza\u0163ie \u00een care s\u0103 poat\u0103 lupta \u00eempotriva antisemitismului. \u00cenc\u0103 nu \u015ftie dac\u0103 va intra \u00een politica israelian\u0103, dar are un \u00eendemn \u00een acest sens. Cu toate documentele este \u00een ordine, iar acum a\u015fteapt\u0103 \u00eempreun\u0103 cu familia sa aprobarea autorit\u0103\u0163ilor israeliene la solicitarea pentru dob\u00e2ndirea cet\u0103\u0163eniei israeliene, a ad\u0103ugat Szegedi.<\/p>\n<p style=\"text-align: justify;\">Organizatorul Organiza\u0163iei Mondiale Sioniste, Jakov Hagoel, a salutat decizia lui Csan\u00e1d Szegedi. \u00cen opinia sa, istoria lui Szegedi \u201eare un efect de inspira\u0163ie\u201d \u00een acea Ungarie \u00een care \u2013 potrivit unor raporturi din trecutul apropiat \u2013 35% din popula\u0163ie este antisemit\u0103, mai cu seam\u0103 c\u0103 este vorba despre un politician care \u00een urm\u0103 cu c\u00e2\u0163iva ani \u00eenc\u0103 instiga \u00een Parlamentul Ungariei \u00eempotriva evreilor.<\/p>\n<p style=\"text-align: justify;\">Al\u0163ii au fost mai pu\u0163in toleran\u0163i fa\u0163\u0103 de prezen\u0163a lui Csan\u00e1d Szegedi la conferin\u0163\u0103 din Budapesta. Liderul celei mai mari organiza\u0163ii evreie\u015fti din Ungaria, Andr\u00e1s Heisler, \u015fi-a exprimat public nemul\u0163umirea din cauz\u0103 c\u0103 \u00een a doua zi a conferin\u0163ei, lucr\u0103rile pe sec\u0163iuni au fost conduse \u201ede un fost politician cu care un reprezentant oficial al Statului Israel a refuzat s\u0103 se \u00eent\u00e2lneasc\u0103\u201d.<\/p>\n<p style=\"text-align: justify;\">Traducerea: P\u00e9terffy T\u00fcnde<\/p>\n<p style=\"text-align: justify;\">Sursa: nol.hu<\/p>\n<p style=\"text-align: justify;\">Foto:hirek.ma<\/p>\n","protected":false},"excerpt":{"rendered":"<p>Fostul vicepre\u015fedinte \u015fi europarlamentar al partidului de extrem\u0103-dreapt\u0103 Jobbik, unul din fondatorii G\u0103rzii Maghiare, Csan\u00e1d Szegedi, vrea s\u0103 emigreze \u00een Israel, a informat <\/p>\n","protected":false},"author":1,"featured_media":1847,"comment_status":"open","ping_status":"open","sticky":false,"template":"","format":"standard","meta":{"footnotes":""},"categories":[1],"tags":[],"class_list":["post-1846","post","type-post","status-publish","format-standard","has-post-thumbnail","hentry","category-fara-categorie"],"_links":{"self":[{"href":"https:\/\/hatarok-nelkul.com\/ro\/index.php?rest_route=\/wp\/v2\/posts\/1846","targetHints":{"allow":["GET"]}}],"collection":[{"href":"https:\/\/hatarok-nelkul.com\/ro\/index.php?rest_route=\/wp\/v2\/posts"}],"about":[{"href":"https:\/\/hatarok-nelkul.com\/ro\/index.php?rest_route=\/wp\/v2\/types\/post"}],"author":[{"embeddable":true,"href":"https:\/\/hatarok-nelkul.com\/ro\/index.php?rest_route=\/wp\/v2\/users\/1"}],"replies":[{"embeddable":true,"href":"https:\/\/hatarok-nelkul.com\/ro\/index.php?rest_route=%2Fwp%2Fv2%2Fcomments&post=1846"}],"version-history":[{"count":2,"href":"https:\/\/hatarok-nelkul.com\/ro\/index.php?rest_route=\/wp\/v2\/posts\/1846\/revisions"}],"predecessor-version":[{"id":1849,"href":"https:\/\/hatarok-nelkul.com\/ro\/index.php?rest_route=\/wp\/v2\/posts\/1846\/revisions\/1849"}],"wp:featuredmedia":[{"embeddable":true,"href":"https:\/\/hatarok-nelkul.com\/ro\/index.php?rest_route=\/wp\/v2\/media\/1847"}],"wp:attachment":[{"href":"https:\/\/hatarok-nelkul.com\/ro\/index.php?rest_route=%2Fwp%2Fv2%2Fmedia&parent=1846"}],"wp:term":[{"taxonomy":"category","embeddable":true,"href":"https:\/\/hatarok-nelkul.com\/ro\/index.php?rest_route=%2Fwp%2Fv2%2Fcategories&post=1846"},{"taxonomy":"post_tag","embeddable":true,"href":"https:\/\/hatarok-nelkul.com\/ro\/index.php?rest_route=%2Fwp%2Fv2%2Ftags&post=1846"}],"curies":[{"name":"wp","href":"https:\/\/api.w.org\/{rel}","templated":true}]}}