{"id":1851,"date":"2016-10-06T20:20:51","date_gmt":"2016-10-06T17:20:51","guid":{"rendered":"http:\/\/hatarok-nelkul.com\/ro\/?p=1851"},"modified":"2016-10-06T20:21:06","modified_gmt":"2016-10-06T17:21:06","slug":"presedintele-cns-izsak-balazs-de-acord-cu-orasul-gigantic-pentru-refugiati-pe-litoralul-libiei","status":"publish","type":"post","link":"https:\/\/hatarok-nelkul.com\/ro\/?p=1851","title":{"rendered":"Pre\u015fedintele CNS, Izs\u00e1k Bal\u00e1zs: De acord cu \u201cora\u0219ul gigantic pentru refugia\u021bi pe litoralul Libiei\u201d"},"content":{"rendered":"<p style=\"text-align: justify;\"><a href=\"https:\/\/hatarok-nelkul.com\/ro\/wp-content\/uploads\/2016\/10\/izsak.jpg\"><img loading=\"lazy\" decoding=\"async\" class=\"alignleft size-thumbnail wp-image-1852\" alt=\"izsak\" src=\"https:\/\/hatarok-nelkul.com\/ro\/wp-content\/uploads\/2016\/10\/izsak-150x150.jpg\" width=\"150\" height=\"150\" \/><\/a>Recent premierului Ungariei, Viktor Orb\u00e1n, a indicat ca posibil\u0103 solu\u021bie pentru criza refugia\u021bilor \u0219i solicit\u0103rile de relocalizare din Europa \u00eenfiin\u0163area unui \u201cora\u015f gigantic pentru refugia\u0163i pe litoralul Libiei\u201d.<\/p>\n<p style=\"text-align: justify;\">Referitor la acest subiect, pre\u015fedintele CNS a fost de acord cu ideea, spun\u00e2nd c\u0103 \u201cpremierul este un om ra\u0163ional \u015fi s-a exprimat astfel pe baza realit\u0103\u0163ilor\u201d. \u201cSunt de acord cu domnul premier, deoarece problemele nu trebuiesc exportate din Africa sau din Asia \u00een Europa, ci trebuie acordat\u0103 asisten\u0163\u0103 pentru rezolvarea acestora acolo\u201d, a afirmat Izs\u00e1k Bal\u00e1zs.<!--more--><\/p>\n<p style=\"text-align: justify;\">Pe de alt\u0103 parte, Curtea de Apel T\u00e2rgu Mure\u015f a anulat sanc\u0163iunea de 6.000 lei aplicat\u0103 lui Gy\u00f6rgy L\u00e1szl\u00f3, coordonatorul voluntarilor care au asigurat ordinea public\u0103 mitingul \u015fi mar\u015ful de protest organizate la Ziua Libert\u0103\u0163ii Secuilor, anul trecut.<\/p>\n<p style=\"text-align: justify;\">La \u00eentrebarea noastr\u0103, cum a primit decizia tribunalului, pre\u015fedintele Consiliul Na\u0163ional Secuiesc (CNS), Izs\u00e1k Bal\u00e1zs, a spus c\u0103 a\u015ftepta o asemenea sentin\u0163\u0103, \u00eens\u0103 nu a \u015ftiut exact unde vor c\u00e2\u015ftiga procesul, aici, acas\u0103 sau eventual la Curtea European\u0103 a Drepturilor Omului, de la Strasbourg.<\/p>\n<p style=\"text-align: justify;\">Referitor la ceilal\u0163i 40 de voluntari care au fost, de asemenea, amenda\u0163i tot atunci, \u015fi care au contestat \u00een instan\u0163\u0103 procesele verbale privind amenda, judec\u0103torul a decis c\u0103 va judeca separat cazul fiec\u0103ruia. \u00cen cazul judec\u0103rii acestor dosare, Izs\u00e1k Bal\u00e1zs este \u00eencrez\u0103tor, deoarece \u2013 a\u015fa cum a spus \u2013 , \u00een \u201epofida faptului c\u0103 era vacan\u0163\u0103 de var\u0103, instan\u0163a a r\u0103spuns repede la procesele verbale \u00eentocmite de Jandarmerie.<\/p>\n<p style=\"text-align: justify;\">\u00cen martie 2017, CNS va organiza din nou Ziua Libert\u0103\u0163ii Secuie\u015fti. \u00cen acest sens, Izs\u00e1k Bal\u00e1zs a precizat c\u0103 declara\u0163ia prealabil\u0103 a fost depus\u0103 \u00eenc\u0103 din 2015, at\u00e2t pentru manifestarea din 2016, c\u00e2t \u015fi pentru 2017, la Prim\u0103ria T\u00e2rgu Mure\u015f. \u201eLa aceast\u0103 declara\u0163ie nu mai este cazul s\u0103 revenim. Conform legii, i-am transmis Poli\u0163iei T\u00e2rgu Mure\u015f o \u00een\u015ftiin\u0163are, av\u00e2nd \u00een vedere c\u0103 este vorba despre o adunare public\u0103. Anul trecut i-am \u00eenm\u00e2nat personal comandantului de Poli\u0163ie \u015fi am considerat c\u0103, dac\u0103 un document este \u00eenm\u00e2nat \u015fefului institu\u0163iei, acesta va fi \u015fi \u00eenregistrat. Ceea ce\u00a0 nu s-a \u00eent\u00e2mplat, motiv pentru care am fost amendat cu 4.000 lei. Amenda aplicat\u0103 mie am contestat-o \u00een instan\u0163\u0103, iar dosarul l-am completat cu neglijen\u0163\u0103 manifestat\u0103 \u00een \u00eendeplinirea \u00eendatorilor de serviciu de c\u0103tre Poli\u0163ie. Procesul \u00eenc\u0103\u00a0 se mai afl\u0103 pe rol\u201d, ne-a informat pre\u015fedintele CNS.<\/p>\n<p style=\"text-align: justify;\">Interviu realizat de: Bal\u00e1zs Magdolna<\/p>\n<p style=\"text-align: justify;\">Foto:www.belfoldihirek.com<\/p>\n<p>&nbsp;<\/p>\n","protected":false},"excerpt":{"rendered":"<p>Recent premierului Ungariei, Viktor Orb\u00e1n, a indicat ca posibil\u0103 solu\u021bie pentru criza refugia\u021bilor \u0219i solicit\u0103rile de relocalizare din Europa \u00eenfiin\u0163area unui \u201cora\u015f gigantic <\/p>\n","protected":false},"author":1,"featured_media":1852,"comment_status":"open","ping_status":"open","sticky":false,"template":"","format":"standard","meta":{"footnotes":""},"categories":[1],"tags":[],"class_list":["post-1851","post","type-post","status-publish","format-standard","has-post-thumbnail","hentry","category-fara-categorie"],"_links":{"self":[{"href":"https:\/\/hatarok-nelkul.com\/ro\/index.php?rest_route=\/wp\/v2\/posts\/1851","targetHints":{"allow":["GET"]}}],"collection":[{"href":"https:\/\/hatarok-nelkul.com\/ro\/index.php?rest_route=\/wp\/v2\/posts"}],"about":[{"href":"https:\/\/hatarok-nelkul.com\/ro\/index.php?rest_route=\/wp\/v2\/types\/post"}],"author":[{"embeddable":true,"href":"https:\/\/hatarok-nelkul.com\/ro\/index.php?rest_route=\/wp\/v2\/users\/1"}],"replies":[{"embeddable":true,"href":"https:\/\/hatarok-nelkul.com\/ro\/index.php?rest_route=%2Fwp%2Fv2%2Fcomments&post=1851"}],"version-history":[{"count":2,"href":"https:\/\/hatarok-nelkul.com\/ro\/index.php?rest_route=\/wp\/v2\/posts\/1851\/revisions"}],"predecessor-version":[{"id":1854,"href":"https:\/\/hatarok-nelkul.com\/ro\/index.php?rest_route=\/wp\/v2\/posts\/1851\/revisions\/1854"}],"wp:featuredmedia":[{"embeddable":true,"href":"https:\/\/hatarok-nelkul.com\/ro\/index.php?rest_route=\/wp\/v2\/media\/1852"}],"wp:attachment":[{"href":"https:\/\/hatarok-nelkul.com\/ro\/index.php?rest_route=%2Fwp%2Fv2%2Fmedia&parent=1851"}],"wp:term":[{"taxonomy":"category","embeddable":true,"href":"https:\/\/hatarok-nelkul.com\/ro\/index.php?rest_route=%2Fwp%2Fv2%2Fcategories&post=1851"},{"taxonomy":"post_tag","embeddable":true,"href":"https:\/\/hatarok-nelkul.com\/ro\/index.php?rest_route=%2Fwp%2Fv2%2Ftags&post=1851"}],"curies":[{"name":"wp","href":"https:\/\/api.w.org\/{rel}","templated":true}]}}