{"id":1855,"date":"2016-10-06T22:30:58","date_gmt":"2016-10-06T19:30:58","guid":{"rendered":"http:\/\/hatarok-nelkul.com\/ro\/?p=1855"},"modified":"2016-10-06T22:31:12","modified_gmt":"2016-10-06T19:31:12","slug":"ministerul-culturii-finanteaza-primele-cercetari-arheologice-subacvatice-din-delta-dunarii","status":"publish","type":"post","link":"https:\/\/hatarok-nelkul.com\/ro\/?p=1855","title":{"rendered":"Ministerul Culturii finan\u021beaz\u0103 primele cercet\u0103ri arheologice subacvatice din Delta Dun\u0103rii"},"content":{"rendered":"<p style=\"text-align: justify;\"><a href=\"https:\/\/hatarok-nelkul.com\/ro\/wp-content\/uploads\/2016\/10\/Jack-Sofield-pinterest.jpg\"><img loading=\"lazy\" decoding=\"async\" class=\"alignleft size-thumbnail wp-image-1856\" alt=\"Jack Sofield pinterest\" src=\"https:\/\/hatarok-nelkul.com\/ro\/wp-content\/uploads\/2016\/10\/Jack-Sofield-pinterest-150x150.jpg\" width=\"150\" height=\"150\" \/><\/a>Ministerul Culturii a alocat aproximativ 19.000 de lei cercet\u0103rilor subacvatice efectuate de speciali\u0219ti rom\u00e2no-germani la epava din cel de-al II-lea secol descoperit\u0103 \u00een aceast\u0103 prim\u0103var\u0103 \u00een Marea Neagr\u0103, suma fiind prima alocare financiar\u0103 pentru cercet\u0103rile arheologice din Rezerva\u021bia Biosferei Delta Dun\u0103rii.<!--more--><\/p>\n<p style=\"text-align: justify;\">&#8220;O noutate \u00een acest an \u00een ceea ce prive\u0219te cercetarea arheologic\u0103 sus\u021binut\u0103 de Ministerul Culturii o reprezint\u0103 alocarea financiar\u0103 pentru proiectul epavei &#8216;Rusu&#8217;, descoperit\u0103 \u00een prim\u0103vara acestui an, \u00een Marea Neagr\u0103, epava fiind denumit\u0103 astfel dup\u0103 numele responsabilului \u0219tiin\u021bific al cercet\u0103rii&#8221;, a declarat, pentru AGERPRES, managerul Institutului de Cercet\u0103ri Eco-Muzeale (ICEM) &#8220;Gavril\u0103 Simion&#8221;, Sorin Ailinc\u0103i.<\/p>\n<p style=\"text-align: justify;\">Echipa de scafandri din Germania \u0219i Rom\u00e2nia care a anun\u021bat \u00een luna martie descoperirea \u00een Marea Neagr\u0103 a unei epave din cel de-al II-lea secol continu\u0103 cercet\u0103rile pentru \u00eenregistrarea grafic\u0103 a vasului.<\/p>\n<p style=\"text-align: justify;\">&#8220;Se \u00eencearc\u0103 o desenare a \u00eentregii epave, lucru care este destul de dificil, av\u00e2nd \u00een vedere vizibilitatea redus\u0103 din ap\u0103&#8221;, a men\u021bionat managerul Ailinc\u0103i.<\/p>\n<p style=\"text-align: justify;\">Reprezentan\u021bi ai &#8220;Societ\u0103\u021bii de arheologie subacvatic\u0103&#8221; din Bavaria (Bavarian Society for Underwaterarchaeology \u2014 BSfU) \u0219i ai ICEM &#8220;Gavril\u0103 Simion&#8221; au descoperit \u00een luna martie a acestui an, \u00een Marea Neagr\u0103, epava unei nave dat\u00e2nd din secolul al II-lea.<\/p>\n<p style=\"text-align: justify;\">&#8220;Programul de cercetare al echipei rom\u00e2no-germane dureaz\u0103 cinci ani, \u00eens\u0103 primele rezultate ale observa\u021biilor din acest an vor fi f\u0103cute publice \u00een luna noiembrie&#8221;, a precizat Sorin Ailinc\u0103i.<\/p>\n<p style=\"text-align: justify;\">BSfU a \u00eencheiat anul acesta un protocol de colaborare cu ICEM &#8220;Gavril\u0103 Simion&#8221; \u00een vederea \u00eenfiin\u021b\u0103rii, la Tulcea, a unui centru de cercet\u0103ri arheologice subacvatice, proiectul fiind depus spre finan\u021bare la Asocia\u021bia de Dezvoltare Intercomunitar\u0103 pentru Investi\u021bii Teritorial Integrate (ITI)-Delta Dun\u0103rii.<\/p>\n<p style=\"text-align: justify;\">Primele inten\u021bii de realizare a unor cercet\u0103ri arheologice subacvatice \u00een jude\u021bul Tulcea au fost f\u0103cute publice \u00een urm\u0103 cu aproape nou\u0103 ani, atunci c\u00e2nd fosta conducere a anun\u021bat un parteneriat cu Universitatea din Ia\u0219i. Inten\u021biile de la acea vreme \u00eens\u0103 nu s-au concretizat.<\/p>\n<p style=\"text-align: justify;\">\u00cenfiin\u021bat\u0103 \u00een anul 1984, BSfU num\u0103r\u0103 70 de membri, printre atribu\u021biile societ\u0103\u021bii num\u0103r\u00e2ndu-se inclusiv monitorizarea subacvatic\u0103 a siturilor UNESCO.<\/p>\n<p style=\"text-align: justify;\">Rezerva\u021bia Biosferei Delta Dun\u0103rii, care include \u0219i zona costier\u0103 a M\u0103rii Negre, este \u00een patrimoniul mondial UNESCO din anul 1991.<\/p>\n<p style=\"text-align: justify;\">Sursa: Agerpres<\/p>\n<p style=\"text-align: justify;\">Foto: www.pinterest.com<\/p>\n","protected":false},"excerpt":{"rendered":"<p>Ministerul Culturii a alocat aproximativ 19.000 de lei cercet\u0103rilor subacvatice efectuate de speciali\u0219ti rom\u00e2no-germani la epava din cel de-al II-lea secol descoperit\u0103 \u00een <\/p>\n","protected":false},"author":1,"featured_media":1856,"comment_status":"open","ping_status":"open","sticky":false,"template":"","format":"standard","meta":{"footnotes":""},"categories":[1],"tags":[],"class_list":["post-1855","post","type-post","status-publish","format-standard","has-post-thumbnail","hentry","category-fara-categorie"],"_links":{"self":[{"href":"https:\/\/hatarok-nelkul.com\/ro\/index.php?rest_route=\/wp\/v2\/posts\/1855","targetHints":{"allow":["GET"]}}],"collection":[{"href":"https:\/\/hatarok-nelkul.com\/ro\/index.php?rest_route=\/wp\/v2\/posts"}],"about":[{"href":"https:\/\/hatarok-nelkul.com\/ro\/index.php?rest_route=\/wp\/v2\/types\/post"}],"author":[{"embeddable":true,"href":"https:\/\/hatarok-nelkul.com\/ro\/index.php?rest_route=\/wp\/v2\/users\/1"}],"replies":[{"embeddable":true,"href":"https:\/\/hatarok-nelkul.com\/ro\/index.php?rest_route=%2Fwp%2Fv2%2Fcomments&post=1855"}],"version-history":[{"count":2,"href":"https:\/\/hatarok-nelkul.com\/ro\/index.php?rest_route=\/wp\/v2\/posts\/1855\/revisions"}],"predecessor-version":[{"id":1858,"href":"https:\/\/hatarok-nelkul.com\/ro\/index.php?rest_route=\/wp\/v2\/posts\/1855\/revisions\/1858"}],"wp:featuredmedia":[{"embeddable":true,"href":"https:\/\/hatarok-nelkul.com\/ro\/index.php?rest_route=\/wp\/v2\/media\/1856"}],"wp:attachment":[{"href":"https:\/\/hatarok-nelkul.com\/ro\/index.php?rest_route=%2Fwp%2Fv2%2Fmedia&parent=1855"}],"wp:term":[{"taxonomy":"category","embeddable":true,"href":"https:\/\/hatarok-nelkul.com\/ro\/index.php?rest_route=%2Fwp%2Fv2%2Fcategories&post=1855"},{"taxonomy":"post_tag","embeddable":true,"href":"https:\/\/hatarok-nelkul.com\/ro\/index.php?rest_route=%2Fwp%2Fv2%2Ftags&post=1855"}],"curies":[{"name":"wp","href":"https:\/\/api.w.org\/{rel}","templated":true}]}}