{"id":1942,"date":"2016-12-12T23:26:58","date_gmt":"2016-12-12T21:26:58","guid":{"rendered":"http:\/\/hatarok-nelkul.com\/ro\/?p=1942"},"modified":"2016-12-12T23:27:13","modified_gmt":"2016-12-12T21:27:13","slug":"viktor-orban-la-satu-mare","status":"publish","type":"post","link":"https:\/\/hatarok-nelkul.com\/ro\/?p=1942","title":{"rendered":"Viktor Orb\u00e1n, la Satu Mare"},"content":{"rendered":"<p style=\"text-align: justify;\"><a href=\"https:\/\/hatarok-nelkul.com\/ro\/wp-content\/uploads\/2016\/12\/orban.jpg\"><img loading=\"lazy\" decoding=\"async\" class=\"alignleft size-thumbnail wp-image-1943\" alt=\"orban\" src=\"https:\/\/hatarok-nelkul.com\/ro\/wp-content\/uploads\/2016\/12\/orban-150x150.jpg\" width=\"150\" height=\"150\" \/><\/a>Premierul Ungariei, Viktor Orb\u00e1n s-a \u00eent\u00e2lni joi, la Satu Mare, cu liderii UDMR \u015fi cu candida\u0163ii acestei forma\u0163iuni politice la alegerile parlamentare. Viktor Orb\u00e1n a sus\u0163inut, \u00eempreun\u0103 cu pre\u015fedintele UDMR, Hunor Kelemen, o conferin\u0163\u0103 de pres\u0103, la care i-a \u00eendemnat pe maghiarii din Rom\u00e2nia s\u0103 participe \u00eentr-un num\u0103r c\u00e2t mai mare la alegerile parlamentare din 11 decembrie.<!--more--><\/p>\n<p style=\"text-align: justify;\">Un ziarist rom\u00e2n a adresat o \u00eentrebare referitoare la faptul c\u0103 ministrul de externe, P\u00e9ter Szijj\u00e1rt\u00f3, le-a interzis diploma\u0163ilor ungari s\u0103 participe pe 1 decembrie la festivit\u0103\u0163ile prilejuite de Ziua Na\u0163ional\u0103 a Rom\u00e2niei, la care Viktor Orb\u00e1n a r\u0103spuns: &#8220;Sinceritatea este cea mai bun\u0103 metod\u0103, chiar \u015fi atunci c\u00e2nd este vorba despre chestiuni sensibile, iar aceast\u0103 chestiune este sensibil\u0103 din punct de vedere diplomatic, dar, totu\u015fi, este mai bine s\u0103 \u00ee\u0163i asumi un conflict \u00eenso\u0163it de sinceritate, dec\u00e2t s\u0103 fii ipocrit&#8221;. &#8220;Maghiarii nu au ce s\u0103rb\u0103tori pe 1 decembrie, a\u015fa c\u0103 nu s\u0103rb\u0103toresc&#8221;, a mai declarat premierul ungar, consider\u00e2nd c\u0103 diloma\u0163ia ungar\u0103 a luat o decizie corect\u0103, atunci c\u00e2nd &#8220;a vorbit direct&#8221;.<\/p>\n<p style=\"text-align: justify;\">Potrivit premierului Dacian Ciolo\u015f, afirma\u0163iile f\u0103cute de omologul s\u0103u ungar, Viktor Orb\u00e1n, sunt &#8220;neelegante \u015fi nepotrivite&#8221;, la fel ca \u015fi ac\u0163iunile liderilor ungari \u00eentreprinse mai \u00eenainte cu prilejul Zilei Na\u0163ionale a Rom\u00e2niei, a declarat purt\u0103torul de cuv\u00e2nt al Guvernului, Liviu Iolu, la o conferin\u0163\u0103 de pres\u0103 sus\u0163inut\u0103 joi, la Bucure\u015fti. Este evident c\u0103 declara\u0163ia premierului ungar serve\u015fte unor scopuri politice \u015fi se \u00eencadreaz\u0103 &#8220;\u00een logica electoral\u0103&#8221;, a subliniat purt\u0103torul de cuv\u00e2nt, care a ad\u0103ugat: &#8220;Premierul Dacian Ciolo\u015f consider\u0103 c\u0103 premierul Ungariei ar trebui s\u0103 fie mai rezervat. Respectarea simbolurilor na\u0163ionale este parte integrant\u0103 a valorilor fundamentale ale Uniunii Europene \u015fi NATO, din care fac parte Rom\u00e2nia \u015fi Ungaria&#8221;.<\/p>\n<p style=\"text-align: justify;\">Sursa: MTI<\/p>\n<p style=\"text-align: justify;\">Traducerea: P\u00e9terffy T\u00fcnde<\/p>\n<p style=\"text-align: justify;\">Foto:Transindex<\/p>\n","protected":false},"excerpt":{"rendered":"<p>Premierul Ungariei, Viktor Orb\u00e1n s-a \u00eent\u00e2lni joi, la Satu Mare, cu liderii UDMR \u015fi cu candida\u0163ii acestei forma\u0163iuni politice la alegerile parlamentare. Viktor <\/p>\n","protected":false},"author":1,"featured_media":1943,"comment_status":"open","ping_status":"open","sticky":false,"template":"","format":"standard","meta":{"footnotes":""},"categories":[1],"tags":[],"class_list":["post-1942","post","type-post","status-publish","format-standard","has-post-thumbnail","hentry","category-fara-categorie"],"_links":{"self":[{"href":"https:\/\/hatarok-nelkul.com\/ro\/index.php?rest_route=\/wp\/v2\/posts\/1942","targetHints":{"allow":["GET"]}}],"collection":[{"href":"https:\/\/hatarok-nelkul.com\/ro\/index.php?rest_route=\/wp\/v2\/posts"}],"about":[{"href":"https:\/\/hatarok-nelkul.com\/ro\/index.php?rest_route=\/wp\/v2\/types\/post"}],"author":[{"embeddable":true,"href":"https:\/\/hatarok-nelkul.com\/ro\/index.php?rest_route=\/wp\/v2\/users\/1"}],"replies":[{"embeddable":true,"href":"https:\/\/hatarok-nelkul.com\/ro\/index.php?rest_route=%2Fwp%2Fv2%2Fcomments&post=1942"}],"version-history":[{"count":2,"href":"https:\/\/hatarok-nelkul.com\/ro\/index.php?rest_route=\/wp\/v2\/posts\/1942\/revisions"}],"predecessor-version":[{"id":1945,"href":"https:\/\/hatarok-nelkul.com\/ro\/index.php?rest_route=\/wp\/v2\/posts\/1942\/revisions\/1945"}],"wp:featuredmedia":[{"embeddable":true,"href":"https:\/\/hatarok-nelkul.com\/ro\/index.php?rest_route=\/wp\/v2\/media\/1943"}],"wp:attachment":[{"href":"https:\/\/hatarok-nelkul.com\/ro\/index.php?rest_route=%2Fwp%2Fv2%2Fmedia&parent=1942"}],"wp:term":[{"taxonomy":"category","embeddable":true,"href":"https:\/\/hatarok-nelkul.com\/ro\/index.php?rest_route=%2Fwp%2Fv2%2Fcategories&post=1942"},{"taxonomy":"post_tag","embeddable":true,"href":"https:\/\/hatarok-nelkul.com\/ro\/index.php?rest_route=%2Fwp%2Fv2%2Ftags&post=1942"}],"curies":[{"name":"wp","href":"https:\/\/api.w.org\/{rel}","templated":true}]}}