{"id":21,"date":"2013-09-10T10:16:00","date_gmt":"2013-09-10T07:16:00","guid":{"rendered":"http:\/\/hatarok-nelkul.com\/ro\/?p=21"},"modified":"2013-09-10T10:16:00","modified_gmt":"2013-09-10T07:16:00","slug":"zsolt-bayer-ce-ar-fi-fost-daca-orban-ar-fi-incheiat-o-alianta-cu-gyurcsany","status":"publish","type":"post","link":"https:\/\/hatarok-nelkul.com\/ro\/?p=21","title":{"rendered":"Zsolt Bayer: \u201eCe ar fi fost, dac\u0103 Orb\u00e1n ar fi \u00eencheiat o alian\u0163\u0103 cu Gyurcs\u00e1ny?\u201d"},"content":{"rendered":"<p><!--[if gte mso 9]><xml> <w:WordDocument>  <w:View>Normal<\/w:View>  <w:Zoom>0<\/w:Zoom>  <w:HyphenationZone>21<\/w:HyphenationZone>  <w:Compatibility>   <w:BreakWrappedTables\/>   <w:SnapToGridInCell\/>   <w:ApplyBreakingRules\/>   <w:WrapTextWithPunct\/>   <w:UseAsianBreakRules\/>   <w:UseFELayout\/>  <\/w:Compatibility>  <w:BrowserLevel>MicrosoftInternetExplorer4<\/w:BrowserLevel> <\/w:WordDocument><\/xml><![endif]--><br \/><!--[if gte mso 10]>\n\n<style> \/* Style Definitions *\/  table.MsoNormalTable  {mso-style-name:\"Table Normal\";  mso-tstyle-rowband-size:0;  mso-tstyle-colband-size:0;  mso-style-noshow:yes;  mso-style-parent:\"\";  mso-padding-alt:0cm 5.4pt 0cm 5.4pt;  mso-para-margin:0cm;  mso-para-margin-bottom:.0001pt;  mso-pagination:widow-orphan;  font-size:10.0pt;  font-family:\"Times New Roman\";  mso-fareast-font-family:\"Times New Roman\";} <\/style>\n\n<![endif]--><\/p>\n<div><span>S-a produs o tensiune \u00eentre FIDESZ \u015fi cel mai bun asociat al s\u0103u din Rom\u00e2nia, Partidul Popular Maghiar din Transilvania (PPMT) \u2013 cel pu\u0163in a\u015fa scrie publicistul cotidianului Magyar Hirlap. Zsolt Bayer este \u00eengrijorat c\u0103 succesul la alegerile din anul viitor a lui Viktor Orb\u00e1n va fi periclitat de ascensiunea lui L\u00e1szl\u00f3 T\u0151k\u00e9s \u015fi de expansiunea partidului Jobbik \u00een Transilvania, informeaz\u0103 portalul <a href=\"http:\/\/www.hvg.hu\/\">www.hvg.hu<\/a>. Autorul articolului \u00eel mustr\u0103 pe liderul PPMT. Bayer \u00ee\u015fi exprim\u0103 nemul\u0163umirile sale din cauza faptului c\u0103 liderii superiori ai PPMT au creat posibilitatea pentru ca liderul Jobbik s\u0103 ia cuv\u00e2ntul \u00een cadrul programului taberei EMI.<span>\u00a0 <\/span>Potrivit ziaristului, \u201eprin atitudinea adoptat\u0103 \u00eempotriva Guvernului ungar, prin provocarea sentimentului de ur\u0103 \u015fi prin demagogia obscen\u0103\u201d Jobbik rivalizeaz\u0103 cu mass-media de orientare st\u00e2nga-liberal\u0103, scrie Zsolt Bayer, \u00eentr-o scrisoare deschis\u0103 adresat\u0103 politicianului UDMR, L\u00e1szl\u00f3 T\u0151k\u00e9s, \u015fi Borb\u00e9ly Zsolt Attila, membru PPMT \u015fi Jobbik.<\/span><\/div>\n<div><span>Zsolt Bayer s-a \u00eenfuriat din cauza afirma\u0163iei rostite recent de pre\u015fedintele PPMT, Tibor T. T\u00f3r\u00f3, potrivit c\u0103reia Jobbik a readus \u00een via\u0163a politic\u0103 maghiar\u0103 \u201evorba clar\u0103\u201d (stilul direct) , \u00een condi\u0163iile \u00een care cu o s\u0103pt\u0103m\u00e2n\u0103 mai devreme T<\/span><span lang=\"HU\">\u00f3r\u00f3<\/span><span> \u00eenc\u0103 mai st\u0103tea l\u00e2ng\u0103 Viktor Orb\u00e1n la Universitatea de Var\u0103 de la B\u0103ile Tu\u015fnad \u015fi f\u0103cea totul posibilul pentru ca nu cumva s\u0103 scape momentul \u015fi s\u0103 nu fie prezent \u00een fotografiile f\u0103cute cu premierul Ungariei. Ba mai mult, la B\u0103ile Tu\u015fnad a vorbit despre acel partid Jobbik, \u201epentru care cel mai important polician na\u0163ional \u00een ultimii ani a fost Csan\u00e1d Szegedi\u201d, subliniaz\u0103 Zsolt Bayer. Ziaristul \u00eel mustr\u0103 pe L\u00e1szl\u00f3 T\u0151k\u00e9s pentru<span>\u00a0 <\/span>c\u0103 \u015fi-a schimbat mandatul de europarlamentar, c\u00e2\u015ftigat ca independent, cu un loc de frunte \u00een lista UDMR, &#8211; care nu este aliatul FIDESZ -, \u00eenchei\u00e2nd astfel o alian\u0163\u0103 cu B\u00e9la Mark\u00f3. \u201e\u00ce\u0163i \u00eenchipui L\u00e1szl\u00f3, (&#8230;) ce s-ar fi \u00eent\u00e2mplat, dac\u0103, de exemplu, \u00een 2008 Viktor Orb\u00e1n ar fi \u00eencheiat <o solidaritate na\u0163ional\u0103> cu Gyurcs\u00e1ny\u201d, a spus Bayer, creion\u00e2nd un scenariu similar.<\/span><\/div>\n<div><span>\u201eP\u00e2n\u0103 acum am crezut c\u0103 e\u015fti prietenul \u015fi nu du\u015fmanul lui Viktor Orb\u00e1n\u201d, scrie Bayer \u00een scrisoarea deschis\u0103 adresat\u0103 lui L\u00e1szl\u00f3 T\u0151k\u00e9s, ar\u0103t\u00e2nd: \u201eTu \u015ftii exact, care sunt acele for\u0163e din cauza c\u0103rora Ungaria trebuie s\u0103 suporte <span>\u00a0<\/span>toate chinurile, \u015fi c\u0103 au fost desenate \u0163inte pe inima \u015fi pe fruntea lui Viktor Orb\u00e1n\u201d. Potrivit publicistului, T\u0151k\u00e9s a solicitat premierului Viktor Orb\u00e1n asumarea unui rol de protectorat de c\u0103tre Ungaria asupra Transilvaniei, \u201ede parc\u0103 ar fi cerut un pahar cu palinc\u0103\u201d Aceast\u0103 solicitare a venit \u00eentr-un moment c\u00e2t se poate de nepotrivit \u2013 sus\u0163ine Bayer -, deoarece prin aceast\u0103 solicitare T\u0151k\u00e9s sluje\u015fte, de fapt, interesele acelora, \u201ecare sunt interesa\u0163i de c\u0103derea lui Viktor Orb\u00e1n\u201d, scrie \u00een \u00eencheiere portalul <a href=\"http:\/\/www.hvg.hu\/\">www.hvg.hu<\/a>. <span>\u00a0<\/span><\/span><\/div>\n<div><\/div>\n<div><span>P\u00e9terffy T\u00fcnde<\/span><\/div>\n","protected":false},"excerpt":{"rendered":"<p>S-a produs o tensiune \u00eentre FIDESZ \u015fi cel mai bun asociat al s\u0103u din Rom\u00e2nia, Partidul Popular Maghiar din Transilvania (PPMT) \u2013 cel <\/p>\n","protected":false},"author":1,"featured_media":0,"comment_status":"open","ping_status":"open","sticky":false,"template":"","format":"standard","meta":{"footnotes":""},"categories":[1],"tags":[],"class_list":["post-21","post","type-post","status-publish","format-standard","hentry","category-fara-categorie"],"_links":{"self":[{"href":"https:\/\/hatarok-nelkul.com\/ro\/index.php?rest_route=\/wp\/v2\/posts\/21","targetHints":{"allow":["GET"]}}],"collection":[{"href":"https:\/\/hatarok-nelkul.com\/ro\/index.php?rest_route=\/wp\/v2\/posts"}],"about":[{"href":"https:\/\/hatarok-nelkul.com\/ro\/index.php?rest_route=\/wp\/v2\/types\/post"}],"author":[{"embeddable":true,"href":"https:\/\/hatarok-nelkul.com\/ro\/index.php?rest_route=\/wp\/v2\/users\/1"}],"replies":[{"embeddable":true,"href":"https:\/\/hatarok-nelkul.com\/ro\/index.php?rest_route=%2Fwp%2Fv2%2Fcomments&post=21"}],"version-history":[{"count":0,"href":"https:\/\/hatarok-nelkul.com\/ro\/index.php?rest_route=\/wp\/v2\/posts\/21\/revisions"}],"wp:attachment":[{"href":"https:\/\/hatarok-nelkul.com\/ro\/index.php?rest_route=%2Fwp%2Fv2%2Fmedia&parent=21"}],"wp:term":[{"taxonomy":"category","embeddable":true,"href":"https:\/\/hatarok-nelkul.com\/ro\/index.php?rest_route=%2Fwp%2Fv2%2Fcategories&post=21"},{"taxonomy":"post_tag","embeddable":true,"href":"https:\/\/hatarok-nelkul.com\/ro\/index.php?rest_route=%2Fwp%2Fv2%2Ftags&post=21"}],"curies":[{"name":"wp","href":"https:\/\/api.w.org\/{rel}","templated":true}]}}