{"id":2155,"date":"2017-02-25T20:04:38","date_gmt":"2017-02-25T18:04:38","guid":{"rendered":"http:\/\/hatarok-nelkul.com\/ro\/?p=2155"},"modified":"2017-02-25T20:04:49","modified_gmt":"2017-02-25T18:04:49","slug":"interviu-cu-presedintele-executiv-al-udmr-balint-porcsalmi","status":"publish","type":"post","link":"https:\/\/hatarok-nelkul.com\/ro\/?p=2155","title":{"rendered":"Interviu cu pre\u015fedintele executiv al UDMR, B\u00e1lint Porcsalmi"},"content":{"rendered":"<p style=\"text-align: justify;\"><a href=\"https:\/\/hatarok-nelkul.com\/ro\/wp-content\/uploads\/2017\/02\/porcsalmi.jpg\"><img loading=\"lazy\" decoding=\"async\" class=\"alignleft size-thumbnail wp-image-2156\" alt=\"porcsalmi\" src=\"https:\/\/hatarok-nelkul.com\/ro\/wp-content\/uploads\/2017\/02\/porcsalmi-150x150.jpg\" width=\"150\" height=\"150\" \/><\/a>Uniunea Democrat\u0103 Maghiar\u0103 din Rom\u00e2nia (UDMR) are un nou pre\u015fedinte executiv, \u00een persoana lui B\u00e1lint Porcsalmi, care a fost propus pentru aceast\u0103 func\u0163ie de pre\u015fedintele forma\u0163iunii politice, Hunor Kelemen. La reuniunea delega\u0163ilor Consiliului Rerprezentan\u0163ilor Unionali, care a avut loc la sf\u00e2r\u015fitul lunii ianuarie a.c., la T\u00e2rgu Mure\u015f, B\u00e1lint Porcsalmi a fost votat \u00een unanimitate pentru aceast\u0103 func\u0163ie.<!--more--><\/p>\n<p style=\"text-align: justify;\">Cu c\u00e2teva \u00eentreb\u0103ri ne-am adresat, telefonic, pre\u015fedintelui executiv al UDMR, B\u00e1lint Porcsalmi, care a r\u0103spuns cu amabilitate.<\/p>\n<p style=\"text-align: justify;\">Reporter: A\u015f \u00eencepe conversa\u0163ia noastr\u0103 prin a v\u0103 cita afirma\u0163ia dumneavoastr\u0103, \u015fi anume c\u0103 \u201cdorin\u0163a mea este ca \u00een urm\u0103torii doi ani UDMR s\u0103 devin\u0103 cel mai modern partid al Rom\u00e2niei\u201d. \u00centrebarea mea este, ce ve\u0163i face, cum se va realiza aceast\u0103 modernizare?<\/p>\n<p style=\"text-align: justify;\">B\u00e1lint Porcsalmi: Congresul UDMR va avea loc pe 13 mai \u015fi, de regul\u0103, \u00een cadrul congresului proced\u0103m la modificarea regulamentului de baz\u0103 \u015fi a programului Uniunii. Aceast\u0103 procedur\u0103 \u00eenseamn\u0103 \u015fi modernizare, dar \u00een definitiv \u00een regulamentul de baz\u0103 \u015fi \u00een program trebuie s\u0103 efectu\u0103m rectific\u0103rile necesare. De fiecare dat\u0103, \u00eenainte de congres, lans\u0103m asemenea consult\u0103ri publice, ceea ce \u00eenseamn\u0103 c\u0103 timp de o lun\u0103 organiza\u0163iile societ\u0103\u0163ii civile, membrii UDMR, bisericile istorice maghiare, cu alte cuvinte toat\u0103 lumea care exist\u0103 \u00een \u0163ara aceasta, poate veni cu amendamente. Consultarea public\u0103 \u0163ine o lun\u0103, iar dup\u0103 confruntarea propunerilor, se va \u00eentruni Comisia pentru modificarea programului UDMR, care va lua o decizie asupra fiec\u0103rei propuneri \u00een parte. Comisia va decide care propuneri sunt acelea care pot fi cuprinse \u00een regulamentul de baz\u0103 sau \u00een program. Acest document va fi \u00eenaintat congresului. \u00cen ceea ce prive\u015fte congresul \u2013 unde vom dezbate, de regul\u0103, modificarea regulamentului de baz\u0103 \u015fi a programului -, cel mai important moment va fi adoptarea unui document strategic care va stabili pentru urm\u0103torii doi ani priorit\u0103\u0163ile politice \u015fi de ac\u0163iune ale UDMR. A\u015fadar, documentul va indica o direc\u0163ie strategic\u0103 nu numai pentru UDMR, dar \u015fi pentru comunitatea maghiar\u0103 cu privire la cele mai importante provoc\u0103ri, respectiv sarcinile din urm\u0103torii doi ani.<\/p>\n<p style=\"text-align: justify;\">Reporter: \u00cen calitate de pre\u015fedinte executiv al UDMR ve\u0163i aduce ceva nou, ve\u0163i schimba ceva \u00een via\u0163a Uniunii?<\/p>\n<p style=\"text-align: justify;\">B\u00e1lint Porcsalmi: \u00cen ceea ce prive\u015fte edificarea organiza\u0163iei noastre politice moderne, modific\u0103rile mele se vor referi la mecanismul decizional. A\u015f dori ca UDMR s\u0103 devin\u0103 o organiza\u0163ie mai dinamic\u0103, care adopt\u0103 decizii mai rapide, f\u0103r\u0103 prea mult\u0103 birocra\u0163ie. Propunerile mele la acestea se vor referi, \u00een ceea ce prive\u015fte regulamentul de baz\u0103. Dat fiind faptul c\u0103 de trei s\u0103pt\u0103m\u00e2ni am preluat aceast\u0103 func\u0163ie, \u00een prezent lucrez la evaluarea structurilor interne, \u00eencep\u00e2nd cu finan\u0163ele \u015fi p\u00e2n\u0103 la programe \u015fi proiecte. Aceast\u0103 munc\u0103 cred c\u0103 va necesita c\u00e2teva s\u0103pt\u0103m\u00e2ni, dup\u0103 care voi face propuneri, care se vor referi la eventualele modific\u0103ri structurale, dar \u00een tot cazul la modificarea de func\u0163ionare.<\/p>\n<p style=\"text-align: justify;\">Reporter: Dup\u0103 cum se \u015ftie, recent a avut loc reuniunea Consiliului Na\u0163ional al Partidului Civic Maghiar. \u00cen ce m\u0103sur\u0103 va avea un impact pozitiv solidarizarea UDMR \u015fi PCM asupra altor organiza\u0163ii, \u015fi aici m\u0103 g\u00e2ndesc mai ales la Partidul Popular Maghiar din Rom\u00e2nia (PPMT), \u00een sensul c\u0103 eventual vor adera\u00a0 la dumneavoastr\u0103?<\/p>\n<p style=\"text-align: justify;\">B\u00e1lint Porcsalmi: Cu Partidul Civic Maghiar am purtat consult\u0103ri timp \u00eendelungat \u015fi de multe ori am avut perioade destul de grele, drumul c\u0103tre \u00eencheierea acestui acord de colaborare nu a fost at\u00e2t de simplu, dar \u00een final am reu\u015fit, dar cred c\u0103 \u015fi momentul a fost prielnic. \u00cen opinia mea, aceast\u0103 solidarizare este important\u0103 \u015fi este \u015fi \u00een beneficiul nu numai al PCM, dar \u015fi al UDMR, \u00eens\u0103 cel mai mult \u00een beneficiul comunit\u0103\u0163ii maghiare. UDMR manifest\u0103 deschidere spre dialog cu alte forma\u0163iuni politice. Aceast\u0103 solidarizare nu este un proces \u00eencheiat; u\u015file sunt deschise pentru toat\u0103 lumea.<\/p>\n<p style=\"text-align: justify;\">Interviu realizat de: Bal\u00e1zs Magdolna<\/p>\n<p style=\"text-align: justify;\">Foto: Zi de Zi<\/p>\n","protected":false},"excerpt":{"rendered":"<p>Uniunea Democrat\u0103 Maghiar\u0103 din Rom\u00e2nia (UDMR) are un nou pre\u015fedinte executiv, \u00een persoana lui B\u00e1lint Porcsalmi, care a fost propus pentru aceast\u0103 func\u0163ie <\/p>\n","protected":false},"author":1,"featured_media":2156,"comment_status":"open","ping_status":"open","sticky":false,"template":"","format":"standard","meta":{"footnotes":""},"categories":[1],"tags":[],"class_list":["post-2155","post","type-post","status-publish","format-standard","has-post-thumbnail","hentry","category-fara-categorie"],"_links":{"self":[{"href":"https:\/\/hatarok-nelkul.com\/ro\/index.php?rest_route=\/wp\/v2\/posts\/2155","targetHints":{"allow":["GET"]}}],"collection":[{"href":"https:\/\/hatarok-nelkul.com\/ro\/index.php?rest_route=\/wp\/v2\/posts"}],"about":[{"href":"https:\/\/hatarok-nelkul.com\/ro\/index.php?rest_route=\/wp\/v2\/types\/post"}],"author":[{"embeddable":true,"href":"https:\/\/hatarok-nelkul.com\/ro\/index.php?rest_route=\/wp\/v2\/users\/1"}],"replies":[{"embeddable":true,"href":"https:\/\/hatarok-nelkul.com\/ro\/index.php?rest_route=%2Fwp%2Fv2%2Fcomments&post=2155"}],"version-history":[{"count":2,"href":"https:\/\/hatarok-nelkul.com\/ro\/index.php?rest_route=\/wp\/v2\/posts\/2155\/revisions"}],"predecessor-version":[{"id":2158,"href":"https:\/\/hatarok-nelkul.com\/ro\/index.php?rest_route=\/wp\/v2\/posts\/2155\/revisions\/2158"}],"wp:featuredmedia":[{"embeddable":true,"href":"https:\/\/hatarok-nelkul.com\/ro\/index.php?rest_route=\/wp\/v2\/media\/2156"}],"wp:attachment":[{"href":"https:\/\/hatarok-nelkul.com\/ro\/index.php?rest_route=%2Fwp%2Fv2%2Fmedia&parent=2155"}],"wp:term":[{"taxonomy":"category","embeddable":true,"href":"https:\/\/hatarok-nelkul.com\/ro\/index.php?rest_route=%2Fwp%2Fv2%2Fcategories&post=2155"},{"taxonomy":"post_tag","embeddable":true,"href":"https:\/\/hatarok-nelkul.com\/ro\/index.php?rest_route=%2Fwp%2Fv2%2Ftags&post=2155"}],"curies":[{"name":"wp","href":"https:\/\/api.w.org\/{rel}","templated":true}]}}