{"id":2187,"date":"2017-03-09T11:19:58","date_gmt":"2017-03-09T09:19:58","guid":{"rendered":"http:\/\/hatarok-nelkul.com\/ro\/?p=2187"},"modified":"2017-03-09T11:19:58","modified_gmt":"2017-03-09T09:19:58","slug":"laszlo-borbely-a-fost-numit-consilier-de-stat-al-premierului-romaniei","status":"publish","type":"post","link":"https:\/\/hatarok-nelkul.com\/ro\/?p=2187","title":{"rendered":"L\u00e1szl\u00f3 Borb\u00e9ly a fost numit consilier de stat al premierului Rom\u00e2niei"},"content":{"rendered":"<p><a href=\"https:\/\/hatarok-nelkul.com\/ro\/wp-content\/uploads\/2017\/03\/borbely.jpg\"><img loading=\"lazy\" decoding=\"async\" class=\"alignleft size-thumbnail wp-image-2188\" src=\"https:\/\/hatarok-nelkul.com\/ro\/wp-content\/uploads\/2017\/03\/borbely-150x150.jpg\" alt=\"\" width=\"150\" height=\"150\" \/><\/a>Premierul Sorin Grindeanu l-a numit pe fostul vicepre\u015fedinte politic al Uniunii Democrate Maghiare din Rom\u00e2nia, L\u00e1szl\u00f3 Borb\u00e9ly, membru al propriului aparat de lucru, cu rang de consilier de stat, a anun\u0163at Agen\u0163ia de Pres\u0103 Agerpres, citat de Agen\u0163ia ungar\u0103 de pres\u0103 MTI.<\/p>\n<p>Decizia premierului a fost publicat\u0103 luni \u00een Monitorul Oficial al Rom\u00e2niei. L\u00e1szl\u00f3 Borb\u00e9ly a fost timp de dou\u0103 decenii deputat UDMR, ales \u00een jude\u0163ul Mure\u015f. \u00cen perioada 2012-2016 a fost pre\u015fedintele Comisiei pentru Politic\u0103 Extern\u0103 a Camerei Deputa\u0163ilor, dup\u0103 ce anterior a condus Ministerul Dezvolt\u0103rii, iar apoi Ministerul Mediului.<\/p>\n<p>La alegerile parlamentare din decembrie 2016, L\u00e1szl\u00f3 Borb\u00e9ly, \u00een v\u00e2rst\u0103 de 62 de ani, nu a mai candidat pentru un nou mandat de deputat. De men\u0163ionat c\u0103 UDMR nu face parte din coali\u0163ia guvernamental\u0103 format\u0103 din PSD \u015fi ALDE, \u00eens\u0103 a \u00eencheiat un acord la nivel parlamentar cu aceste partide.<\/p>\n<p>Cu toate c\u0103 UDMR nu are niciun ministru \u00een Guvernul-Grindeanu, mai mul\u0163i politicieni ai UDMR ocup\u0103 func\u0163ii de secretari de stat care au leg\u0103tur\u0103 cu problemle minorit\u0103\u0163ilor na\u0163ionale.<\/p>\n<p>Sursa: MTI<\/p>\n<p>Traducerea: P\u00e9terffy T\u00fcnde<\/p>\n<p>Foto: H\u00e1romsz\u00e9k<\/p>\n","protected":false},"excerpt":{"rendered":"<p>Premierul Sorin Grindeanu l-a numit pe fostul vicepre\u015fedinte politic al Uniunii Democrate Maghiare din Rom\u00e2nia, L\u00e1szl\u00f3 Borb\u00e9ly, membru al propriului aparat de lucru, <\/p>\n","protected":false},"author":1,"featured_media":2188,"comment_status":"open","ping_status":"open","sticky":false,"template":"","format":"standard","meta":{"footnotes":""},"categories":[1],"tags":[],"class_list":["post-2187","post","type-post","status-publish","format-standard","has-post-thumbnail","hentry","category-fara-categorie"],"_links":{"self":[{"href":"https:\/\/hatarok-nelkul.com\/ro\/index.php?rest_route=\/wp\/v2\/posts\/2187","targetHints":{"allow":["GET"]}}],"collection":[{"href":"https:\/\/hatarok-nelkul.com\/ro\/index.php?rest_route=\/wp\/v2\/posts"}],"about":[{"href":"https:\/\/hatarok-nelkul.com\/ro\/index.php?rest_route=\/wp\/v2\/types\/post"}],"author":[{"embeddable":true,"href":"https:\/\/hatarok-nelkul.com\/ro\/index.php?rest_route=\/wp\/v2\/users\/1"}],"replies":[{"embeddable":true,"href":"https:\/\/hatarok-nelkul.com\/ro\/index.php?rest_route=%2Fwp%2Fv2%2Fcomments&post=2187"}],"version-history":[{"count":1,"href":"https:\/\/hatarok-nelkul.com\/ro\/index.php?rest_route=\/wp\/v2\/posts\/2187\/revisions"}],"predecessor-version":[{"id":2189,"href":"https:\/\/hatarok-nelkul.com\/ro\/index.php?rest_route=\/wp\/v2\/posts\/2187\/revisions\/2189"}],"wp:featuredmedia":[{"embeddable":true,"href":"https:\/\/hatarok-nelkul.com\/ro\/index.php?rest_route=\/wp\/v2\/media\/2188"}],"wp:attachment":[{"href":"https:\/\/hatarok-nelkul.com\/ro\/index.php?rest_route=%2Fwp%2Fv2%2Fmedia&parent=2187"}],"wp:term":[{"taxonomy":"category","embeddable":true,"href":"https:\/\/hatarok-nelkul.com\/ro\/index.php?rest_route=%2Fwp%2Fv2%2Fcategories&post=2187"},{"taxonomy":"post_tag","embeddable":true,"href":"https:\/\/hatarok-nelkul.com\/ro\/index.php?rest_route=%2Fwp%2Fv2%2Ftags&post=2187"}],"curies":[{"name":"wp","href":"https:\/\/api.w.org\/{rel}","templated":true}]}}