{"id":22,"date":"2013-09-10T09:38:00","date_gmt":"2013-09-10T06:38:00","guid":{"rendered":"http:\/\/hatarok-nelkul.com\/ro\/?p=22"},"modified":"2013-09-10T09:38:00","modified_gmt":"2013-09-10T06:38:00","slug":"vicepresedintele-parlamentului-ungariei-doreste-sa-infiinteze-o-institutie-in-memoria-lui-miklos-horthy","status":"publish","type":"post","link":"https:\/\/hatarok-nelkul.com\/ro\/?p=22","title":{"rendered":"Vicepre\u015fedintele Parlamentului Ungariei dore\u015fte s\u0103 \u00eenfiin\u0163eze o institu\u0163ie \u00een memoria lui Mikl\u00f3s Horthy"},"content":{"rendered":"<p><!--[if gte mso 9]><xml> <w:WordDocument>  <w:View>Normal<\/w:View>  <w:Zoom>0<\/w:Zoom>  <w:HyphenationZone>21<\/w:HyphenationZone>  <w:Compatibility>   <w:BreakWrappedTables\/>   <w:SnapToGridInCell\/>   <w:ApplyBreakingRules\/>   <w:WrapTextWithPunct\/>   <w:UseAsianBreakRules\/>   <w:UseFELayout\/>  <\/w:Compatibility>  <w:BrowserLevel>MicrosoftInternetExplorer4<\/w:BrowserLevel> <\/w:WordDocument><\/xml><![endif]--><br \/><!--[if gte mso 10]>\n\n<style> \/* Style Definitions *\/  table.MsoNormalTable  {mso-style-name:\"Table Normal\";  mso-tstyle-rowband-size:0;  mso-tstyle-colband-size:0;  mso-style-noshow:yes;  mso-style-parent:\"\";  mso-padding-alt:0cm 5.4pt 0cm 5.4pt;  mso-para-margin:0cm;  mso-para-margin-bottom:.0001pt;  mso-pagination:widow-orphan;  font-size:10.0pt;  font-family:\"Times New Roman\";  mso-fareast-font-family:\"Times New Roman\";} <\/style>\n\n<![endif]--><\/p>\n<div><span>Veteranii marinei militare sus\u0163in c\u0103 re\u00eenhumarea osemintelor fostului guvernator, Mikl\u00f3s Horthy, a fost o ini\u0163iativ\u0103 curajoas\u0103, iar vicepre\u015fedintele Parlamentului Ungariei \u00eel consider\u0103 drept un act memorabil, av\u00e2nd \u00een vedere climatul politic ostil din acea vreme, a informat portalul ungar de \u00e9tiri <a href=\"http:\/\/www.vilaggazdasag.hu\/\">www.vilaggazdasag.hu<\/a>.<\/span><\/div>\n<div><span>La \u00eemplinirea a 20 de la re\u00eenhumarea osemintelor fostului guvernator \u015fi ale membrilor familiei sale recent a avut loc \u00een localitatea Kenderes (situat\u0103 \u00eentre Debrecen \u015fi Szolonok) o comemorare la care a participat \u015fi vicepre\u015fedintele Legislativului ungar. Cu acest prilej S\u00e1ndor Lezs\u00e1k a declarat \u00een fa\u0163a mai multor sute de participan\u0163i veni\u0163i din Transilvania \u015fi Slovacia: \u201ePrin re\u00eenhumarea osemintelor fostului guvernator a fost s\u0103v\u00e2r\u015fit un act de dreptate istoric\u0103, dar nu putem s\u0103 ne mul\u0163umim doar cu at\u00e2t. Chiar \u015fi dup\u0103 20 de ani putem constata c\u0103 nu au trecut f\u0103r\u0103 urme cele patru decenii socialist-comuniste care ne-au hipnotizat \u015fi otr\u0103vit cu miciunile care ne-au modificat con\u015ftiin\u0163a\u201d.<\/span><\/div>\n<div><span>\u201eS\u0103 nu uit\u0103m (&#8230;) \u015fi criminalii istorici s-au \u00eentors la locul faptei \u015fi au \u00eencercat s\u0103 \u00eendep\u0103rteze chiar \u015fi din arhive \u015fi din alte locuri, din memoria unei na\u0163iuni acele fapte pe care noi avem obliga\u0163ia s\u0103 le dezv\u0103luim din nou\u201d, a ar\u0103tat S\u00e1ndor Lezs\u00e1k \u00een fa\u0163a celor aduna\u0163i la aceast\u0103 comemorare, printre care au fost prezen\u0163i \u015fi membrii unor organiza\u0163ii civice \u00eembr\u0103ca\u0163i \u00een uniforme \u015fi flutur\u00e2nd drapele. \u201eS\u0103 fie un scop \u015fi o sarcin\u0103 \u00eenfiin\u0163area la Kenderes a unei institu\u0163ii istorice, \u015ftiin\u0163ifice care va cerceta epoca Horty, care va fi capabil\u0103 s\u0103 str\u00e2ng\u0103 toate materiale documentare, coresponden\u0163ele, \u00eensemn\u0103rile, studiile \u015fi c\u0103r\u0163ile aflate pretutindeni \u00een lume pentru a crea posibilitatea tinerilor istorici de a cunoa\u015fte aceast\u0103 epoc\u0103 marcat\u0103 cu numele lui Mikl\u2019s Horthy, a subliniat S\u00e1ndor Lezs\u00e1k.<\/span><\/div>\n<div><span>La r\u00e2ndul s\u0103u, primarul localit\u0103\u0163ii, P\u00e1d\u00e1r L\u00e1szl\u00f3n\u00e9, a men\u0163ionat c\u0103 locuitorii acestui ora\u015f sunt m\u00e2ndrii de mo\u015ftenirea istoric\u0103 \u015fi se str\u0103duiesc s\u0103 duc\u0103 pe mai departe a\u015fa cum se cuvine. \u00cen ultimii 20 de ani mai multe sute de mii de persoane au venit din toate col\u0163urile lumii la cripta familiei Horthy. La morm\u00e2ntul bunicului s\u0103u, nepotul guvernatorului, Istv\u00e1n Horthy, a amintit prin cuvinte pline de afec\u0163iune de mama sa, de v\u0103duva Horthy Istv\u00e1nn\u00e9 grof Edelsheim Gyulai Ilona, decedat\u0103 \u00een aceast\u0103 prim\u0103var\u0103, care a considerat p\u00e2n\u0103 \u00een ultima clip\u0103 c\u0103 este obliga\u0163ia sa sf\u00e2nt\u0103 crearea unei imagini legitime despre rolul istoric \u00eendeplinit de fostul guvernator.<\/span><\/div>\n<div><span>Comemorarea s-a \u00eencheiat cu depuneri de coroane de flori la cripta familiei Horthy. <\/span><\/div>\n<div><span>Re\u00eenhumarea osemintelor fostului guvernator Mikl\u00f3s Horthy a avut loc pe 4 septembrie 1993, la ini\u0163iativa Asocia\u0163iei Marinarilor Maghiari. Osemintele guvernatorului \u015fi ale so\u0163iei sale, precum \u015fi ale b\u0103iatul lor, Mikl\u00f3s Horthy, au fost aduse \u00een Ungaria din Portugalia. <\/span><\/div>\n<div><\/div>\n<p><span>Sz\u00e9kely D\u00e9nes<\/span><\/p>\n","protected":false},"excerpt":{"rendered":"<p>Veteranii marinei militare sus\u0163in c\u0103 re\u00eenhumarea osemintelor fostului guvernator, Mikl\u00f3s Horthy, a fost o ini\u0163iativ\u0103 curajoas\u0103, iar vicepre\u015fedintele Parlamentului Ungariei \u00eel consider\u0103 drept <\/p>\n","protected":false},"author":1,"featured_media":0,"comment_status":"open","ping_status":"open","sticky":false,"template":"","format":"standard","meta":{"footnotes":""},"categories":[1],"tags":[],"class_list":["post-22","post","type-post","status-publish","format-standard","hentry","category-fara-categorie"],"_links":{"self":[{"href":"https:\/\/hatarok-nelkul.com\/ro\/index.php?rest_route=\/wp\/v2\/posts\/22","targetHints":{"allow":["GET"]}}],"collection":[{"href":"https:\/\/hatarok-nelkul.com\/ro\/index.php?rest_route=\/wp\/v2\/posts"}],"about":[{"href":"https:\/\/hatarok-nelkul.com\/ro\/index.php?rest_route=\/wp\/v2\/types\/post"}],"author":[{"embeddable":true,"href":"https:\/\/hatarok-nelkul.com\/ro\/index.php?rest_route=\/wp\/v2\/users\/1"}],"replies":[{"embeddable":true,"href":"https:\/\/hatarok-nelkul.com\/ro\/index.php?rest_route=%2Fwp%2Fv2%2Fcomments&post=22"}],"version-history":[{"count":0,"href":"https:\/\/hatarok-nelkul.com\/ro\/index.php?rest_route=\/wp\/v2\/posts\/22\/revisions"}],"wp:attachment":[{"href":"https:\/\/hatarok-nelkul.com\/ro\/index.php?rest_route=%2Fwp%2Fv2%2Fmedia&parent=22"}],"wp:term":[{"taxonomy":"category","embeddable":true,"href":"https:\/\/hatarok-nelkul.com\/ro\/index.php?rest_route=%2Fwp%2Fv2%2Fcategories&post=22"},{"taxonomy":"post_tag","embeddable":true,"href":"https:\/\/hatarok-nelkul.com\/ro\/index.php?rest_route=%2Fwp%2Fv2%2Ftags&post=22"}],"curies":[{"name":"wp","href":"https:\/\/api.w.org\/{rel}","templated":true}]}}