{"id":2217,"date":"2017-03-17T22:38:47","date_gmt":"2017-03-17T20:38:47","guid":{"rendered":"http:\/\/hatarok-nelkul.com\/ro\/?p=2217"},"modified":"2017-03-17T22:39:25","modified_gmt":"2017-03-17T20:39:25","slug":"janos-ader-a-fost-reales-presedinte-al-ungariei","status":"publish","type":"post","link":"https:\/\/hatarok-nelkul.com\/ro\/?p=2217","title":{"rendered":"J\u00e1nos \u00c1der a fost reales pre\u015fedinte al Ungariei"},"content":{"rendered":"<p><a href=\"https:\/\/hatarok-nelkul.com\/ro\/wp-content\/uploads\/2017\/03\/Ujravalasztottak-Adert.jpg\"><img loading=\"lazy\" decoding=\"async\" class=\"size-thumbnail wp-image-2218 alignleft\" src=\"https:\/\/hatarok-nelkul.com\/ro\/wp-content\/uploads\/2017\/03\/Ujravalasztottak-Adert-150x150.jpg\" alt=\"\" width=\"150\" height=\"150\" \/><\/a>La votul secret care a avut loc \u00een Parlamentul Ungariei, candidatul FIDESZ &#8211; KDNP (Partidul Popular Cre\u015ftin Democrat), J\u00e1nos \u00c1der a primit 131 de voturi, iar contracandidatul s\u0103u, L\u00e1szl\u00f3 Majt\u00e9nyi, sus\u0163inut de opozi\u0163ie, a ob\u0163inut 39 de voturi. Parlamentul de la Budapesta l-a reales, \u00een turul doi, pe J\u00e1nos \u00c1der \u00een func\u0163ia de \u015fef al statului, dup\u0103 invalidarea primului tur al votului, din cauz lipsei unei majorit\u0103\u0163i de dou\u0103 treimi, iar \u00een al doilea tur a contat doar care dintre cei doi candida\u0163i a ob\u0163inut mai multe voturi, informeaz\u0103 portalul hirado.hu.<\/p>\n<p>\u00cenainte de alegerea \u00een Parlament a noului pre\u015fedinte al Ungariei, J\u00e1nos \u00c1der a declarat: Ultimii cinci ani mi-au \u00eent\u0103rit convingerea c\u0103 performan\u0163a trebuie s\u0103 fie o chestiune central\u0103 a vie\u0163ii noastre.<\/p>\n<p>&#8220;Am avut onoarea pentru a doua oar\u0103 s\u0103 fiu desemnat candidat pentru aceast\u0103 func\u0163ie&#8221;, a spus J\u00e1nos \u00c1der. \u015eeful statului i-a mul\u0163umit, \u00een acela\u015fi timp, contracandidatului s\u0103u, L\u00e1szl\u00f3 Majt\u00e9nyi, pentru c\u0103 \u015fi-a asumat competi\u0163ia.<\/p>\n<p>\u00cenainte de alegerea pre\u015fedintelui Ungariei, J\u00e1nos \u00c1der a prezentat activitatea desf\u0103\u015furat\u0103 \u00een ultimii cinci ani. Dup\u0103 cum a amintit, \u00een 2012 a promis c\u0103, \u00een calitate de \u015fef al statului, va fi purt\u0103torul de cuv\u00e2nt al intereselor \u015fi valorilor maghiarilor. \u00cen ce m\u0103sur\u0103 a reu\u015fit, o poate dovedi \u00eent\u00e2lnirea cu omologul s\u0103u s\u00e2rb, Tomislav Nikolici, moment \u00een care a reu\u015fit s\u0103 ob\u0163in\u0103 iertarea Serbiei, fiind abrogat\u0103 hot\u0103r\u00e2rea din 1945 privind crimele colective s\u0103v\u00e2r\u015fite de maghiari.<\/p>\n<p>J\u00e1nos \u00c1der a mai precizat c\u0103, \u00een activitatea sa de \u015fef al statului, un loc aparte l-a avut responsabilitatea fa\u0163\u0103 de genera\u0163ia viitoare, deoarece &#8220;avem o responsabilitate comun\u0103 fa\u0163\u0103 de mediul nostru natural \u015fi construit&#8221;. &#8220;A fost foarte trist s\u0103 m\u0103 confrunt cu iresponsabilitatea unor guverne&#8221;, a spus J\u00e1nos \u00c1der, referindu-se la pericolele pe care le reprezint\u0103 schimb\u0103rile climatice. J\u00e1nos \u00c1der a firmat c\u0103 dore\u015fte s\u0103 munceasc\u0103 pe baza valorilor pe care le-a promovat timp de cinci ani. &#8220;Vrem ca \u0163ara s\u0103 tr\u0103iasc\u0103, sau nu vrem&#8221;, s-a \u00eentrebat \u00een \u00eencheiere J\u00e1nos \u00c1der, cit\u00e2nd-ul pe poetul maghiar J\u00e1nos Arany, potrivit portalului inforadio.hu.<\/p>\n<p>Sursa: hirado.hu, inforadio.hu<\/p>\n<p>Traducerea: Sz\u00e9kely D\u00e9nes<\/p>\n<p>Foto: Reggeli \u00dajs\u00e1g<\/p>\n","protected":false},"excerpt":{"rendered":"<p>La votul secret care a avut loc \u00een Parlamentul Ungariei, candidatul FIDESZ &#8211; KDNP (Partidul Popular Cre\u015ftin Democrat), J\u00e1nos \u00c1der a primit 131 <\/p>\n","protected":false},"author":1,"featured_media":2218,"comment_status":"open","ping_status":"open","sticky":false,"template":"","format":"standard","meta":{"footnotes":""},"categories":[1],"tags":[],"class_list":["post-2217","post","type-post","status-publish","format-standard","has-post-thumbnail","hentry","category-fara-categorie"],"_links":{"self":[{"href":"https:\/\/hatarok-nelkul.com\/ro\/index.php?rest_route=\/wp\/v2\/posts\/2217","targetHints":{"allow":["GET"]}}],"collection":[{"href":"https:\/\/hatarok-nelkul.com\/ro\/index.php?rest_route=\/wp\/v2\/posts"}],"about":[{"href":"https:\/\/hatarok-nelkul.com\/ro\/index.php?rest_route=\/wp\/v2\/types\/post"}],"author":[{"embeddable":true,"href":"https:\/\/hatarok-nelkul.com\/ro\/index.php?rest_route=\/wp\/v2\/users\/1"}],"replies":[{"embeddable":true,"href":"https:\/\/hatarok-nelkul.com\/ro\/index.php?rest_route=%2Fwp%2Fv2%2Fcomments&post=2217"}],"version-history":[{"count":2,"href":"https:\/\/hatarok-nelkul.com\/ro\/index.php?rest_route=\/wp\/v2\/posts\/2217\/revisions"}],"predecessor-version":[{"id":2220,"href":"https:\/\/hatarok-nelkul.com\/ro\/index.php?rest_route=\/wp\/v2\/posts\/2217\/revisions\/2220"}],"wp:featuredmedia":[{"embeddable":true,"href":"https:\/\/hatarok-nelkul.com\/ro\/index.php?rest_route=\/wp\/v2\/media\/2218"}],"wp:attachment":[{"href":"https:\/\/hatarok-nelkul.com\/ro\/index.php?rest_route=%2Fwp%2Fv2%2Fmedia&parent=2217"}],"wp:term":[{"taxonomy":"category","embeddable":true,"href":"https:\/\/hatarok-nelkul.com\/ro\/index.php?rest_route=%2Fwp%2Fv2%2Fcategories&post=2217"},{"taxonomy":"post_tag","embeddable":true,"href":"https:\/\/hatarok-nelkul.com\/ro\/index.php?rest_route=%2Fwp%2Fv2%2Ftags&post=2217"}],"curies":[{"name":"wp","href":"https:\/\/api.w.org\/{rel}","templated":true}]}}