{"id":2232,"date":"2017-03-20T22:40:15","date_gmt":"2017-03-20T20:40:15","guid":{"rendered":"http:\/\/hatarok-nelkul.com\/ro\/?p=2232"},"modified":"2017-03-20T22:40:35","modified_gmt":"2017-03-20T20:40:35","slug":"dialoguri-fara-frontiere-interviu-cu-presedintele-partidului-popular-maghiar-din-transilvania-zsolt-szilagyi","status":"publish","type":"post","link":"https:\/\/hatarok-nelkul.com\/ro\/?p=2232","title":{"rendered":"Dialoguri f\u0103r\u0103 frontiere: interviu cu pre\u015fedintele Partidului Popular Maghiar din Transilvania, Zsolt Szil\u00e1gyi"},"content":{"rendered":"<p><a href=\"https:\/\/hatarok-nelkul.com\/ro\/wp-content\/uploads\/2017\/03\/szilagyizsolt.jpg\"><img loading=\"lazy\" decoding=\"async\" class=\"alignleft size-thumbnail wp-image-2233\" src=\"https:\/\/hatarok-nelkul.com\/ro\/wp-content\/uploads\/2017\/03\/szilagyizsolt-150x150.jpg\" alt=\"\" width=\"150\" height=\"150\" \/><\/a>La comemorarea martirilor secui \u015fi protestul urmat de acest moment, care au fost organizate cu prilejul Zilei Libert\u0103\u0163ii Secuie\u015fti, la T\u00e2rgu Mure\u015f, a participat \u015fi pre\u015fedintele Partidului Popular Maghiar din Transilvania, Zsolt Szil\u00e1gyi.<\/p>\n<p>L-am \u00eentrebat pe pre\u015fedintele partidului despre desf\u0103\u015furarea evenimentului \u015fi despre num\u0103rul participan\u0163ilor.<\/p>\n<p>Zsolt Szil\u00e1gyi: Num\u0103rul participan\u0163ilor este\u00a0 foarte greu de apreciat. Dar cred c\u0103 au fost mai multe mii, precum \u015fi \u00een anii anteriori; cred c\u0103 au fost \u00een jur de 10-20 de mii.<\/p>\n<p>Reporter: \u015ei anul trecut a\u0163i \u00eenainat o peti\u0163ie la care \u2013 se pare c\u0103 \u2013 nu a\u0163i primit nici un r\u0103spuns. Anul acesta peti\u0163ia a fost \u00eenregistrat\u0103, ceea ce v\u0103 confer\u0103 o mai mare \u00eencredere c\u0103 ve\u0163i primi un r\u0103spuns?<\/p>\n<p>Zsolt Szil\u00e1gyi: Nu am primit nici un r\u0103spuns la peti\u0163iile noastre \u00eenaintate \u00een anii preceden\u0163i. Guvernul respinge dialogul despre autonomie, UDMR nu are nici un interes s\u0103 se implice pentru demararea acestui dialog, iar nou\u0103 nu ne r\u0103m\u00e2ne altceva, dec\u00e2t s\u0103 lupt\u0103m \u00een continuare pentru a realiza acest dialog despre autonomie.<\/p>\n<p>Reporter: \u00cen c\u00e2t timp ar trebui s\u0103 primi\u0163i un r\u0103spuns?<\/p>\n<p>Zsolt Szil\u00e1gyi: Ar trebui \u00een 30 de zile, dar este vorba despre o solicitare de natur\u0103 politic\u0103, deci, are un con\u0163inut politic. Nu este o cerere administrativ\u0103, ci este o cerere care transmite mai departe solicitarea maghiarilor din Transilvania, a secuilor.<\/p>\n<p>Reporter: Cum au reac\u0163ionat participan\u0163ii la discursurile oaspe\u0163ilor din str\u0103in\u0103tate?<\/p>\n<p>Zsolt Szil\u00e1gyi: \u00centotdeauna reac\u0163ioneaz\u0103 cu aplauze furtunoase. \u015ei \u00een acest an a fost aplaudat mult, at\u00e2t invitatul nostru basc, c\u00e2t \u015fi cel flamand. Noi nu numai \u00een Rom\u00e2nia lupt\u0103m pentru autonomie \u015fi pentru autodeterminare, o lupt\u0103 pa\u015fnic\u0103 are loc pentru autonomie \u015fi \u00een Europa de Vest. Mai multe alte na\u0163iuni din Europa \u00een\u0163eleg c\u0103 Europa \u015fi Uniunea European\u0103 ar fi un continent mai liber, mai des\u0103v\u00e2r\u015fit \u015fi cu un nivel ridicat de securitate, dac\u0103 minorit\u0103\u0163ilor na\u0163ionale, popoarelor, care nu se afl\u0103 \u00eentr-o situa\u0163ie majoritar\u0103, s-ar crea posibilitatea pentru autodeterminare. Mul\u0163imea a empatizat cu con\u0163inutul discursurilor invita\u0163ilor no\u015ftri din str\u0103in\u0103tate. Maghiarii de aici au urm\u0103rit cu mare aten\u0163ie referendumurile sco\u0163ienilor \u015fi catalanilor. \u015ei anul trecut, c\u00e2nd a fost anun\u0163at c\u0103 urmeaz\u0103 s\u0103 rosteasc\u0103 un discurs o persoan\u0103 din Catalonia, mul\u0163imea a \u00eenceput s\u0103 aplaude \u015fi s\u0103 scandeze: \u201eCatalonia, Catalonia!\u201d \u015fi anul acesta la fel de mult a fost aplaudat reprezentantul basc sau flamand.<\/p>\n<p>Reporter: Cu ce \u00eenv\u0103\u0163\u0103minte sau concluzii s-a \u00eencheiat ac\u0163iunea din acest an, exist\u0103 ceva care ar trebui \u00eembun\u0103t\u0103\u0163it anul viitor?<\/p>\n<p>Zsolt Szil\u00e1gyi: Cred c\u0103, dac\u0103 statul rom\u00e2n \u00ee\u015fi respect\u0103 propriile sale legi, atunci organizatorii Consiliului Na\u0163ional Secuiesc \u015fi ai Partidului Popular Maghiar din Transilvania vor insista, prin toate mijloacele legale, pentru a s\u0103rb\u0103torii \u015fi anul viitor ziua de 10 Martie \u00een condi\u0163ii pa\u015fnice \u015fi democratice. Prin urmare, noi nu putem s\u0103 proced\u0103m mai corect, cu mai mult respect \u015fi nu putem s\u0103 respect\u0103m mai mult legile, dec\u00e2t le respect\u0103m \u015fi proced\u0103m acum. Asadar, pot s\u0103 spun doar c\u0103 \u015fi anul viitor vom participa \u015fi la organizarea Zilei Libert\u0103\u0163ii Secuie\u015ft, dar vom fi prezen\u0163i \u015fi printre participan\u0163i.<\/p>\n<p>Interviu realizat de: Bal\u00e1zs Magdolna<\/p>\n<p>Foto: Foter.ro<\/p>\n","protected":false},"excerpt":{"rendered":"<p>La comemorarea martirilor secui \u015fi protestul urmat de acest moment, care au fost organizate cu prilejul Zilei Libert\u0103\u0163ii Secuie\u015fti, la T\u00e2rgu Mure\u015f, a <\/p>\n","protected":false},"author":1,"featured_media":2233,"comment_status":"open","ping_status":"open","sticky":false,"template":"","format":"standard","meta":{"footnotes":""},"categories":[1],"tags":[],"class_list":["post-2232","post","type-post","status-publish","format-standard","has-post-thumbnail","hentry","category-fara-categorie"],"_links":{"self":[{"href":"https:\/\/hatarok-nelkul.com\/ro\/index.php?rest_route=\/wp\/v2\/posts\/2232","targetHints":{"allow":["GET"]}}],"collection":[{"href":"https:\/\/hatarok-nelkul.com\/ro\/index.php?rest_route=\/wp\/v2\/posts"}],"about":[{"href":"https:\/\/hatarok-nelkul.com\/ro\/index.php?rest_route=\/wp\/v2\/types\/post"}],"author":[{"embeddable":true,"href":"https:\/\/hatarok-nelkul.com\/ro\/index.php?rest_route=\/wp\/v2\/users\/1"}],"replies":[{"embeddable":true,"href":"https:\/\/hatarok-nelkul.com\/ro\/index.php?rest_route=%2Fwp%2Fv2%2Fcomments&post=2232"}],"version-history":[{"count":1,"href":"https:\/\/hatarok-nelkul.com\/ro\/index.php?rest_route=\/wp\/v2\/posts\/2232\/revisions"}],"predecessor-version":[{"id":2234,"href":"https:\/\/hatarok-nelkul.com\/ro\/index.php?rest_route=\/wp\/v2\/posts\/2232\/revisions\/2234"}],"wp:featuredmedia":[{"embeddable":true,"href":"https:\/\/hatarok-nelkul.com\/ro\/index.php?rest_route=\/wp\/v2\/media\/2233"}],"wp:attachment":[{"href":"https:\/\/hatarok-nelkul.com\/ro\/index.php?rest_route=%2Fwp%2Fv2%2Fmedia&parent=2232"}],"wp:term":[{"taxonomy":"category","embeddable":true,"href":"https:\/\/hatarok-nelkul.com\/ro\/index.php?rest_route=%2Fwp%2Fv2%2Fcategories&post=2232"},{"taxonomy":"post_tag","embeddable":true,"href":"https:\/\/hatarok-nelkul.com\/ro\/index.php?rest_route=%2Fwp%2Fv2%2Ftags&post=2232"}],"curies":[{"name":"wp","href":"https:\/\/api.w.org\/{rel}","templated":true}]}}