{"id":2350,"date":"2017-06-05T19:52:34","date_gmt":"2017-06-05T16:52:34","guid":{"rendered":"http:\/\/hatarok-nelkul.com\/ro\/?p=2350"},"modified":"2017-06-05T19:52:51","modified_gmt":"2017-06-05T16:52:51","slug":"familia-inseamna-dragoste-nu-adn","status":"publish","type":"post","link":"https:\/\/hatarok-nelkul.com\/ro\/?p=2350","title":{"rendered":"\u201eFamilia \u00eenseamn\u0103 dragoste, nu ADN\u201d"},"content":{"rendered":"<p><a href=\"https:\/\/hatarok-nelkul.com\/ro\/wp-content\/uploads\/2017\/06\/tabor.jpg\"><img loading=\"lazy\" decoding=\"async\" class=\"alignleft size-thumbnail wp-image-2351\" src=\"https:\/\/hatarok-nelkul.com\/ro\/wp-content\/uploads\/2017\/06\/tabor-150x150.jpg\" alt=\"\" width=\"150\" height=\"150\" \/><\/a>Serbarea Copiilor Adopta\u021bi, eveniment unic \u00een Rom\u00e2nia, a avut loc pe 28 mai, la tab\u0103ra Benedek Mez\u0151 de l\u00e2ng\u0103 Sf\u00e2ntu Gheorghe.<\/p>\n<p>Evenimentul a fost organizat pentru al 12-lea ani de Asocia\u021bia cov\u0103snean\u0103 Pro Adopt \u0219i Direc\u021bia General\u0103 pentru Asisten\u021b\u0103 Social\u0103 \u0219i Protec\u021bia Copilului Covasna.<\/p>\n<p>Evenimentul, unic \u00een Rom\u00e2nia, aduce la un loc sute de p\u0103rin\u021bi din toat\u0103 \u021bara, care au adoptat copii din judetul Covasna.<\/p>\n<p>\u201cAcum 12 ani am plecat la drum al\u0103turi de preotul Kov\u00e1cs Istv\u00e1n, cu m\u0103micu\u021ba Maria Bra\u0219oveanu \u0219i cu \u00eenc\u0103 o m\u0103mic\u0103. Am plecat la T\u00e2rgu Mure\u0219 \u0219i am pus la cale \u00eenfiin\u021barea Asocia\u021biei p\u0103rin\u021bilor Pro Adopt din nevoia acestora de a se reg\u0103si, de a se \u00eent\u00e2lni unii cu ceilal\u021bi, dar \u0219i din nevoia copiilor de a se \u00eent\u00e2lni \u0219i de a participa la aceast\u0103 serbare \u0219i nu numai\u201d, ne-a declarat coordonatorul principal al evenimentului, asistentul social din cadrul DGASPC Covasna, voluntarul \u201ePro Adopt\u201d, Clementina Trofin.<\/p>\n<p>Prezent\u0103 la eveniment, directoarea Protec\u0163iei Copilului Covasna, Vass M\u00e1ria, a declarat, printre altele, c\u0103 \u201efamilia \u00eenseamn\u0103 dragoste, nu ADN. (\u2026) Pentru un copil nu conteaz\u0103 cine sunt rudele de s\u00e2nge, ci mai degrab\u0103 cine sunt persoanele care zi de zi \u00eel \u00eenconjoar\u0103 cu dragoste. \u00a0Pentru ei familia adev\u0103rat\u0103 este cea care se bucur\u0103 de existen\u021ba lor, unde sunt accepta\u021bi \u0219i crescu\u021bi cu dragoste. P\u0103rin\u021bii adev\u0103ra\u021bi sunt cei care vor fi l\u00e2ng\u0103 copil \u00een toate evenimentele importante ale vie\u021bii. Aceste lucruri conteaz\u0103, nu ADN-ul\u201d.<\/p>\n<h2>\u201cAdresez felicit\u0103ri cov\u0103snenilor, Asocia\u021biei Pro Adopt, Direc\u021biei pentru Protec\u021bia Copilului Covasna pentru c\u0103 aduc \u00een permanen\u021b\u0103 fericire copiilor, care sunt de fapt viitorul \u021b\u0103rii\u201d, ne-a declarat pre\u0219edintele Asocia\u021biei Catharsis din Bra\u0219ov, Azota Popescu, unul dintre partenerii de n\u0103dejde ai institu\u021biilor \u0219i asocia\u021biilor cov\u0103snene care au aderat \u00een urm\u0103 cu 20 de ani la lupta pentru drepturile copiilor din jude\u021b, dar \u0219i din Rom\u00e2nia.<\/h2>\n<p><strong>Adop\u021biile \u00een jude\u021bul Covasna sunt \u00een cre\u0219tere\u00a0<\/strong><\/p>\n<p>Faptul c\u0103 lupta acestor institu\u021bii \u0219i asocia\u021bii este una care d\u0103 roade o arat\u0103 cele mai recente date f\u0103cute publice \u00een cadrul evenimentului de duminic\u0103 de c\u0103tre directoarea DGASPC Covasna, Vass M\u00e1ria.<\/p>\n<p>Dac\u0103 \u00een tot anul 2016 s-au eliberat 18 atestate, respectiv documente care arat\u0103 c\u0103 o familie este apt\u0103 s\u0103 adopte, deja \u00een luna mai 2017 sunt \u00eenregistrate 8 atestate eliberate.<\/p>\n<p>O veste cu adev\u0103rat \u00eembucur\u0103toare este c\u0103 dac\u0103 \u00een tot anul trecut s-au f\u0103cut 17 \u00eencredin\u021b\u0103ri \u00een vederea adop\u021biei, adic\u0103 plasament pe o durat\u0103 de trei luni la familia adoptatoare, c\u00e2nd adop\u021bia nu este definitivat\u0103, deja anul acesta sunt \u00eenregistrate 13.<\/p>\n<p>Tendin\u021ba pozitiv\u0103 din r\u00e2ndul adop\u021biilor este datorat\u0103 schimb\u0103rilor legislative \u00eenregistrate \u00een august anul trecut, spun speciali\u0219tii. Cea mai mare cre\u0219tere s-a \u00eenregistrat \u00een r\u00e2ndul copiilor cataloga\u021bi drept \u201egreu adoptabili\u201d, adic\u0103 cei cu v\u00e2rste de peste patru ani.<\/p>\n<p>\u00cen Rom\u00e2nia lui 2017 sunt peste 3.000 de copii adoptabili, care a\u0219teapt\u0103 cumin\u021bi s\u0103 primeasc\u0103 o via\u021b\u0103 adev\u0103rat\u0103, cu speran\u021be, cu vise care pot deveni realitate al\u0103turi de o familie complet\u0103.<\/p>\n<p>Sursa: Covasnamedia.ro<\/p>\n<p>Foto: H\u00e1romsz\u00e9k<\/p>\n<h1><\/h1>\n<h1><\/h1>\n","protected":false},"excerpt":{"rendered":"<p>Serbarea Copiilor Adopta\u021bi, eveniment unic \u00een Rom\u00e2nia, a avut loc pe 28 mai, la tab\u0103ra Benedek Mez\u0151 de l\u00e2ng\u0103 Sf\u00e2ntu Gheorghe. Evenimentul a <\/p>\n","protected":false},"author":1,"featured_media":2351,"comment_status":"open","ping_status":"open","sticky":false,"template":"","format":"standard","meta":{"footnotes":""},"categories":[1],"tags":[],"class_list":["post-2350","post","type-post","status-publish","format-standard","has-post-thumbnail","hentry","category-fara-categorie"],"_links":{"self":[{"href":"https:\/\/hatarok-nelkul.com\/ro\/index.php?rest_route=\/wp\/v2\/posts\/2350","targetHints":{"allow":["GET"]}}],"collection":[{"href":"https:\/\/hatarok-nelkul.com\/ro\/index.php?rest_route=\/wp\/v2\/posts"}],"about":[{"href":"https:\/\/hatarok-nelkul.com\/ro\/index.php?rest_route=\/wp\/v2\/types\/post"}],"author":[{"embeddable":true,"href":"https:\/\/hatarok-nelkul.com\/ro\/index.php?rest_route=\/wp\/v2\/users\/1"}],"replies":[{"embeddable":true,"href":"https:\/\/hatarok-nelkul.com\/ro\/index.php?rest_route=%2Fwp%2Fv2%2Fcomments&post=2350"}],"version-history":[{"count":1,"href":"https:\/\/hatarok-nelkul.com\/ro\/index.php?rest_route=\/wp\/v2\/posts\/2350\/revisions"}],"predecessor-version":[{"id":2352,"href":"https:\/\/hatarok-nelkul.com\/ro\/index.php?rest_route=\/wp\/v2\/posts\/2350\/revisions\/2352"}],"wp:featuredmedia":[{"embeddable":true,"href":"https:\/\/hatarok-nelkul.com\/ro\/index.php?rest_route=\/wp\/v2\/media\/2351"}],"wp:attachment":[{"href":"https:\/\/hatarok-nelkul.com\/ro\/index.php?rest_route=%2Fwp%2Fv2%2Fmedia&parent=2350"}],"wp:term":[{"taxonomy":"category","embeddable":true,"href":"https:\/\/hatarok-nelkul.com\/ro\/index.php?rest_route=%2Fwp%2Fv2%2Fcategories&post=2350"},{"taxonomy":"post_tag","embeddable":true,"href":"https:\/\/hatarok-nelkul.com\/ro\/index.php?rest_route=%2Fwp%2Fv2%2Ftags&post=2350"}],"curies":[{"name":"wp","href":"https:\/\/api.w.org\/{rel}","templated":true}]}}