{"id":2373,"date":"2017-06-12T16:15:50","date_gmt":"2017-06-12T13:15:50","guid":{"rendered":"http:\/\/hatarok-nelkul.com\/ro\/?p=2373"},"modified":"2017-06-12T21:13:30","modified_gmt":"2017-06-12T18:13:30","slug":"presedintele-klaus-iohannis-a-fost-primit-la-casa-alba-de-omologul-sau-american-donald-trump","status":"publish","type":"post","link":"https:\/\/hatarok-nelkul.com\/ro\/?p=2373","title":{"rendered":"Pre\u015fedintele Klaus Iohannis a fost primit la Casa Alb\u0103 de omologul s\u0103u american, Donald Trump"},"content":{"rendered":"<p><a href=\"https:\/\/hatarok-nelkul.com\/ro\/wp-content\/uploads\/2017\/06\/iohannis-trump.jpg\"><img loading=\"lazy\" decoding=\"async\" class=\"alignleft size-thumbnail wp-image-2374\" src=\"https:\/\/hatarok-nelkul.com\/ro\/wp-content\/uploads\/2017\/06\/iohannis-trump-150x150.jpg\" alt=\"\" width=\"150\" height=\"150\" \/><\/a>Dup\u0103 \u00eentrevederea bilateral\u0103 dintre Klaus Iohannis \u015fi Donald Trump, care a avut loc \u00een SUA, cei doi pre\u015fedin\u0163i au f\u0103cut declara\u0163ii de pres\u0103.<\/p>\n<p>La conferin\u0163a de pres\u0103 comun\u0103, pre\u0219edintele Statelor Unite, Donald Trump, \u0219i-a exprimat \u00a0aprecierea fa\u021b\u0103 de Rom\u00e2nia \u0219i fa\u021b\u0103 de omologul s\u0103u rom\u00e2n, Klaus Iohannis, \u00een calitate de alia\u021bi ai SUA.<\/p>\n<p>\u201cRom\u00e2nia este con\u015ftient\u0103 c\u0103 ne afl\u0103m pe flancul estic al NATO \u015fi nu putem sta acolo f\u0103r\u0103 parteneriatul american, nu putem r\u0103m\u00e2ne acolo f\u0103r\u0103 SUA\u201d, a declarat pre\u015fedintele Klaus Iohannis la conferin\u0163a comun\u0103 de pres\u0103 sus\u0163inut\u0103 du Donald Trump. \u201cPe de alt\u0103 parte, Parteneriatul nostru are oportunit\u0103\u0163i imense nu doar \u00een chestiuni de siguran\u0163\u0103, dar \u015fi de natur\u0103 comercial\u0103, economic\u0103. De aceea este foarte important\u201d, a ad\u0103ugat Klaus Iohannis.<\/p>\n<p>Pre\u015fedintele Rom\u00e2niei a apreciat implicarea pre\u015fedintelui Trump \u00een lupta \u00eempotriva terorismului.<\/p>\n<p>&#8220;Vreau s\u0103 mul\u021bumesc poporului rom\u00e2n pentru \u00eentreaga sa contribu\u021bie la ap\u0103rarea noastr\u0103 comun\u0103 \u0219i la lupta \u00eempotriva amenin\u021b\u0103rii diabolice a terorismului&#8221;, a spus Trump.<\/p>\n<p>Donald Trump l-a felicitat pe omologul s\u0103u rom\u00e2n pentru &#8220;rolul de lider \u00een angajamentul de anul acesta al Rom\u00e2niei de a-\u0219i cre\u0219te cheltuielile pentru ap\u0103rare de la 1,4% din PIB la peste 2%. Sper\u0103m c\u0103 ceilal\u021bi alia\u021bi ai no\u0219tri din NATO vor urma exemplul Rom\u00e2niei&#8221; \u0219i \u00ee\u0219i vor pl\u0103ti &#8220;partea cinstit\u0103&#8221; din costul comun al ap\u0103r\u0103rii\u201d.<\/p>\n<p>&#8220;Rela\u021biile dintre \u021b\u0103rile noastre dateaz\u0103 de peste un secol, dar ast\u0103zi reafirm\u0103m \u0219i celebr\u0103m \u00een special parteneriatul nostru strategic, care a \u00eenceput acum mai bine de 20 de ani. Acest parteneriat acoper\u0103 multe dimensiuni, inclusiv leg\u0103turi militare, economice \u0219i culturale, iar ast\u0103zi \u00eent\u0103rim \u0219i mai mult aceste leg\u0103turi&#8221;, a ar\u0103tat pre\u0219edintele american.<\/p>\n<p>Adres\u00e2ndu-i-se din nou lui Iohannis, Trump a continuat: &#8220;Domnule pre\u0219edinte, doresc s\u0103 v\u0103 aplaud curajul \u0219i eforturile dumneavoastr\u0103 curajoase \u00een Rom\u00e2nia de a lupta \u00eempotriva corup\u021biei \u0219i de a ap\u0103ra statul de drept. Aceast\u0103 munc\u0103 este necesar\u0103 pentru a crea un mediu \u00een care s\u0103 poat\u0103 \u00eenflori schimburile \u0219i comer\u021bul, \u00een care cet\u0103\u021benii s\u0103 poat\u0103 prospera. Sunt ner\u0103bd\u0103tor s\u0103 colaborez cu dv. pentru a aprofunda leg\u0103turile, at\u00e2t comerciale, c\u00e2t \u0219i culturale, \u00eentre \u021b\u0103rile noastre&#8221;.<\/p>\n<p>Sursa: Agerpres<\/p>\n<p>Foto: Digi24<\/p>\n<p>&nbsp;<\/p>\n","protected":false},"excerpt":{"rendered":"<p>Dup\u0103 \u00eentrevederea bilateral\u0103 dintre Klaus Iohannis \u015fi Donald Trump, care a avut loc \u00een SUA, cei doi pre\u015fedin\u0163i au f\u0103cut declara\u0163ii de pres\u0103. <\/p>\n","protected":false},"author":1,"featured_media":2374,"comment_status":"open","ping_status":"open","sticky":false,"template":"","format":"standard","meta":{"footnotes":""},"categories":[29],"tags":[32,31,37,30,33,36,34],"class_list":["post-2373","post","type-post","status-publish","format-standard","has-post-thumbnail","hentry","category-externe","tag-casa-alba","tag-donald-trump","tag-hatarok-nelkul-com","tag-klaus-iohannis","tag-romania","tag-stiri-fara-frontiere","tag-usa"],"_links":{"self":[{"href":"https:\/\/hatarok-nelkul.com\/ro\/index.php?rest_route=\/wp\/v2\/posts\/2373","targetHints":{"allow":["GET"]}}],"collection":[{"href":"https:\/\/hatarok-nelkul.com\/ro\/index.php?rest_route=\/wp\/v2\/posts"}],"about":[{"href":"https:\/\/hatarok-nelkul.com\/ro\/index.php?rest_route=\/wp\/v2\/types\/post"}],"author":[{"embeddable":true,"href":"https:\/\/hatarok-nelkul.com\/ro\/index.php?rest_route=\/wp\/v2\/users\/1"}],"replies":[{"embeddable":true,"href":"https:\/\/hatarok-nelkul.com\/ro\/index.php?rest_route=%2Fwp%2Fv2%2Fcomments&post=2373"}],"version-history":[{"count":1,"href":"https:\/\/hatarok-nelkul.com\/ro\/index.php?rest_route=\/wp\/v2\/posts\/2373\/revisions"}],"predecessor-version":[{"id":2375,"href":"https:\/\/hatarok-nelkul.com\/ro\/index.php?rest_route=\/wp\/v2\/posts\/2373\/revisions\/2375"}],"wp:featuredmedia":[{"embeddable":true,"href":"https:\/\/hatarok-nelkul.com\/ro\/index.php?rest_route=\/wp\/v2\/media\/2374"}],"wp:attachment":[{"href":"https:\/\/hatarok-nelkul.com\/ro\/index.php?rest_route=%2Fwp%2Fv2%2Fmedia&parent=2373"}],"wp:term":[{"taxonomy":"category","embeddable":true,"href":"https:\/\/hatarok-nelkul.com\/ro\/index.php?rest_route=%2Fwp%2Fv2%2Fcategories&post=2373"},{"taxonomy":"post_tag","embeddable":true,"href":"https:\/\/hatarok-nelkul.com\/ro\/index.php?rest_route=%2Fwp%2Fv2%2Ftags&post=2373"}],"curies":[{"name":"wp","href":"https:\/\/api.w.org\/{rel}","templated":true}]}}