{"id":2391,"date":"2017-06-18T21:06:29","date_gmt":"2017-06-18T18:06:29","guid":{"rendered":"http:\/\/hatarok-nelkul.com\/ro\/?p=2391"},"modified":"2017-07-11T13:47:57","modified_gmt":"2017-07-11T10:47:57","slug":"comisia-europeana-a-declansat-procedura-de-infringement-impotriva-cehiei-poloniei-si-ungariei","status":"publish","type":"post","link":"https:\/\/hatarok-nelkul.com\/ro\/?p=2391","title":{"rendered":"Comisia European\u0103 a declan\u0219at procedura de infringement \u00eempotriva Cehiei, Poloniei \u0219i Ungariei"},"content":{"rendered":"<p><a href=\"https:\/\/hatarok-nelkul.com\/ro\/wp-content\/uploads\/2017\/06\/procedura-de-infringement.jpg\"><img loading=\"lazy\" decoding=\"async\" class=\"alignleft size-thumbnail wp-image-2392\" src=\"https:\/\/hatarok-nelkul.com\/ro\/wp-content\/uploads\/2017\/06\/procedura-de-infringement-150x150.jpg\" alt=\"\" width=\"150\" height=\"150\" \/><\/a>Comisia European\u0103 a anun\u021bat pe 13 iunie declan\u0219area procedurii de infringement \u00eempotriva a trei state membre &#8211; Cehia, Polonia \u0219i Ungaria &#8211; care nu au respectat deciziile Uniunii Europene privind redistribuirea solicitan\u021bilor de azil \u00eentre \u021b\u0103rile membre.<\/p>\n<p>&#8221;\u00cen ultimele luni, Comisia a lansat apeluri repetate c\u0103tre acele state membre care nu au relocat deocamdat\u0103 nicio persoan\u0103 sau care nu se angajeaz\u0103 s\u0103 fac\u0103 acest lucru. \u00cen mod regretabil, \u00een pofida acestor apeluri, Cehia, Ungaria \u0219i Polonia, \u00eenc\u0103lc\u00e2ndu-\u0219i obliga\u021biile legale rezultate din Deciziile Consiliului \u0219i din angajamentele lor fa\u021b\u0103 de Grecia, Italia \u0219i alte state membre, nu au \u00eentreprins p\u00e2n\u0103 acum m\u0103surile necesare. \u00cen aceste condi\u021bii Comisia a decis s\u0103 declan\u0219eze procedura de infringement \u00eempotriva acestor state membre&#8221;, men\u021bioneaz\u0103 comunicatul.<\/p>\n<p>Conform deciziilor, cu putere juridic\u0103, ale guvernelor statelor membre ale UE, din septembrie 2015, Ungaria trebuie s\u0103 primeasc\u0103 timp de doi ani 1294 de imigran\u0163i, care au nevoie de protec\u0163ie interna\u0163ional\u0103,\u00a0 Polonia &#8211; 6182, iar Cehia \u2013 2691 de persoane. Autorit\u0103\u0163ile de la Budapesta \u015fi Var\u015fovia nu au preluat nici un imigrant din Greacia sau Italia, iar autorit\u0103\u0163ile de la Praga au preluat doar 12 persoane, dar de peste un an se delimiteaz\u0103 fa\u0163\u0103 de cota de imigran\u0163i stabilit\u0103 pentru Cehia.<\/p>\n<p>Comisarul european pentru migra\u0163ie, Dmitris Avramopoulos \u2013 cel care a anun\u0163at declan\u015farea procedurii de infringement \u2013 \u015fi-a exprimat \u00eencrederea c\u0103 cele trei \u0163\u0103ri membre ale UE \u00ee\u015fi vor revizui atitudinea \u015fi se vor solidariza cu solicitan\u0163ii de azil, precum \u015fi cu \u0163\u0103rile care si-au asumat o mare parte din aceast\u0103 povar\u0103.<\/p>\n<p><strong>Var\u015fovia nu este de acord cu decizia Comisiei Europene<\/strong><\/p>\n<p>\u201eVom respecta decizia Comisiei Europene, dar nu suntem de acord cu aceasta\u201d, a precizat purt\u0103torul de cuv\u00e2nt al Guvernului de la Var\u015fovia, Rafal Bochenek, la o conferin\u0163\u0103 de pres\u0103 sus\u0163inut\u0103 dup\u0103 anun\u0163ul Comisiei Europene. Purt\u0103torul de cuv\u00e2nt a mai subliniat: Guvernul condus de Beata Sydlo a considerat chiar de la \u00eenceput c\u0103 relocarea for\u0163at\u0103 a imigran\u0163ilor nu este o solu\u0163ie bun\u0103.<\/p>\n<p>\u201eOricare decizie privind relocarea imigran\u0163ilor va \u00eencuraja noi mii \u015fi milioane de oameni s\u0103 porneasc\u0103 la drum spre Europa, cu vapoare sau cu b\u0103rci, \u015fi s\u0103-\u015fi pericliteze via\u0163a\u201d, a ad\u0103ugat Bochenek, potrivit c\u0103ruia mecanismul privind distribuiea imigran\u0163ilor nu este eficient \u015fi ar fi nevoie de alte noi solu\u0163ii.<\/p>\n<p><strong>Praga nu particip\u0103 la distribuirea imigran\u0163ilor<\/strong><\/p>\n<p>Guvernul ceh \u00ee\u015fi men\u0163ine \u00een continuare pozi\u0163ia sa, potrivit c\u0103reia nu va participa \u00een procesul de distribuire a imigran\u0163ilor, conform cotelor obligatorii, a declarat, la Praga, premierul ceh, Bohuslav Sobotka. Cehia are argumente corespunz\u0103toare prin care \u00ee\u015fi poate ap\u0103ra pozi\u0163ia pe parcursul procedurii de infringement, a ad\u0103ugar premierul ceh.<\/p>\n<p>Executivul comunitar urmeaz\u0103 s\u0103 trimit\u0103 scrisori de notificare oficiale autorit\u0103\u021bilor de la Praga, Var\u0219ovia \u0219i Budapesta. Aceste scrisori marcheaz\u0103 primul pas al procedurii de infringement pe care Comisia European\u0103 o poate lansa \u00een cazul \u00een care un stat membru nu respect\u0103 obliga\u021biile ce-i revin \u00een conformitate cu tratatele \u0219i deciziile UE.<\/p>\n<p>Sursa: N\u00e9pszava.hu<\/p>\n<p>Traducerea: P\u00e9terfy T\u00fcnde<\/p>\n<p>Foto: B1.ro<\/p>\n","protected":false},"excerpt":{"rendered":"<p>Comisia European\u0103 a anun\u021bat pe 13 iunie declan\u0219area procedurii de infringement \u00eempotriva a trei state membre &#8211; Cehia, Polonia \u0219i Ungaria &#8211; care <\/p>\n","protected":false},"author":1,"featured_media":2392,"comment_status":"open","ping_status":"open","sticky":false,"template":"","format":"standard","meta":{"footnotes":""},"categories":[29],"tags":[77,80,71,60,74,78,37,72,69,70,81,73,79,68,36,40,75,82,76],"class_list":["post-2391","post","type-post","status-publish","format-standard","has-post-thumbnail","hentry","category-externe","tag-beata-sydlo","tag-bohuslav-sobotka","tag-cehia","tag-comisia-europeana","tag-dmitris-avramopoulos","tag-guvernul-polonez","tag-hatarok-nelkul-com","tag-infringement-impotriva-ungariei","tag-migranti","tag-polonia","tag-praga","tag-preluare-migranti","tag-premierul-ceh","tag-procedura-de-infringement","tag-stiri-fara-frontiere","tag-ungaria","tag-uniunea-europeana","tag-varsovia-si-budapesta","tag-viktor-orban"],"_links":{"self":[{"href":"https:\/\/hatarok-nelkul.com\/ro\/index.php?rest_route=\/wp\/v2\/posts\/2391","targetHints":{"allow":["GET"]}}],"collection":[{"href":"https:\/\/hatarok-nelkul.com\/ro\/index.php?rest_route=\/wp\/v2\/posts"}],"about":[{"href":"https:\/\/hatarok-nelkul.com\/ro\/index.php?rest_route=\/wp\/v2\/types\/post"}],"author":[{"embeddable":true,"href":"https:\/\/hatarok-nelkul.com\/ro\/index.php?rest_route=\/wp\/v2\/users\/1"}],"replies":[{"embeddable":true,"href":"https:\/\/hatarok-nelkul.com\/ro\/index.php?rest_route=%2Fwp%2Fv2%2Fcomments&post=2391"}],"version-history":[{"count":2,"href":"https:\/\/hatarok-nelkul.com\/ro\/index.php?rest_route=\/wp\/v2\/posts\/2391\/revisions"}],"predecessor-version":[{"id":2394,"href":"https:\/\/hatarok-nelkul.com\/ro\/index.php?rest_route=\/wp\/v2\/posts\/2391\/revisions\/2394"}],"wp:featuredmedia":[{"embeddable":true,"href":"https:\/\/hatarok-nelkul.com\/ro\/index.php?rest_route=\/wp\/v2\/media\/2392"}],"wp:attachment":[{"href":"https:\/\/hatarok-nelkul.com\/ro\/index.php?rest_route=%2Fwp%2Fv2%2Fmedia&parent=2391"}],"wp:term":[{"taxonomy":"category","embeddable":true,"href":"https:\/\/hatarok-nelkul.com\/ro\/index.php?rest_route=%2Fwp%2Fv2%2Fcategories&post=2391"},{"taxonomy":"post_tag","embeddable":true,"href":"https:\/\/hatarok-nelkul.com\/ro\/index.php?rest_route=%2Fwp%2Fv2%2Ftags&post=2391"}],"curies":[{"name":"wp","href":"https:\/\/api.w.org\/{rel}","templated":true}]}}