{"id":2498,"date":"2017-07-12T16:14:11","date_gmt":"2017-07-12T13:14:11","guid":{"rendered":"http:\/\/hatarok-nelkul.com\/ro\/?p=2498"},"modified":"2017-07-12T16:15:44","modified_gmt":"2017-07-12T13:15:44","slug":"a-inceput-tabara-de-vara-de-la-gombaszog","status":"publish","type":"post","link":"https:\/\/hatarok-nelkul.com\/ro\/?p=2498","title":{"rendered":"A \u00eenceput Tab\u0103ra de Var\u0103 de la Gombasz\u00f6g"},"content":{"rendered":"<p><a href=\"https:\/\/hatarok-nelkul.com\/ro\/wp-content\/uploads\/2017\/07\/Gombaszogi-Nyari-Tabor.jpg\"><img loading=\"lazy\" decoding=\"async\" class=\"alignleft size-thumbnail wp-image-2499\" src=\"https:\/\/hatarok-nelkul.com\/ro\/wp-content\/uploads\/2017\/07\/Gombaszogi-Nyari-Tabor-150x150.jpg\" alt=\"\" width=\"150\" height=\"150\" \/><\/a>\u201eTrebuie s\u0103 se ajung\u0103 la nivelul la care tinerii maghiari din Slovacia pot d\u0103inui, pot \u00eentemeia familii \u015fi asuma cre\u015fterea copiilor pe p\u0103m\u00e2ntul natal, deoarece numai aceast\u0103 condi\u0163ie asigur\u0103 un viitor sigur comunit\u0103\u0163ii maghiare de aici\u201d, a declarat, mar\u0163i, secretarul de stat ungar pentru politica na\u0163ional\u0103, \u00c1rp\u00e1d J\u00e1nos Pot\u00e1pi, la deschiderea festiv\u0103 a Taberei de Var\u0103 de la Gombasz\u00f6g.<\/p>\n<p>Tab\u0103ra de Var\u0103 de la Gombasz\u00f6g, care este o manifestare de var\u0103 tradi\u0163ional\u0103 a tinerilor maghiari din Slovacia, a fost salutat\u0103 de secretarul de stat ungar, \u00c1rp\u00e1d J\u00e1nos Pot\u00e1pi, de pre\u015fedintele Asocia\u0163iei Culturale \u015fi Sociale Maghiare din Slovacia (Csemadok), Gyula B\u00e1rdos, \u015fi de organizatorul principal al taberei, \u00d6rs Orosz.<\/p>\n<p>\u00cen discursul de salut, \u00c1rp\u00e1d J\u00e1nos Pot\u00e1pi, s-a referit la principale obiective ale politicii na\u0163ionale, precum \u015fi la posibilit\u0103\u0163ile \u015fi mijloacele menite s\u0103 contribuie la d\u0103inuirea \u015fi dezvoltarea comunit\u0103\u0163ii maghiare din Slovacia.<\/p>\n<p>Scopul cel mai important este \u2013 a spus Pot\u00e1pi \u2013 stoparea imigr\u0103rii tinerilor maghiari din Slovacia, crearea posibilit\u0103\u0163ii de d\u0103inuire a lor pe p\u0103m\u00e2ntul natal, pentru \u00eentemeierarea familiei, deoarece astfel poate fi asigurat un viitor sigur pentru maghiarii de aici, \u00een urm\u0103toarele decenii \u0219i secole.<\/p>\n<p>Pentru crearea acestui viitor este necesar, pe l\u00e2ng\u0103 cele amintite, \u015fi de consolidarea sistemului institu\u0163ional existent, a puterii bisericii \u015fi a reprezent\u0103rii \u00een sfera politic\u0103 a maghiarilor din Slovacia, a subliniat secretarul de stat ungar.<\/p>\n<p>Tab\u0103ra de Var\u0103 de la Gombasz\u00f6g se va \u00eencheia duminic\u0103 (16.07), programul taberei cuprinde, pe l\u00e2ng\u0103 muzic\u0103 u\u015foar\u0103 \u015fi popular\u0103, o serie de dezbateri pe teme politice \u015fi sociale.<\/p>\n<p>Sursa: hirado.hu<\/p>\n<p>Traducerea: Sz\u00e9kely D\u00e9nes<\/p>\n<p>Foto: Felvid\u00e9k.ma<\/p>\n<h2><\/h2>\n<h2><\/h2>\n<h2><\/h2>\n","protected":false},"excerpt":{"rendered":"<p>\u201eTrebuie s\u0103 se ajung\u0103 la nivelul la care tinerii maghiari din Slovacia pot d\u0103inui, pot \u00eentemeia familii \u015fi asuma cre\u015fterea copiilor pe p\u0103m\u00e2ntul <\/p>\n","protected":false},"author":1,"featured_media":2499,"comment_status":"open","ping_status":"open","sticky":false,"template":"","format":"standard","meta":{"footnotes":""},"categories":[218],"tags":[37,392,36,397],"class_list":["post-2498","post","type-post","status-publish","format-standard","has-post-thumbnail","hentry","category-social","tag-hatarok-nelkul-com","tag-slovacia","tag-stiri-fara-frontiere","tag-tabara-de-vara-de-la-gombaszog"],"_links":{"self":[{"href":"https:\/\/hatarok-nelkul.com\/ro\/index.php?rest_route=\/wp\/v2\/posts\/2498","targetHints":{"allow":["GET"]}}],"collection":[{"href":"https:\/\/hatarok-nelkul.com\/ro\/index.php?rest_route=\/wp\/v2\/posts"}],"about":[{"href":"https:\/\/hatarok-nelkul.com\/ro\/index.php?rest_route=\/wp\/v2\/types\/post"}],"author":[{"embeddable":true,"href":"https:\/\/hatarok-nelkul.com\/ro\/index.php?rest_route=\/wp\/v2\/users\/1"}],"replies":[{"embeddable":true,"href":"https:\/\/hatarok-nelkul.com\/ro\/index.php?rest_route=%2Fwp%2Fv2%2Fcomments&post=2498"}],"version-history":[{"count":1,"href":"https:\/\/hatarok-nelkul.com\/ro\/index.php?rest_route=\/wp\/v2\/posts\/2498\/revisions"}],"predecessor-version":[{"id":2500,"href":"https:\/\/hatarok-nelkul.com\/ro\/index.php?rest_route=\/wp\/v2\/posts\/2498\/revisions\/2500"}],"wp:featuredmedia":[{"embeddable":true,"href":"https:\/\/hatarok-nelkul.com\/ro\/index.php?rest_route=\/wp\/v2\/media\/2499"}],"wp:attachment":[{"href":"https:\/\/hatarok-nelkul.com\/ro\/index.php?rest_route=%2Fwp%2Fv2%2Fmedia&parent=2498"}],"wp:term":[{"taxonomy":"category","embeddable":true,"href":"https:\/\/hatarok-nelkul.com\/ro\/index.php?rest_route=%2Fwp%2Fv2%2Fcategories&post=2498"},{"taxonomy":"post_tag","embeddable":true,"href":"https:\/\/hatarok-nelkul.com\/ro\/index.php?rest_route=%2Fwp%2Fv2%2Ftags&post=2498"}],"curies":[{"name":"wp","href":"https:\/\/api.w.org\/{rel}","templated":true}]}}