{"id":2549,"date":"2017-07-29T12:35:22","date_gmt":"2017-07-29T09:35:22","guid":{"rendered":"http:\/\/hatarok-nelkul.com\/ro\/?p=2549"},"modified":"2017-07-29T12:36:44","modified_gmt":"2017-07-29T09:36:44","slug":"tusvanyos-europa-centrala-un-punct-sigur","status":"publish","type":"post","link":"https:\/\/hatarok-nelkul.com\/ro\/?p=2549","title":{"rendered":"Tusv\u00e1nyos &#8211; Europa Central\u0103, un punct sigur!?"},"content":{"rendered":"<p><strong><a href=\"https:\/\/hatarok-nelkul.com\/ro\/wp-content\/uploads\/2017\/07\/TUSVANYOS.jpg\"><img loading=\"lazy\" decoding=\"async\" class=\"alignleft size-thumbnail wp-image-2550\" src=\"https:\/\/hatarok-nelkul.com\/ro\/wp-content\/uploads\/2017\/07\/TUSVANYOS-150x150.jpg\" alt=\"\" width=\"150\" height=\"150\" \/><\/a>Afl\u0103m de la Universitatea de Var\u0103 \u015fi Tab\u0103ra Studen\u0163easc\u0103 Tusv\u00e1nyos, de la B\u0103ile Tu\u015fnad: 17 miliarde de forin\u021bi alocate pentru gr\u0103dini\u021bele maghiare din afara grani\u021belor Ungariei<\/strong><\/p>\n<p>\u00cen discursul rostit \u00een cadrul Universit\u0103\u0163ii de Var\u0103 \u015fi Tab\u0103ra Studen\u0163easc\u0103 Tusv\u00e1nyos, de la B\u0103ile Tu\u015fnad, vicepremierul Ungariei, Zsolt Semj\u00e9n, a amintit c\u0103 \u00een aceste zile a fost depus\u0103 solicitarea cu num\u0103rul un milion pentru acordarea cet\u0103\u0163eniei ungare, astfel c\u0103 proiectul privind unificarea na\u0163iunii maghiare \u00eenceput\u0103 \u00een 2010 a ajuns la un \u201cpunct de turnur\u0103\u201d.<\/p>\n<p>\u00cen Bazinul Carpatic au ob\u0163inut cet\u0103\u0163enia ungar\u0103, prin procedura simplificat\u0103, un num\u0103r de 845.000 de maghiari \u015fi \u00eenc\u0103 120.000 de maghiari care tr\u0103iesc pretutindeni \u00een lume, \u00een diferite \u0163\u0103ri ale lumii, respectiv \u00een diaspor\u0103. Potrivit vicepremierului ungar, p\u00e2n\u0103 la reuniunea din noiembrie a Consf\u0103turii Permanente Maghiare (M\u00c1\u00c9RT) va depune jur\u0103m\u00e2ntul \u015fi cet\u0103\u0163eanul maghiar, cu cifra un milion, care a solicitat cet\u0103\u0163enia ungar\u0103.<\/p>\n<p>Datorit\u0103 naturaliz\u0103rii simplificate, \u201cadministra\u0163ia maghiar\u0103\u201d s-a re\u00eentors \u00een a\u015fez\u0103rile locuite de maghiari de dincolo de grani\u0163ele Ungariei, ceea ce are o importan\u0163\u0103 major\u0103 din punct de vedere al politicii na\u0163ionale, a subliniat la B\u0103ile Tu\u015fnad, consilierul ministerial responsabil de naturalizarea simplificat\u0103, Tam\u00e1s Wetzel.<\/p>\n<p>La masa rotund\u0103, la care au fost dezb\u0103tute chestiuni privind cet\u0103\u0163enia ungar\u0103, alegerile \u015fi \u00eenregistrarea maghiarilor de dincolo de grani\u0163ele \u0163\u0103rii-mam\u0103, pentru a participa la alegeri, consilierul ministerial a precizat c\u0103, \u00een urm\u0103 cu 8-10 ani, participan\u0163ii la Universitatea de Var\u0103 B\u00e1lv\u00e1nyos visau doar la faptul c\u0103 Ungaria va avea un milion de cet\u0103\u0163eni noi, c\u0103 maghiarii care au ob\u0163inut dubla cet\u0103\u0163enie pot solicita la reprezentan\u0163ele externe ale Ungariei aflate \u00een apropierea domiciliului lor, pa\u015faportul maghiar.<\/p>\n<p>Pre\u015fedintele Biroului Na\u0163ional Electoral (NVI), Ilona P\u00e1lffy, a declarat c\u0103 p\u00e2n\u0103 \u00een prezent se afl\u0103 \u00een eviden\u0163\u0103 551 de mii de cet\u0103\u0163eni maghiari, adul\u0163i, care beneficiaz\u0103 de dreptul de vot, \u00eens\u0103 nu au o adres\u0103 de domiciliu \u00een Ungaria, astfel c\u0103 au dreptul doar la votul prin coresponden\u0163\u0103. Din cei 551 de mii de cet\u0103\u0163eni maghiari cu drept de vot prin coresponden\u0163\u0103, p\u00e2n\u0103 \u00een prezent s-au \u00eenscris \u00een lista electoral\u0103 trei sute de mii de cet\u0103\u0163eni.<\/p>\n<p>Consilierul \u00een Ministerul ungar de Externe, P\u00e1l Andr\u00e1s, a anun\u0163at c\u0103 acest minister va \u00eencheia un acord cu NVI pentru derularea alegerilor la reprezentan\u0163ele externe ale Ungariei.<\/p>\n<p>La o mas\u0103 rotund\u0103, numit\u0103 \u015fi mini-M\u00c1\u00c9RT, a Universit\u0103\u0163ii de Var\u0103 \u015fi Taberei Studen\u0163e\u0219ti de la B\u0103ile Tu\u0219nad, care a avut ca tem\u0103: politica na\u0163ional\u0103, Zsolt Semj\u00e9n a vorbit \u015fi despre rela\u0163iile maghiaro \u2013 rom\u00e2n\u0103. \u00cen opinia sa \u201cproblema nu este cu noi\u201d, dac\u0103 rela\u0163ia rom\u00e2no-maghiar\u0103 \u00eenc\u0103 nu evolueaz\u0103 \u00een mod corespunz\u0103tor. La masa rotund\u0103 au participat to\u0163i reprezentan\u0163ii p\u0103r\u0163ilor na\u0163iunii maghiare, precum \u015fi ai Guvernului ungar.<\/p>\n<p>\u201cLa revendic\u0103rile de drepturi fiecare parte a na\u0163iunii maghiare poate folosi ca exemplu pozitiv situa\u0163ia din Serbia, unde s-a ajuns \u00een etapa de finalizare a autonomiei culturale a comunit\u0103\u0163ii maghiare de acolo. Ungaria \u015fi comunitatea maghiar\u0103 au l\u0103sat \u00een urma lor r\u0103nile istorice \u015fi au ajuns la o \u00een\u0163elegere sincer\u0103 \u015fi s-au \u00eemp\u0103cat cu Serbia, iar rela\u0163iile dintre cele dou\u0103 \u0163\u0103ri sunt str\u00e2nse, de \u00eencredere \u015fi de prietenie, \u015fi la nivel interna\u0163ional. Dac\u0103 am reu\u015fit cu ei, nu cred c\u0103 problema este cu noi, c\u0103 nu reu\u015fim s\u0103 proced\u0103m la fel \u015fi cu rom\u00e2nii\u201d, a declarat oficialul ungar.<\/p>\n<p>Zsolt Semj\u00e9n tot ca un exemplu pozitiv a amintit \u015fi faptul c\u0103 \u00een cadrul cooper\u0103rii cu \u0163\u0103rile Grupului de la Vi\u0219egrad \u015fi militarii slovaci au ap\u0103rat grani\u0163a Ungariei, \u015fi c\u0103 Slovacia a trimis \u00een Ungaria militari vorbitori ai limbii maghiare. \u201cNu cred c\u0103 este vina noastr\u0103 c\u0103 nu s-a realizat ceva similar \u015fi cu rom\u00e2nii\u201d, a ad\u0103ugat Semj\u00e9n.<\/p>\n<p>Sensul \u015fi scopul statului ungar este d\u0103inuirea na\u0163iunii maghiare \u015fi \u00eembun\u0103t\u0103\u0163irea condi\u0163iilor de via\u0163\u0103 a maghiarilor. Na\u0163iunea maghiar\u0103 va putea d\u0103inui numai dac\u0103 va d\u0103inui fiecare parte a na\u0163iunii maghiare. De aceea, este firesc ca \u0163ara-mam\u0103 s\u0103 sprijine fiecare parte a na\u0163iunii maghiare de dincolo de grani\u0163ele sale, precum \u015fi pe maghiarii care tr\u0103iesc pretutindeni \u00een lume, ad\u0103ugat Semj\u00e9n.<\/p>\n<p>\u00cen opinia sa, primul pion tradi\u0163ional al sprijinului acordat de Ungaria \u00eel reprezint\u0103: \u00eenv\u0103\u0163\u0103m\u00e2ntul, cultura \u015fi p\u0103strarea identit\u0103\u0163ii. Suma alocat\u0103 \u00een acest sens de Ungaria a crescut de zece ori din 2010, iar azi atinge 90 de miliarde de forin\u0163i. Ungaria dispune azi \u015fi de o for\u0163\u0103 economic\u0103 suficient\u0103 nu numai pentru sus\u0163inerea p\u0103str\u0103rii identit\u0103\u0163ii, dar \u015fi pentru a aloca o sum\u0103 similar\u0103 pentru d\u0103inuirea pe p\u0103m\u00e2nt natal a maghiarilor de dincolo de grani\u0163ele sale. Cel de-al treilea factor al politicii na\u0163ionale \u00eel reprezint\u0103 extinderea acord\u0103rii cet\u0103\u0163eniei ungare.<\/p>\n<p>Zsolt Semj\u00e9n a considerat c\u0103 este la fel de important\u0103 \u015fi sus\u0163inerea organiza\u0163iilor maghiare de dincolo de grani\u0163ele Ungariei. Dup\u0103 cum a spus, nu este totuna ca organiza\u0163iile maghiare cu ce for\u0163\u0103 sunt prezente \u00een parlamentele \u0163\u0103rilor vecine cu Ungaria \u015fi dac\u0103 fac parte sau nu din coali\u0163iile guvernamentale<\/p>\n<p>Ministrul Resurselor Umane, Zolt\u00e1n Balog, a declarat, printre altele, c\u0103 aniversarea a 500 de ani de la Reforma religioas\u0103 protestant\u0103 este un bun prilej pentru preg\u0103tirea anivers\u0103rii, anul viitor, a 450 de ani de la Adunare General\u0103 de la Turda, care a fost prima adunare la nivel mondial care a proclamat libertatea religioas\u0103.<\/p>\n<p>Zolt\u00e1n Balog a mai precizat: \u00cen 2018, c\u00e2nd \u00een Rom\u00e2nia va fi s\u0103rb\u0103torit Centenarul Unirii Transilvaniei cu Rom\u00e2nia, centenar ce a fost proclamat unilateral, se a\u015fteapt\u0103 ca \u0163\u0103rile din Bazinul Carpatic s\u0103 manifeste respect fa\u0163\u0103 de spiritul libert\u0103\u0163ii religioase de la Turda, precum \u015fi s\u0103 fie respectat\u0103 litera Declara\u0163iei Marii Adun\u0103ri Na\u0163ionale de la Alba Iulia. \u201cDac\u0103 s-ar fi realizat jum\u0103tate din ceea ce este scris \u00een aceast\u0103 Declara\u0163ie, comunitatea maghiar\u0103 ar avea \u015fanse mult mai mari pentru supravie\u0163uire \u015fi dezvoltare\u201d, a spus ministrul ungar.<\/p>\n<p>Ministrul ungar al Resurselor Umane a mai afirmat la o mas\u0103 rotund\u0103 care a avut loc \u00een cadrul Universit\u0103\u0163ii de Var\u0103 \u015fi Taberei Studen\u0163e\u0219ti de la B\u0103ile Tu\u015fnad: Marea majoritate a tinerilor maghiari din afara grani\u0163elor Ungariei se consider\u0103 parte a na\u0163iunii maghiare, motiv pentru care \u015fi Guvernul ungar trebuie s\u0103 g\u00e2ndeasc\u0103 \u00eentr-un mod unitar la Bazinul Carpatic.<\/p>\n<p>Zolt\u00e1n Balog a prezentat rezultatele mai importante ale unui sondaj realizat \u00een r\u00e2ndul tinerilor maghiari, \u00een 2016. Referitor la scopul sondajului, a spus c\u0103 factorii de decizie trebuie s\u0103 \u015ftie unde tr\u0103iesc \u015fi cum g\u00e2ndesc tinerii maghiari despre ei \u015fi despre lume. Potrivit rezultatului sondajului realizat prin implicarea a 8.000 de tineri din Ungaria \u015fi a 4.000 de tineri din afara grani\u0163elor \u0163\u0103rii-mam\u0103, ace\u015fti tineri tr\u0103iesc \u00eentr-un mod similar \u015fi au viziuni asem\u0103n\u0103toare despre lume, a spus Zoltan Balog. 81,6% dintre tinerii maghiari din afara grani\u0163elor Ungariei se consider\u0103 ca parte a na\u0163iunii maghiare unitare.<\/p>\n<p>\u00cen perioada urm\u0103toare, Guvernul de la Budapesta va aloca 17 miliarde de forin\u0163i pentru construirea gr\u0103dini\u0163elor dincolo de frontierele Ungariei, a ad\u0103ugat Zolt\u00e1n Balog.<\/p>\n<p>La r\u00e2ndul s\u0103u, episcopul Eparhiei Reformate a Ardealului, B\u00e9la Kat\u00f3, a declarat: Este posibil c\u0103 azi nici Europa nu ar exista, dac\u0103 \u00een urm\u0103 cu 500 de ani nu ar fi avut loc reforma bisericii. Mi\u015fcarea bisericeasc\u0103 a schimbat modul de g\u00e2ndire al oamenilor, modul de a se raporta la munc\u0103, iar prin introducerea folosirii limbii materne \u00een biseric\u0103 a crescut \u015fi importan\u0163a chestiunii identit\u0103\u0163ii. \u201cReforma religioas\u0103 a avut un efect serios, deoarece a dat r\u0103spunsuri la \u00eentreb\u0103rile ap\u0103rute \u00een toate domeniile vie\u0163ii. Dac\u0103 nu putem da r\u0103spunsuri la \u00eentreb\u0103rile obi\u015fnuite ale oamenilor, se pune sub semnul \u00eentreb\u0103rii d\u0103inuirea noastr\u0103\u201d, a subliniat B\u00e9la Kat\u00f3.<\/p>\n<p>Ziaristul britanic, David Campanale, a declarat \u00een cadrul discursului s\u0103u rostit cu mare entuziasm: Exemplul ata\u015famentului fa\u0163\u0103 de Dumneazu \u015fi credin\u0163\u0103 manifestat de Ungaria \u015fi Polonia confer\u0103 speran\u0163\u0103 pentru \u00eentreaga Europ\u0103.<\/p>\n<p>La o mas\u0103 rotund\u0103 care a avut loc joi, la Universitatea de Var\u0103 B\u00e1lv\u00e1nyos, reprezentan\u0163ii pedagogilor maghiari din afara grani\u0163elor Ungariei, precum \u015fi ai organiza\u0163iilor biserice\u015fti \u015fi ai societ\u0103\u0163ii civile au eviden\u0163iat lipsa unor institu\u0163ii de \u00eenv\u0103\u0163\u0103m\u00e2nt care s\u0103 sprijine activitatea profesional\u0103, \u015fi au subliniat: Trebuie depuse eforturi pentru ca p\u0103rin\u0163ii s\u0103 \u00eenscrie copiii \u00een \u015fcoli cu predare \u00een limba maghiar\u0103, indiferent de domiciliul lor.<\/p>\n<p>Liderii partidelor maghiare din Bazinul Carpatic au pledat pentru continuarea, de c\u0103tre guvernarea FIDESZ-KDNP, a politicii na\u0163ionale din ultimii \u015fapte ani.<\/p>\n<p>Pre\u015fedintele Uniunii Maghiare din Voivodina (VMSZ), Istv\u00e1n P\u00e1sztor, a declarat c\u0103 interesul s\u0103u este ca la alegerile parlamentare s\u0103 c\u00e2\u015ftige partenerul s\u0103u strategic, alian\u0163a FIDESZ-KDNP, \u015fi s\u0103 fie continuat\u0103 edificarea politicii na\u0163ionale.<\/p>\n<p>Senatorul UDMR, Barna T\u00e1nczos, a considerat c\u0103 din cauza unei eventuale schimb\u0103ri \u00een Guvernul de la Budapesta s-ar bloca aceast\u0103 politic\u0103 na\u0163onal\u0103 \u015fi de acea este important ca partidele aflate \u00een prezent la guvernare s\u0103 fie sus\u0163inute, prin votul lor, \u015fi de maghiarii din afara grani\u0163elor Ungariei.<\/p>\n<p>Sursa: Magyar Hirlap<\/p>\n<p>Traducerea: Bal\u00e1zs Magdolna<\/p>\n<p>Foto: Magyar Id\u0151k<\/p>\n","protected":false},"excerpt":{"rendered":"<p>Afl\u0103m de la Universitatea de Var\u0103 \u015fi Tab\u0103ra Studen\u0163easc\u0103 Tusv\u00e1nyos, de la B\u0103ile Tu\u015fnad: 17 miliarde de forin\u021bi alocate pentru gr\u0103dini\u021bele maghiare din <\/p>\n","protected":false},"author":1,"featured_media":2550,"comment_status":"open","ping_status":"open","sticky":false,"template":"","format":"standard","meta":{"footnotes":""},"categories":[218],"tags":[443,37,36,115,444],"class_list":["post-2549","post","type-post","status-publish","format-standard","has-post-thumbnail","hentry","category-social","tag-europa-centrala","tag-hatarok-nelkul-com","tag-stiri-fara-frontiere","tag-tusvanyos","tag-un-punc-sigur"],"_links":{"self":[{"href":"https:\/\/hatarok-nelkul.com\/ro\/index.php?rest_route=\/wp\/v2\/posts\/2549","targetHints":{"allow":["GET"]}}],"collection":[{"href":"https:\/\/hatarok-nelkul.com\/ro\/index.php?rest_route=\/wp\/v2\/posts"}],"about":[{"href":"https:\/\/hatarok-nelkul.com\/ro\/index.php?rest_route=\/wp\/v2\/types\/post"}],"author":[{"embeddable":true,"href":"https:\/\/hatarok-nelkul.com\/ro\/index.php?rest_route=\/wp\/v2\/users\/1"}],"replies":[{"embeddable":true,"href":"https:\/\/hatarok-nelkul.com\/ro\/index.php?rest_route=%2Fwp%2Fv2%2Fcomments&post=2549"}],"version-history":[{"count":1,"href":"https:\/\/hatarok-nelkul.com\/ro\/index.php?rest_route=\/wp\/v2\/posts\/2549\/revisions"}],"predecessor-version":[{"id":2551,"href":"https:\/\/hatarok-nelkul.com\/ro\/index.php?rest_route=\/wp\/v2\/posts\/2549\/revisions\/2551"}],"wp:featuredmedia":[{"embeddable":true,"href":"https:\/\/hatarok-nelkul.com\/ro\/index.php?rest_route=\/wp\/v2\/media\/2550"}],"wp:attachment":[{"href":"https:\/\/hatarok-nelkul.com\/ro\/index.php?rest_route=%2Fwp%2Fv2%2Fmedia&parent=2549"}],"wp:term":[{"taxonomy":"category","embeddable":true,"href":"https:\/\/hatarok-nelkul.com\/ro\/index.php?rest_route=%2Fwp%2Fv2%2Fcategories&post=2549"},{"taxonomy":"post_tag","embeddable":true,"href":"https:\/\/hatarok-nelkul.com\/ro\/index.php?rest_route=%2Fwp%2Fv2%2Ftags&post=2549"}],"curies":[{"name":"wp","href":"https:\/\/api.w.org\/{rel}","templated":true}]}}