{"id":2555,"date":"2017-07-29T13:48:32","date_gmt":"2017-07-29T10:48:32","guid":{"rendered":"http:\/\/hatarok-nelkul.com\/ro\/?p=2555"},"modified":"2017-08-04T10:29:37","modified_gmt":"2017-08-04T07:29:37","slug":"orban-este-un-mai-mare-maghiar-decat-kossuth-szechenyi-sau-petofi","status":"publish","type":"post","link":"https:\/\/hatarok-nelkul.com\/ro\/?p=2555","title":{"rendered":"Orb\u00e1n este un mai mare maghiar, dec\u00e2t Kossuth, Sz\u00e9chenyi sau Pet\u0151fi!?"},"content":{"rendered":"<p><a href=\"https:\/\/hatarok-nelkul.com\/ro\/wp-content\/uploads\/2017\/07\/orbanviktor.jpg\"><img loading=\"lazy\" decoding=\"async\" class=\"alignleft size-thumbnail wp-image-2556\" src=\"https:\/\/hatarok-nelkul.com\/ro\/wp-content\/uploads\/2017\/07\/orbanviktor-150x150.jpg\" alt=\"\" width=\"150\" height=\"150\" \/><\/a>Viktor Orb\u00e1n reprezint\u0103 mai bine na\u0163iunea maghiar\u0103 dec\u00e2t Kossuth Lajos, Sz\u00e9chenyi Istv\u00e1n sau Pet\u0151fi S\u00e1ndor, potrivit unui sondaj de opinie, prezentat la Universitatea de Var\u0103 \u015fi Tab\u0103ra Studen\u0163easc\u0103 de la B\u0103ile Tu\u015fnad. Potrivit portalului index.hu, scopul sondajului fost \u201csensibilizarea na\u0163iunii maghiare fa\u0163\u0103 de maghiarii de dincolo de grani\u0163ele Ungariei\u201d. Institutul de Cercetare \u00een domeniul Strategiei Na\u0163ionale, condus de fostul primar al ora\u015fului Odorheiu Secuiesc, Jen\u0151 Sz\u00e1sz, a adresat societ\u0103\u0163ii ungare \u00eentrebarea:<\/p>\n<p><strong>Care dintre personalit\u0103\u0163ile istorice, sau din cele aflate \u00een via\u0163\u0103 \u015fi azi, reprezint\u0103 cel mai bine na\u0163iunea maghiar\u0103?<\/strong><\/p>\n<p>Fiecare intervievat putea s\u0103 numeasc\u0103 trei persoane. Potrivit r\u0103spunsurilor, popula\u0163ia ungar\u0103 crede c\u0103 na\u0163iunea maghiar\u0103 este cel mai bine reprezentat\u0103 de Viktor Orb\u00e1n. Astfel c\u0103 pe primul loc se afl\u0103 actualul premier al Ungariei, Viktor Orb\u00e1n, cu 18,2% din r\u0103spunsuri, urmat de Kossuth, cu 15,5%, Sz\u00e9chenyi \u2013 11,8% \u015fi Pet\u0151fi \u2013 9,5%. Pre\u015fedintele institutului, Jen\u0151 Sz\u00e1sz, a precizat ne\u00eent\u00e2rziat c\u0103 nu institu\u0163ia sa este cea care sus\u0163ine c\u0103 maghiarii sunt cel mai bine reprezenta\u0163i de Orb\u00e1n, ci popula\u0163ia Ungariei.<\/p>\n<p>\u015eeful statului, J\u00e1nos \u00c1der, se afl\u0103\u00a0 pe primele cinci locuri, cu 6,6%, ceea ce \u00eenseamn\u0103 c\u0103, potrivit majorit\u0103\u0163ii maghiarilor, fondatorul statului ungar, Sf\u00e2ntul \u015etefan, nu face parte din reprezentan\u0163ii de marc\u0103 ai na\u0163iunii maghiare.<\/p>\n<p>De men\u0163ionat c\u0103 institu\u0163ia a fost \u00eenfiin\u0163at\u0103 \u00een 2012, ca un oficiu central care func\u0163ioneaz\u0103 \u2013 cu un buget de 1,3 miliarde de forin\u0163i &#8211; sub coordonarea direct\u0103 a lui Viktor Orb\u00e1n.<\/p>\n<p>Rezultatele sondajului realizat de Institutul de Cercetare \u00een domeniul Strategiei Na\u0163ionale au fost prezentate de directorul institu\u0163iei, J\u00e1nos Bali, la manifestarea de la B\u0103ile Tu\u015fnad.<\/p>\n<p>Sursa: index.hu<\/p>\n<p>Traducerea: P\u00e9terfy T\u00fcnde<\/p>\n<p>Foto: 168 \u00d3ra<\/p>\n<p><strong>\u00a0<\/strong><\/p>\n<p><strong>\u00a0<\/strong><\/p>\n","protected":false},"excerpt":{"rendered":"<p>Viktor Orb\u00e1n reprezint\u0103 mai bine na\u0163iunea maghiar\u0103 dec\u00e2t Kossuth Lajos, Sz\u00e9chenyi Istv\u00e1n sau Pet\u0151fi S\u00e1ndor, potrivit unui sondaj de opinie, prezentat la Universitatea <\/p>\n","protected":false},"author":1,"featured_media":2556,"comment_status":"open","ping_status":"open","sticky":false,"template":"","format":"standard","meta":{"footnotes":""},"categories":[29],"tags":[299,37,495,492,494,490,491,448,450,493,36,76],"class_list":["post-2555","post","type-post","status-publish","format-standard","has-post-thumbnail","hentry","category-externe","tag-ader-janos","tag-hatarok-nelkul-com","tag-institutul-de-cercetare-a-strategiei-nationale","tag-istvan-szechenyi","tag-janos-bali","tag-jeno-szasz","tag-lajos-kossuth","tag-mai-mare-maggia","tag-mai-mare-maghiar","tag-sandor-petofi","tag-stiri-fara-frontiere","tag-viktor-orban"],"_links":{"self":[{"href":"https:\/\/hatarok-nelkul.com\/ro\/index.php?rest_route=\/wp\/v2\/posts\/2555","targetHints":{"allow":["GET"]}}],"collection":[{"href":"https:\/\/hatarok-nelkul.com\/ro\/index.php?rest_route=\/wp\/v2\/posts"}],"about":[{"href":"https:\/\/hatarok-nelkul.com\/ro\/index.php?rest_route=\/wp\/v2\/types\/post"}],"author":[{"embeddable":true,"href":"https:\/\/hatarok-nelkul.com\/ro\/index.php?rest_route=\/wp\/v2\/users\/1"}],"replies":[{"embeddable":true,"href":"https:\/\/hatarok-nelkul.com\/ro\/index.php?rest_route=%2Fwp%2Fv2%2Fcomments&post=2555"}],"version-history":[{"count":1,"href":"https:\/\/hatarok-nelkul.com\/ro\/index.php?rest_route=\/wp\/v2\/posts\/2555\/revisions"}],"predecessor-version":[{"id":2557,"href":"https:\/\/hatarok-nelkul.com\/ro\/index.php?rest_route=\/wp\/v2\/posts\/2555\/revisions\/2557"}],"wp:featuredmedia":[{"embeddable":true,"href":"https:\/\/hatarok-nelkul.com\/ro\/index.php?rest_route=\/wp\/v2\/media\/2556"}],"wp:attachment":[{"href":"https:\/\/hatarok-nelkul.com\/ro\/index.php?rest_route=%2Fwp%2Fv2%2Fmedia&parent=2555"}],"wp:term":[{"taxonomy":"category","embeddable":true,"href":"https:\/\/hatarok-nelkul.com\/ro\/index.php?rest_route=%2Fwp%2Fv2%2Fcategories&post=2555"},{"taxonomy":"post_tag","embeddable":true,"href":"https:\/\/hatarok-nelkul.com\/ro\/index.php?rest_route=%2Fwp%2Fv2%2Ftags&post=2555"}],"curies":[{"name":"wp","href":"https:\/\/api.w.org\/{rel}","templated":true}]}}