{"id":2608,"date":"2017-08-16T21:41:17","date_gmt":"2017-08-16T18:41:17","guid":{"rendered":"http:\/\/hatarok-nelkul.com\/ro\/?p=2608"},"modified":"2017-08-16T21:42:26","modified_gmt":"2017-08-16T18:42:26","slug":"breviarul-lui-laszlo-tokes-prezentat-la-cluj-napoca","status":"publish","type":"post","link":"https:\/\/hatarok-nelkul.com\/ro\/?p=2608","title":{"rendered":"Breviarul lui L\u00e1szl\u00f3 T\u0151k\u00e9s, prezentat la Cluj-Napoca"},"content":{"rendered":"<p><a href=\"https:\/\/hatarok-nelkul.com\/ro\/wp-content\/uploads\/2017\/08\/tokes_bevarium.jpg\"><img loading=\"lazy\" decoding=\"async\" class=\"alignleft size-thumbnail wp-image-2609\" src=\"https:\/\/hatarok-nelkul.com\/ro\/wp-content\/uploads\/2017\/08\/tokes_bevarium-150x150.jpg\" alt=\"\" width=\"150\" height=\"150\" \/><\/a>Cu prilejul Zilelor Culturale Maghiare din Cluj-Napoca, mar\u0163i a fost prezentat Breviarul lui<br \/>\nL\u00e1szl\u00f3 T\u0151k\u00e9s, intitulat &#8220;Credin\u0163\u0103 \u015fi na\u0163iune\u201d.<\/p>\n<p>Volumul, care cuprinde texte scrise de L\u00e1szl\u00f3 T\u0151k\u00e9s \u015fi despre el, \u00a0imagini care ilustreaz\u0103 calea vie\u0163ii\u00a0 sale, precum \u015fi unele poezii ale poetului Endre Ady, a \u00a0fost publicat de Editura &#8220;Magyar Napl\u00f3&#8221;, sub \u00eengrijirea lui Zolt\u00e1n J\u00e1nosi \u015fi la solicitarea lui Ferenc Szab\u00f3, curatorul Funda\u0163iei &#8220;L\u00e1szl\u00f3 T\u0151k\u00e9s&#8221;. \u00a0L\u00e1szl\u00f3 T\u0151k\u00e9s a declarat c\u0103 \u00eentr-un fel a fost o surpriz\u0103 \u015fi pentru el acest volum, deoarece &#8211; cu toate c\u0103 a \u015ftiut de preg\u0103tirea volumui &#8211; nu a fost implicat \u00een chestiunile de fond. Astfel c\u0103 acum \u015fi el a primit cartea deja tip\u0103rit\u0103, pe care a r\u0103sfoit-o cu mare pl\u0103cere.<\/p>\n<p>Pre\u015fedintele Partidului Popular Maghiar din Transilvania (PPMT), Tibor T. Tor\u00f3, a declarat c\u0103 acest volum este important, deoarece cartea propriu-zis\u0103 despre drumul vie\u0163ii lui L\u00e1szl\u00f3 T\u0151k\u00e9s \u00eenc\u0103 nu a ap\u0103rut.<\/p>\n<p>Pre\u015fedintele Comisei pentru politic\u0103 extern\u0103 a Parlamentului Ungariei, Zsolt N\u00e9meth, l-a numit, \u00een discursul s\u0103u festiv, pe L\u00e1szl\u00f3 T\u0151k\u00e9s, drept salvatorul valorilor.\u00cen opinia sa, programul redactat la Timi\u015foara de preotul, politicianul L\u00e1szl\u00f3 T\u0151k\u00e9s, este \u015fi azi valabil, cuvintele cheie ale acestui program fiind reconcilierea rom\u00e2no-maghiar\u0103 \u015fi Europa cre\u015ftin\u0103.<\/p>\n<p>Zolt\u00e1n Balaton, fost camarad de lupt\u0103 din Timi\u015foara al lui L\u00e1szl\u00f3 T\u0151k\u00e9s, a declarat: Cartea este o lectur\u0103 pe care o putem r\u0103sfoi numai atunci, c\u00e2nd suntem obosi\u0163i sau suntem f\u0103r\u0103 entuziasm. Acest breviar con\u0163ine tot ceea ce \u015fi-a asumat \u015fi sus\u0163ine ferm L\u00e1szl\u00f3 T\u0151k\u00e9s, a ad\u0103ugat Zolt\u00e1n Balaton. \u00cen luarea sa de cuv\u00e2nt, L\u00e1szl\u00f3 T\u0151k\u00e9s le-a mul\u0163umit celor care s-au \u00eengrijit de aceast\u0103 carte.<\/p>\n<p>Referitor la aniversarea a 500 de ani de la Reforma Protestant\u0103, L\u00e1szl\u00f3 T\u0151k\u00e9s a afirmat: Rela\u0163ia cu puterea este decisiv\u0103 pentru Reforma Bisericii \u015fi pentru cre\u015ftinul de r\u00e2nd. El a amintit, totodat\u0103, c\u0103 atunci c\u00e2nd a fost numit pastor al unei biserici din Cluj-Napoca, \u00een Oficiul pastoral era expus tabloul dictatorului comunist Nicolae Ceau\u015fescu. Dup\u0103 cum a spus, \u00eempotriva acestui taboul s-a revoltat, deoarece avea credin\u0163a c\u0103 &#8220;puterea Domnului nu poate fi confiscat\u0103 de nimeni&#8221;, men\u0163ion\u00e2nd c\u0103 simte o am\u0103r\u00e2ciune, deoarece vede c\u0103 &#8220;p\u00e2n\u0103 la un punct ne \u00eentoarcem \u00een jugul sclaviei \u015fi suntem dispu\u015fi s\u0103 fim din nou concilian\u0163i&#8221;<\/p>\n<p>Sursa: Magyar Id\u0151k<\/p>\n<p>Traducerea: P\u00e9terfy T\u00fcnde<\/p>\n<p>Foto: kronika.ro<\/p>\n","protected":false},"excerpt":{"rendered":"<p>Cu prilejul Zilelor Culturale Maghiare din Cluj-Napoca, mar\u0163i a fost prezentat Breviarul lui L\u00e1szl\u00f3 T\u0151k\u00e9s, intitulat &#8220;Credin\u0163\u0103 \u015fi na\u0163iune\u201d. Volumul, care cuprinde texte <\/p>\n","protected":false},"author":1,"featured_media":2609,"comment_status":"open","ping_status":"open","sticky":false,"template":"","format":"standard","meta":{"footnotes":""},"categories":[139],"tags":[548,26,37,549,550,36],"class_list":["post-2608","post","type-post","status-publish","format-standard","has-post-thumbnail","hentry","category-cultura","tag-breviar","tag-cluj-napoca","tag-hatarok-nelkul-com","tag-laszlo-tokes","tag-prezentat","tag-stiri-fara-frontiere"],"_links":{"self":[{"href":"https:\/\/hatarok-nelkul.com\/ro\/index.php?rest_route=\/wp\/v2\/posts\/2608","targetHints":{"allow":["GET"]}}],"collection":[{"href":"https:\/\/hatarok-nelkul.com\/ro\/index.php?rest_route=\/wp\/v2\/posts"}],"about":[{"href":"https:\/\/hatarok-nelkul.com\/ro\/index.php?rest_route=\/wp\/v2\/types\/post"}],"author":[{"embeddable":true,"href":"https:\/\/hatarok-nelkul.com\/ro\/index.php?rest_route=\/wp\/v2\/users\/1"}],"replies":[{"embeddable":true,"href":"https:\/\/hatarok-nelkul.com\/ro\/index.php?rest_route=%2Fwp%2Fv2%2Fcomments&post=2608"}],"version-history":[{"count":1,"href":"https:\/\/hatarok-nelkul.com\/ro\/index.php?rest_route=\/wp\/v2\/posts\/2608\/revisions"}],"predecessor-version":[{"id":2610,"href":"https:\/\/hatarok-nelkul.com\/ro\/index.php?rest_route=\/wp\/v2\/posts\/2608\/revisions\/2610"}],"wp:featuredmedia":[{"embeddable":true,"href":"https:\/\/hatarok-nelkul.com\/ro\/index.php?rest_route=\/wp\/v2\/media\/2609"}],"wp:attachment":[{"href":"https:\/\/hatarok-nelkul.com\/ro\/index.php?rest_route=%2Fwp%2Fv2%2Fmedia&parent=2608"}],"wp:term":[{"taxonomy":"category","embeddable":true,"href":"https:\/\/hatarok-nelkul.com\/ro\/index.php?rest_route=%2Fwp%2Fv2%2Fcategories&post=2608"},{"taxonomy":"post_tag","embeddable":true,"href":"https:\/\/hatarok-nelkul.com\/ro\/index.php?rest_route=%2Fwp%2Fv2%2Ftags&post=2608"}],"curies":[{"name":"wp","href":"https:\/\/api.w.org\/{rel}","templated":true}]}}