{"id":2618,"date":"2017-08-18T23:09:40","date_gmt":"2017-08-18T20:09:40","guid":{"rendered":"http:\/\/hatarok-nelkul.com\/ro\/?p=2618"},"modified":"2017-08-18T23:11:03","modified_gmt":"2017-08-18T20:11:03","slug":"la-izvoru-muresului-s-a-infiintat-federatia-organizatiilor-romanesti-din-centrul-si-sud-estul-europei","status":"publish","type":"post","link":"https:\/\/hatarok-nelkul.com\/ro\/?p=2618","title":{"rendered":"La Izvoru Mure\u0219ului s-a \u00eenfiin\u021bat Federa\u021bia organiza\u021biilor rom\u00e2ne\u0219ti din Centrul \u0219i Sud-Estul Europei"},"content":{"rendered":"<p><a href=\"https:\/\/hatarok-nelkul.com\/ro\/wp-content\/uploads\/2017\/08\/vlad_cubreacov.jpg\"><img loading=\"lazy\" decoding=\"async\" class=\"alignleft size-thumbnail wp-image-2619\" src=\"https:\/\/hatarok-nelkul.com\/ro\/wp-content\/uploads\/2017\/08\/vlad_cubreacov-150x150.jpg\" alt=\"\" width=\"150\" height=\"150\" \/><\/a>La Izvoru Mure\u0219ului s-a constituit joi Federa\u021bia Organiza\u021biilor Rom\u00e2ne\u0219ti din Centrul \u0219i Sud-estul Europei, care \u00eentrune\u0219te asocia\u021bii, funda\u021bii \u0219i comunit\u0103\u021bi ale rom\u00e2nilor din afara grani\u021belor, cu scopul de a fi mai bine reprezentate \u00een rela\u021bia lor cu statul rom\u00e2n, cu statele din care provin, dar \u0219i cu organismele interna\u021bionale.<\/p>\n<p>Pre\u0219edintele Asocia\u021biei R\u0103s\u0103ritul Rom\u00e2nesc din Chi\u0219in\u0103u, Vlad Cubreacov, care ocup\u0103 func\u021bia de secretar general al Federa\u021biei, a precizat c\u0103 acest organism va fi un partener de dialog at\u00e2t cu autorit\u0103\u021bile statului rom\u00e2n, dar \u0219i ale altor state din centrul \u0219i sud estul Europei \u00een care exist\u0103 comunit\u0103\u021bi de rom\u00e2ni, \u00een chestiuni legate de drepturile lingvistice, culturale \u0219i religioase ale acestora.<\/p>\n<p>Vlad Cubreacov a punctat faptul c\u0103 unul din scopurile \u00eenfiin\u021b\u0103rii acestui organism este sensibilizarea autorit\u0103\u021bilor rom\u00e2ne \u00een leg\u0103tur\u0103 cu problemele rom\u00e2nilor din comunit\u0103\u021bile istorice, pentru a le determina apoi s\u0103 ac\u021bioneze.<\/p>\n<p>Sursa: Agerpres<\/p>\n<p>Foto: Maszol<\/p>\n","protected":false},"excerpt":{"rendered":"<p>La Izvoru Mure\u0219ului s-a constituit joi Federa\u021bia Organiza\u021biilor Rom\u00e2ne\u0219ti din Centrul \u0219i Sud-estul Europei, care \u00eentrune\u0219te asocia\u021bii, funda\u021bii \u0219i comunit\u0103\u021bi ale rom\u00e2nilor din <\/p>\n","protected":false},"author":1,"featured_media":2619,"comment_status":"open","ping_status":"open","sticky":false,"template":"","format":"standard","meta":{"footnotes":""},"categories":[218],"tags":[559,558,37,557,36],"class_list":["post-2618","post","type-post","status-publish","format-standard","has-post-thumbnail","hentry","category-social","tag-cubreacov","tag-federatia-organizatiilor-romanesti-din-centrul-si-sud-estul-europei","tag-hatarok-nelkul-com","tag-izvoru-muresului","tag-stiri-fara-frontiere"],"_links":{"self":[{"href":"https:\/\/hatarok-nelkul.com\/ro\/index.php?rest_route=\/wp\/v2\/posts\/2618","targetHints":{"allow":["GET"]}}],"collection":[{"href":"https:\/\/hatarok-nelkul.com\/ro\/index.php?rest_route=\/wp\/v2\/posts"}],"about":[{"href":"https:\/\/hatarok-nelkul.com\/ro\/index.php?rest_route=\/wp\/v2\/types\/post"}],"author":[{"embeddable":true,"href":"https:\/\/hatarok-nelkul.com\/ro\/index.php?rest_route=\/wp\/v2\/users\/1"}],"replies":[{"embeddable":true,"href":"https:\/\/hatarok-nelkul.com\/ro\/index.php?rest_route=%2Fwp%2Fv2%2Fcomments&post=2618"}],"version-history":[{"count":1,"href":"https:\/\/hatarok-nelkul.com\/ro\/index.php?rest_route=\/wp\/v2\/posts\/2618\/revisions"}],"predecessor-version":[{"id":2620,"href":"https:\/\/hatarok-nelkul.com\/ro\/index.php?rest_route=\/wp\/v2\/posts\/2618\/revisions\/2620"}],"wp:featuredmedia":[{"embeddable":true,"href":"https:\/\/hatarok-nelkul.com\/ro\/index.php?rest_route=\/wp\/v2\/media\/2619"}],"wp:attachment":[{"href":"https:\/\/hatarok-nelkul.com\/ro\/index.php?rest_route=%2Fwp%2Fv2%2Fmedia&parent=2618"}],"wp:term":[{"taxonomy":"category","embeddable":true,"href":"https:\/\/hatarok-nelkul.com\/ro\/index.php?rest_route=%2Fwp%2Fv2%2Fcategories&post=2618"},{"taxonomy":"post_tag","embeddable":true,"href":"https:\/\/hatarok-nelkul.com\/ro\/index.php?rest_route=%2Fwp%2Fv2%2Ftags&post=2618"}],"curies":[{"name":"wp","href":"https:\/\/api.w.org\/{rel}","templated":true}]}}