{"id":2707,"date":"2017-09-22T21:27:11","date_gmt":"2017-09-22T18:27:11","guid":{"rendered":"http:\/\/hatarok-nelkul.com\/ro\/?p=2707"},"modified":"2019-05-14T10:21:24","modified_gmt":"2019-05-14T07:21:24","slug":"secretarul-de-stat-in-ministerul-educatiei-responsabil-pentru-invatamantul-in-limba-minoritatilor-iren-erzsebet-kovacs-are-o-alta-opinie-despre-situatia-elevilor-din-liceul-teologic-romano-catolic","status":"publish","type":"post","link":"https:\/\/hatarok-nelkul.com\/ro\/?p=2707","title":{"rendered":"Secretarul de stat \u00een  Ministerul Educa\u0163iei, responsabil pentru \u00eenv\u0103\u0163\u0103m\u00e2ntul \u00een limba minorit\u0103\u0163ilor, Ir\u00e9n Erzs\u00e9bet Kov\u00e1cs, are o alt\u0103 opinie despre situa\u0163ia elevilor de la Liceul Teologic Romano-Catolic"},"content":{"rendered":"<p><a href=\"https:\/\/hatarok-nelkul.com\/ro\/wp-content\/uploads\/2017\/09\/irina.jpg\"><img loading=\"lazy\" decoding=\"async\" class=\"alignleft size-thumbnail wp-image-2708\" src=\"https:\/\/hatarok-nelkul.com\/ro\/wp-content\/uploads\/2017\/09\/irina-150x150.jpg\" alt=\"\" width=\"150\" height=\"150\" \/><\/a>A\u015fa cum am relatat \u015fi noi recent, ministrul ungar de externe, P\u00e9ter Szijj\u00e1rt\u00f3, a declarat c\u0103 \u00een Rom\u00e2nia, situa\u0163ia Liceului Teologic Romano-Catolic din T\u00e2rgu Mure\u015f este absolut critic\u0103, peste o sut\u0103 de elevi maghiari fiind distribu\u0163i, de nevoie, \u00een 15 institu\u0163ii \u015fcolare din jude\u0163ul Mure\u015f.<\/p>\n<p>\u00cen spiritul acestei declara\u0163ii ne-am adresat secretarului de stat \u00een Ministerul Educa\u0163iei, responsabil pentru \u00eenv\u0103\u0163\u0103m\u00e2ntul pentru limba minorit\u0103\u0163ilor, Ir\u00e9n Erzs\u00e9bet, Kov\u00e1cs, care ne-a precizat:<\/p>\n<p>\u201cToat\u0103 lumea a fost transferat\u0103 la Liceul Bolyai Farkas din T\u00e2rgu Mure\u015f, nu a fost distribuit absolut nimeni. Elevii sunt laolalt\u0103, \u00eempreun\u0103 cu profesorii lor. Nu a fost distribuit nimeni. Elevii au r\u0103mas \u00een propriile lor clase, \u00een propriile lor b\u0103nci \u015fi cu propriii lor profesori\u201d.<\/p>\n<p>La remarca noastr\u0103, c\u0103 potrivit unor informa\u0163ii de pres\u0103 elevii din clasa a IX-a din \u015fcoala teologic\u0103 au fost distribu\u0163i \u00een diferite \u015fcoli profesionale din jude\u0163, secretarul de stat a subliniat:<\/p>\n<p>\u201cElevii din clasa a IX-a nu au fost \u00eenscri\u015fi la Gimnaziul Romano-Catolic. \u00cen februarie a acestui an, nu a fost aprobat\u0103 formarea claselor preg\u0103titoare, a V-a \u015fi a IX-a \u00een \u015fcoala catolic\u0103, astfel c\u0103 elevii din clasa a IX-a nu sunt elevii acestei \u015fcoli\u201d.<\/p>\n<p>La \u00eentrebarea, cum apreciaz\u0103, c\u00e2t timp va dura p\u00e2n\u0103 c\u00e2nd va func\u0163iona din nou\u0103 aceast\u0103 \u015fcoal\u0103, Ir\u00e9n Erzs\u00e9bet Kov\u00e1cs a spus:<\/p>\n<p>\u201cNu pot s\u0103 prezic c\u00e2nd se va da sentin\u0163a definitiv\u0103\u201d.<\/p>\n<p>Realizat de: Bal\u00e1zs Magdolna<\/p>\n<p>Foto: \u00a0Maszol.ro<\/p>\n<p>&nbsp;<\/p>\n","protected":false},"excerpt":{"rendered":"<p>A\u015fa cum am relatat \u015fi noi recent, ministrul ungar de externe, P\u00e9ter Szijj\u00e1rt\u00f3, a declarat c\u0103 \u00een Rom\u00e2nia, situa\u0163ia Liceului Teologic Romano-Catolic din <\/p>\n","protected":false},"author":1,"featured_media":2708,"comment_status":"open","ping_status":"open","sticky":false,"template":"","format":"standard","meta":{"footnotes":""},"categories":[9],"tags":[1614,1612,37,652,1264,1613,1615,651,36],"class_list":["post-2707","post","type-post","status-publish","format-standard","has-post-thumbnail","hentry","category-interviuri","tag-bolyai-farkas","tag-elevi","tag-hatarok-nelkul-com","tag-iren-erzsebet-kovacs","tag-irina-elisabeta-kovacs","tag-liceu","tag-nedistribuiti","tag-secretarul-de-stat-in-men","tag-stiri-fara-frontiere"],"_links":{"self":[{"href":"https:\/\/hatarok-nelkul.com\/ro\/index.php?rest_route=\/wp\/v2\/posts\/2707","targetHints":{"allow":["GET"]}}],"collection":[{"href":"https:\/\/hatarok-nelkul.com\/ro\/index.php?rest_route=\/wp\/v2\/posts"}],"about":[{"href":"https:\/\/hatarok-nelkul.com\/ro\/index.php?rest_route=\/wp\/v2\/types\/post"}],"author":[{"embeddable":true,"href":"https:\/\/hatarok-nelkul.com\/ro\/index.php?rest_route=\/wp\/v2\/users\/1"}],"replies":[{"embeddable":true,"href":"https:\/\/hatarok-nelkul.com\/ro\/index.php?rest_route=%2Fwp%2Fv2%2Fcomments&post=2707"}],"version-history":[{"count":2,"href":"https:\/\/hatarok-nelkul.com\/ro\/index.php?rest_route=\/wp\/v2\/posts\/2707\/revisions"}],"predecessor-version":[{"id":2710,"href":"https:\/\/hatarok-nelkul.com\/ro\/index.php?rest_route=\/wp\/v2\/posts\/2707\/revisions\/2710"}],"wp:featuredmedia":[{"embeddable":true,"href":"https:\/\/hatarok-nelkul.com\/ro\/index.php?rest_route=\/wp\/v2\/media\/2708"}],"wp:attachment":[{"href":"https:\/\/hatarok-nelkul.com\/ro\/index.php?rest_route=%2Fwp%2Fv2%2Fmedia&parent=2707"}],"wp:term":[{"taxonomy":"category","embeddable":true,"href":"https:\/\/hatarok-nelkul.com\/ro\/index.php?rest_route=%2Fwp%2Fv2%2Fcategories&post=2707"},{"taxonomy":"post_tag","embeddable":true,"href":"https:\/\/hatarok-nelkul.com\/ro\/index.php?rest_route=%2Fwp%2Fv2%2Ftags&post=2707"}],"curies":[{"name":"wp","href":"https:\/\/api.w.org\/{rel}","templated":true}]}}