{"id":2711,"date":"2017-09-26T09:18:06","date_gmt":"2017-09-26T06:18:06","guid":{"rendered":"http:\/\/hatarok-nelkul.com\/ro\/?p=2711"},"modified":"2017-09-26T09:19:14","modified_gmt":"2017-09-26T06:19:14","slug":"reuniunea-consiliului-atunomiei-maghiare-din-bazinul-carpatic-la-oradea","status":"publish","type":"post","link":"https:\/\/hatarok-nelkul.com\/ro\/?p=2711","title":{"rendered":"Reuniunea Consiliului Atunomiei Maghiare din Bazinul Carpatic, la Oradea"},"content":{"rendered":"<p><a href=\"https:\/\/hatarok-nelkul.com\/ro\/wp-content\/uploads\/2017\/09\/KMAT.jpg\"><img loading=\"lazy\" decoding=\"async\" class=\"alignleft size-thumbnail wp-image-2712\" src=\"https:\/\/hatarok-nelkul.com\/ro\/wp-content\/uploads\/2017\/09\/KMAT-150x150.jpg\" alt=\"\" width=\"150\" height=\"150\" \/><\/a>\u201cComunit\u0103\u0163ile maghiare din Bazinul Carpatic nu au renun\u0163at la lupta lor pentru autonomie, \u00eens\u0103 sunt nevoite s\u0103 se ap\u0103re permanent de atacurile lansate \u00eempotriva lor\u201d, a declarat la sf\u00e2r\u015fitul s\u0103pt\u0103m\u00e2nii trecute secretarul de stat pentru politic\u0103 na\u0163ional\u0103 din cadrul Cancelariei Primului ministru al Ungariei la reuniunea de la Oardea a Consiliului Autonomiei Maghiare din Bazinul Carpatic (KMAT)<\/p>\n<p>\u00cen luarea sa de cuv\u00e2nt la cea de-a doua reuniune din acest an a KMAT, \u00c1rp\u00e1d J\u00e1nos Pot\u00e1pi a subliniat c\u0103 \u201cnumai \u00een Voivodina s-a f\u0103cut un pas \u00eenainte \u00een domeniul autonomiei\u201d. \u00cen opinia sa, p\u00e2n\u0103 c\u00e2nd maghiarul din \u0162inutul Secuiesc este indiferent fa\u0163\u0103 de autonomie, \u015fansele sunt minime pentru realizarea acestui deziderat. \u201c\u00cen primul r\u00e2nd, trebuie consolidat\u0103 preten\u0163ia de autonomie a propriei comunit\u0103\u0163i, dup\u0103 care cea a comunit\u0103\u0163ii rom\u00e2ne, iar aceast\u0103 preten\u0163ie trebui armonizat\u0103 cu politicile ungare \u015fi rom\u00e2ne\u015fti dup\u0103 care trebuie ob\u0163inut sprijinul marilor puteri, din partea Uniunii Europene\u201d, a ar\u0103tat oficialul ungar, care a mai precizat c\u0103 un alt scop al politicii na\u0163ionale a Ungariei este \u015fi sprijinirea comunit\u0103\u0163ilor maghiare din Bazinul Carpatic \u00een vederea d\u0103inuirii lor pe p\u0103m\u00e2ntul natal. \u00cen acest sens, pe l\u00e2ng\u0103 domeniile tradi\u0163ionale ale politicii na\u0163ionale, este sus\u0163inut\u0103 \u015fi economia comunit\u0103\u0163iilor maghiare.<\/p>\n<p>Afirma\u0163ia secretarului ungar de stat privind indiferen\u0163a fa\u0163\u0103 de autonomie a fost abordat\u0103 at\u00e2t de pre\u015fedintele KMAT, L\u00e1szl\u00f3 T\u0151k\u00e9s, c\u00e2t \u015fi de pre\u015fedintele Partidului Popular Maghiar din Transilvania (PPMT), Zsolt Szil\u00e1gyi. Potrivit lui L\u00e1szl\u00f3 T\u0151k\u00e9s, revendicarea de autonomie a secuilor este similar\u0103 cu un om religios care nu prea merge la biseric\u0103, dar este totu\u015fi credincios. Potrivit pre\u015fedintelui KMAT, faptul c\u0103 dorin\u0163a de a ob\u0163ine autonomie este mai puternic\u0103 la maghiarii din Transilvania, dec\u00e2t \u00een alte comunit\u0103\u0163i maghiare din Bazinul Carpatic, poate fi explicat\u0103 prin unele momente istorice care au precedat \u00eencheierea Tratatului de la Trianon. \u201c\u00cen con\u015ftiin\u0163a de sine a maghiarilor din Transilvania s-a \u00eenr\u0103d\u0103cinat \u015fi s-a p\u0103strat p\u00e2n\u0103 \u00een zilele noastre con\u015ftiin\u0163a de statalitate din Transilvania\u201d, a spus L\u00e1szl\u00f3 T\u0151k\u00e9s, care a sus\u0163inut: Chiar \u015fi atitudinile antimaghiare, care se amplific\u0103 tot mai mult \u00eenainte de centenarul Tratatului de la Trianon, care a divizat Ungaria, se pot pune pe seama lipsei autodetermin\u0103rii comunitare. \u201cAr fi o solu\u0163ie gordian\u0103, dac\u0103 am putea promova dreptul autodetermin\u0103rii comunitare. Trebuie s\u0103 continu\u0103m lupta noastr\u0103 legitim\u0103 \u00een interesult realiz\u0103rii diferitelor forme ale autonomie\u201d, a declarat L\u00e1szl\u00f3 T\u0151k\u00e9s.<\/p>\n<p>La r\u00e2ndul s\u0103u, Pre\u015fedintele PPMT, Zsolt Szil\u00e1gyi a afirmat: Marele Mar\u015f al secuilor care a avut loc \u00een octombrie 2013 sau referendumul cu urne mobile, neoficale, organizat de Consiliul Na\u0163ional Secuiesc (CNS), \u00een 2007, au semnalat c\u0103 autonomia este voin\u0163a poporului din \u0162inutul Secuiesc. \u00cen opinia sa, \u201ccomunitatea trebuie \u0163inut\u0103 \u00een mi\u015fcare\u201d pentru a men\u0163ine voin\u0163a poporului.<\/p>\n<p>\u00cen alocu\u0163iunea sa, consilierul ministerial, Katalin Szili, a subliniat: Comunit\u0103\u0163ile maghiare trebuie mai \u00eent\u00e2i s\u0103 \u00ee\u015fi armonizeze &#8211; \u00een cadrul comunit\u0103\u0163iilor lor &#8211; concep\u0163iile de autonomie \u015fi numai dup\u0103 aceea trebuie s\u0103 se adreseze conducerii \u0163\u0103rii lor. Katalin Szili consider\u0103 c\u0103 \u00eentre cele dou\u0103 proiecte de autonomie a \u0162inutului Secueisc cea mai important\u0103 deosebire este c\u0103, \u00een timp ce CNS solicit\u0103 autonomie teritorial\u0103 pentru \u0162inutul Secuiesc istoric, proiectul UDMR \u015fi al Partidului Civic Maghiar (PCM) se refer\u0103 la teritoriul cuprins de jude\u0163ele Harghita, Covasna \u015fi Mure\u015f, care este mult mai mare \u015fi cuprinde \u015fi unele microregiuni unde maghiarii sunt \u00een minoritate. Consilierul ministerial a mai men\u0163ionat c\u0103 dorin\u0163a sa este ca la viitoarea consf\u0103tuire a KMAT aceste dou\u0103 proiecte de autonomie s\u0103 fie \u201caduse la un numitor comun\u201d.<\/p>\n<p><strong>R\u0103spuns la Trianon: KMAT va organiza ample manifest\u0103ri commemorative cu ocazia Centenarului<\/strong><\/p>\n<p>Consiliul Autonomiei Maghiare din Bazinul Carpatic va organiza ample manifest\u0103ri cu ocazia Centenarului Marii Uniri, \u00een cadrul c\u0103rora va evoca evenimentele care au precedat Tratatul de Pace de la Trianon, a anun\u0163at pre\u015fedintele KMAT, L\u00e1szl\u00f3 T\u0151k\u00e9s, la o conferin\u0163\u0103 de pres\u0103 la care a fost sintetizat\u0103 reuniunea de la Oradea a organiza\u0163iei care grupeaz\u0103 organiza\u0163iile politice ale comunit\u0103\u0163ilor maghiare care tr\u0103iesc \u00een minoritate \u00een Bazinul Carpatic (KMAT). Programul detaliat al proiectului intitulat Autonomia &#8211; R\u0103spuns la Trianon, va fi elaborat de KMAT la consf\u0103tuirea din noiembrie.<\/p>\n<p>\u201cScopul nostru fundamental este prezentarea realit\u0103\u0163ii istorice, exprimarea inten\u0163iei de reconciliere cu na\u0163ionalit\u0103\u0163ile majoritare ale statelor succesoare \u015fi asanarea consecin\u0163elor Tratatului de la Trianon, care \u00eenc\u0103 mai au efecte \u015fi \u00een zilele noastre\u201d, a subliniat L\u00e1szl\u00f3 T\u0151k\u00e9s. \u00cen 2018, Rom\u00e2nia va s\u0103rb\u0103torii aniversarea a 100 de ani de la Marea Unire, respectiv Centenarul Marii Adun\u0103ri Na\u0163ionale de la Alba Iulia, care a avut loc pe 1 decembrie 1918 \u015fi \u00een cadrul c\u0103reia rom\u00e2nii din Transilvania, Banat, Partium \u015fi Maramure\u015f au proclamat unirea teritoriilor locuite de ei cu Rom\u00e2nia.<\/p>\n<p>Prin seria manifest\u0103rilor care va \u00eencepe \u00een 2018 se va \u00eencheia \u00een 2020,\u00a0 KMAT dore\u015fte s\u0103 evoce unele evenimente importante istorice care au precedat Tratatul de la Trianon, care a consfiin\u0163it \u015fi unele revendic\u0103ri ale rom\u00e2nilor. \u201cPentru noi nu Tratatul de la Trianon, data diviz\u0103rii Ungariei reprezint\u0103 un prilej de aniversare, ci \u00eentreaga perioad\u0103 cuprins\u0103 \u00eentre 1918-1920, respectiv de la Alba Iulia p\u00e2n\u0103 la Tratatul de pace de la Trianon. Aceast\u0103 perioad\u0103 cuprinde Adunarea Popular\u0103 din Serbia, Adunarea Na\u0163ional\u0103 Maghiar\u0103 din Cluj, din decmebrie 1918, sau \u00eenfiin\u0163area \u00een noiembrie 1918 a Consiliului Na\u0163ional Secuiesc\u201d, a explicat europarlamentarul L\u00e1szl\u00f3 T\u0151k\u00e9s, care a ad\u0103ugat: \u201c\u00cen aceast\u0103 tem\u0103 au fost at\u00e2tea falsific\u0103ri ale istoriei, \u00eenc\u00e2t maghiarii care au ajuns \u00eentr-o situa\u0163ie minoritar\u0103 trebuie s\u0103 dezbat\u0103 neap\u0103rat traumele istorice cu na\u0163iunile majoritare cu care coabiteaz\u0103 \u015fi trebuie s\u0103 contribuie la repararea gre\u015felilor, cum este \u015fi politica de asimilare promovat\u0103 mai t\u00e2rziu \u00een Rom\u00e2nia.<\/p>\n<p>L\u00e1szl\u00f3 T\u0151k\u00e9s a subliniat: \u00cen Rom\u00e2nia, maghiarii au avut parte de multe nedrept\u0103\u0163i care sunt \u00een contradic\u0163ie cu spiritul Declara\u0163iei de la Alba Iulia, iar prin seria manifest\u0103rilor care va avea loc cu ocazia Centenarului Marii Unirii doresc s\u0103 aminteasc\u0103 rom\u00e2nilor c\u0103 au uitat de promisiunea privind autonomia, cuprins\u0103 \u00een acest document istoric.<\/p>\n<p>La conferin\u0163a Consiliului Autonomiei Maghiare din Bazinul Carpatic, de la Oradea, L\u00e1szl\u00f3 T\u0151k\u00e9s a declarat: KMAT organizeaz\u0103 \u00een mod sistematic consf\u0103tuiri reprezentative \u00eempreun\u0103 cu speciali\u015ftii europeni din acest domeniu cu scopul populariz\u0103rii ideii de autonomie, pentru a face cunoscute formele de autonomie \u015fi pentru asigurarea continuit\u0103\u0163ii \u00a0de genera\u0163ie pentru tinerii maghiari din Bazinul Carpatic.<\/p>\n<p>\u00cenainte de reuniune, la \u015fedin\u0163a de lucru din Oradea, KMAT a adoptat o pozi\u0163ie fa\u0163\u0103 de noua Legea a \u00eenv\u0103\u0163\u0103m\u00e2ntului din Ucraina, a protestat \u00eempotriva situa\u0163iei Liceului Romano-Catolic din T\u00e2rgu Mure\u015f \u015fi a solicitat organiza\u0163iilor membre s\u0103 sprijine str\u00e2ngerea unui milion de semn\u0103turi pentru sus\u0163inerea ini\u0163iativei cet\u0103\u0163ene\u015fti europene pentru ap\u0103rarea minorit\u0103\u0163ilor Minority SafePack.<\/p>\n<p>Sursa: Kr\u00f3nika\/MTI<\/p>\n<p>Traducerea:Bal\u00e1zs Magdolna<\/p>\n<p>Foto: Kr\u00f3nika<\/p>\n","protected":false},"excerpt":{"rendered":"<p>\u201cComunit\u0103\u0163ile maghiare din Bazinul Carpatic nu au renun\u0163at la lupta lor pentru autonomie, \u00eens\u0103 sunt nevoite s\u0103 se ap\u0103re permanent de atacurile lansate <\/p>\n","protected":false},"author":1,"featured_media":2712,"comment_status":"open","ping_status":"open","sticky":false,"template":"","format":"standard","meta":{"footnotes":""},"categories":[125],"tags":[37,656,655,36],"class_list":["post-2711","post","type-post","status-publish","format-standard","has-post-thumbnail","hentry","category-interne","tag-hatarok-nelkul-com","tag-la-oradea","tag-reuniunea-kmat","tag-stiri-fara-frontiere"],"_links":{"self":[{"href":"https:\/\/hatarok-nelkul.com\/ro\/index.php?rest_route=\/wp\/v2\/posts\/2711","targetHints":{"allow":["GET"]}}],"collection":[{"href":"https:\/\/hatarok-nelkul.com\/ro\/index.php?rest_route=\/wp\/v2\/posts"}],"about":[{"href":"https:\/\/hatarok-nelkul.com\/ro\/index.php?rest_route=\/wp\/v2\/types\/post"}],"author":[{"embeddable":true,"href":"https:\/\/hatarok-nelkul.com\/ro\/index.php?rest_route=\/wp\/v2\/users\/1"}],"replies":[{"embeddable":true,"href":"https:\/\/hatarok-nelkul.com\/ro\/index.php?rest_route=%2Fwp%2Fv2%2Fcomments&post=2711"}],"version-history":[{"count":1,"href":"https:\/\/hatarok-nelkul.com\/ro\/index.php?rest_route=\/wp\/v2\/posts\/2711\/revisions"}],"predecessor-version":[{"id":2713,"href":"https:\/\/hatarok-nelkul.com\/ro\/index.php?rest_route=\/wp\/v2\/posts\/2711\/revisions\/2713"}],"wp:featuredmedia":[{"embeddable":true,"href":"https:\/\/hatarok-nelkul.com\/ro\/index.php?rest_route=\/wp\/v2\/media\/2712"}],"wp:attachment":[{"href":"https:\/\/hatarok-nelkul.com\/ro\/index.php?rest_route=%2Fwp%2Fv2%2Fmedia&parent=2711"}],"wp:term":[{"taxonomy":"category","embeddable":true,"href":"https:\/\/hatarok-nelkul.com\/ro\/index.php?rest_route=%2Fwp%2Fv2%2Fcategories&post=2711"},{"taxonomy":"post_tag","embeddable":true,"href":"https:\/\/hatarok-nelkul.com\/ro\/index.php?rest_route=%2Fwp%2Fv2%2Ftags&post=2711"}],"curies":[{"name":"wp","href":"https:\/\/api.w.org\/{rel}","templated":true}]}}