{"id":2879,"date":"2017-12-10T22:19:24","date_gmt":"2017-12-10T20:19:24","guid":{"rendered":"http:\/\/hatarok-nelkul.com\/ro\/?p=2879"},"modified":"2017-12-10T22:21:06","modified_gmt":"2017-12-10T20:21:06","slug":"placa-comemorativa-la-budapesta-in-memoria-lui-bela-puczi","status":"publish","type":"post","link":"https:\/\/hatarok-nelkul.com\/ro\/?p=2879","title":{"rendered":"Plac\u0103 comemorativ\u0103 la Budapesta, \u00een memoria lui B\u00e9la Puczi"},"content":{"rendered":"<p><a href=\"https:\/\/hatarok-nelkul.com\/ro\/wp-content\/uploads\/2017\/12\/puczi.jpg\"><img loading=\"lazy\" decoding=\"async\" class=\"alignleft size-thumbnail wp-image-2880\" src=\"https:\/\/hatarok-nelkul.com\/ro\/wp-content\/uploads\/2017\/12\/puczi-150x150.jpg\" alt=\"\" width=\"150\" height=\"150\" \/><\/a>Potrivit informa\u0163iilor Agen\u0163iei ungare de Pres\u0103 MTI, duminic\u0103 a fost dezvelit\u0103 pe fa\u0163ada cl\u0103dirii G\u0103rii de Vest din Budapesta o plac\u0103 comemorativ\u0103 \u00een memoria lui B\u00e9la Puczi, care \u00een timpul pogromului antimaghari care a avut loc \u00een martie 1990, la T\u00e2rgu Mure\u015f, a stat \u00een fruntea grupului de romi, veni\u0163i \u00een ajutorul maghiarilor.<\/p>\n<p>La ceremonia de dezvelire a pl\u0103cii comemorative, pre\u015fedintele Asocia\u0163iei &#8220;Suntem de aici&#8221;, Jen\u0151 Set\u00e9t, a declarat c\u0103 niciodat\u0103 nu a auzit de la nimeni s\u0103 \u00ee\u015fi afirme identitatea, a\u015fa cum a f\u0103cut-o B\u00e9la Puczi, chiat \u015fi atunci c\u00e2nd a fost chinut, sus\u0163in\u00e2d ferm c\u0103 este \u00een acela\u015fi timp \u015fi maghiar \u015fi \u0163igan.<\/p>\n<p>\u00cen comunicatul de pres\u0103 dat publicit\u0103\u0163ii de Centrul de Pres\u0103 al Romilor \u015fi Asocia\u0163ia &#8220;Suntem de aici&#8221; se precizeaz\u0103 c\u0103 \u00een timpul pogromului antimaghiari din T\u00e2rgu Mure\u015f, din martie 1990, romii care au venit \u00een ap\u0103rarea maghiarilor au strigat: &#8220;Maghiari, s\u0103 nu v\u0103 fie fric\u0103, \u0163iganii sunt aici!&#8221;<\/p>\n<p>Sursa: MTI<\/p>\n<p>Traducerea: P\u00e9terfy T\u00fcnde<\/p>\n<p>Foto: Hirad\u00f3<\/p>\n","protected":false},"excerpt":{"rendered":"<p>Potrivit informa\u0163iilor Agen\u0163iei ungare de Pres\u0103 MTI, duminic\u0103 a fost dezvelit\u0103 pe fa\u0163ada cl\u0103dirii G\u0103rii de Vest din Budapesta o plac\u0103 comemorativ\u0103 \u00een <\/p>\n","protected":false},"author":1,"featured_media":2880,"comment_status":"open","ping_status":"open","sticky":false,"template":"","format":"standard","meta":{"footnotes":""},"categories":[1],"tags":[744,323,844,37,843,36],"class_list":["post-2879","post","type-post","status-publish","format-standard","has-post-thumbnail","hentry","category-fara-categorie","tag-bela-puczi","tag-budapesta","tag-gara-de-vest","tag-hatarok-nelkul-com","tag-placa-comemorativa","tag-stiri-fara-frontiere"],"_links":{"self":[{"href":"https:\/\/hatarok-nelkul.com\/ro\/index.php?rest_route=\/wp\/v2\/posts\/2879","targetHints":{"allow":["GET"]}}],"collection":[{"href":"https:\/\/hatarok-nelkul.com\/ro\/index.php?rest_route=\/wp\/v2\/posts"}],"about":[{"href":"https:\/\/hatarok-nelkul.com\/ro\/index.php?rest_route=\/wp\/v2\/types\/post"}],"author":[{"embeddable":true,"href":"https:\/\/hatarok-nelkul.com\/ro\/index.php?rest_route=\/wp\/v2\/users\/1"}],"replies":[{"embeddable":true,"href":"https:\/\/hatarok-nelkul.com\/ro\/index.php?rest_route=%2Fwp%2Fv2%2Fcomments&post=2879"}],"version-history":[{"count":1,"href":"https:\/\/hatarok-nelkul.com\/ro\/index.php?rest_route=\/wp\/v2\/posts\/2879\/revisions"}],"predecessor-version":[{"id":2881,"href":"https:\/\/hatarok-nelkul.com\/ro\/index.php?rest_route=\/wp\/v2\/posts\/2879\/revisions\/2881"}],"wp:featuredmedia":[{"embeddable":true,"href":"https:\/\/hatarok-nelkul.com\/ro\/index.php?rest_route=\/wp\/v2\/media\/2880"}],"wp:attachment":[{"href":"https:\/\/hatarok-nelkul.com\/ro\/index.php?rest_route=%2Fwp%2Fv2%2Fmedia&parent=2879"}],"wp:term":[{"taxonomy":"category","embeddable":true,"href":"https:\/\/hatarok-nelkul.com\/ro\/index.php?rest_route=%2Fwp%2Fv2%2Fcategories&post=2879"},{"taxonomy":"post_tag","embeddable":true,"href":"https:\/\/hatarok-nelkul.com\/ro\/index.php?rest_route=%2Fwp%2Fv2%2Ftags&post=2879"}],"curies":[{"name":"wp","href":"https:\/\/api.w.org\/{rel}","templated":true}]}}