{"id":2908,"date":"2018-01-05T21:20:17","date_gmt":"2018-01-05T19:20:17","guid":{"rendered":"http:\/\/hatarok-nelkul.com\/ro\/?p=2908"},"modified":"2018-01-09T14:29:15","modified_gmt":"2018-01-09T12:29:15","slug":"in-ungaria-opozitia-de-stanga-a-renuntat-la-castigarea-alegerilor-din-acest-an","status":"publish","type":"post","link":"https:\/\/hatarok-nelkul.com\/ro\/?p=2908","title":{"rendered":"\u00cen Ungaria, opozi\u0163ia de st\u00e2nga a renun\u0163at la c\u00e2\u015ftigarea alegerilor din acest an"},"content":{"rendered":"<p><a href=\"https:\/\/hatarok-nelkul.com\/ro\/wp-content\/uploads\/2018\/01\/baloldali-ellenzek.jpg\"><img loading=\"lazy\" decoding=\"async\" class=\"alignleft size-thumbnail wp-image-2909\" src=\"https:\/\/hatarok-nelkul.com\/ro\/wp-content\/uploads\/2018\/01\/baloldali-ellenzek-150x150.jpg\" alt=\"\" width=\"150\" height=\"150\" \/><\/a>Potrivit expertului Centrului de analiz\u0103 politic\u0103 &#8220;M\u00e9lt\u00e1nyoss\u00e1g&#8221;, pre\u015fedintele J\u00e1nos \u00c1der va stabili, probabil, ca alegerile parlamentare din prim\u0103vara a acestui an s\u0103 fie organizate cel mai devreme posibil, iar Guvernul va lansa \u00een campania electoral\u0103 cu cele mai puternice sloganuri ale radicalilor europeni.<\/p>\n<p>Analistul Attila Tibor Nagy a declarat postului comercial Infor\u00e1di\u00f3 c\u0103 \u015feful statului va stabili data alegerilor parlamentare probabil pentru 8 aprilie, \u00eens\u0103 anun\u0163ul oficial trebuie a\u015fteptat p\u00e2n\u0103 \u00een prim\u0103var\u0103. Attila Tibor Nagy mai crede c\u0103 \u00een campania electoral\u0103 din 2018 vor fi puternic prezente subiecte precum opozi\u0163ia Guvernului fa\u0163\u0103 de migra\u0163ie, lozincile anti Soros, precum \u015fi succesul politicii privind familia.<\/p>\n<p>Guvernului ungar seam\u0103n\u0103 foarte mult cu sloganurile antiislmice ale partidelor de extrem\u0103 dreapt\u0103 vest-europene. Ceea ce nu \u00eenseamn\u0103 &#8211; spune Nagy &#8211; c\u0103 FIDESZ ar fi un partid de extrem\u0103-dreapt\u0103, ci faptul c\u0103 din punctul de vedere al tematicii a g\u0103sit un slogan cu o mare putere de atrac\u0163ie, la care nu va renun\u0163a.<\/p>\n<p>Analistul Centrului de analiz\u0103 politic\u0103 &#8220;M\u00e9lt\u00e1nyoss\u00e1g&#8221; mai sus\u0163ine c\u0103 for\u0163ele din opozi\u0163ie nu vor avea o sarcin\u0103 u\u015foar\u0103 nici \u00een perioada urm\u0103toare, deoarece \u00eenc\u0103 nu au reu\u015fit s\u0103 \u00ee\u015fi rezolve problema diviz\u0103rii.<\/p>\n<p>&#8220;Ne putem a\u015ftepta \u015fi la disputele \u00eentre Jobbik \u015fi st\u00e2nga, dar \u015fi \u00een cadrul st\u00e2ngii, deoarece am convingerea c\u0103 \u00een segmentul st\u00e2ngii s-au format dou\u0103 grupuri de putere. Unul din aceste gupuri este reprezentat de Partidul Socialist Ungar (MSZP), iar cel\u0103lalt de grupul este condus de Coali\u0163ia Democratic\u0103 (DK). La sociali\u015fti au aderat \u015fi Liberalii, condu\u015fi de G\u00e1bor Fodor, respectiv forma\u0163iunea Dialog pentru Ungaria, al c\u0103rui lider, Gergely Kar\u00e1csony, a fost acceptat de MSZP drept candidat la postul de premier&#8221;, a mai spus Attila Tibor Nagy.<\/p>\n<p>La DK, condus de Ferenc Gyurcs\u00e1ny, a aderat Mi\u015fcarea Solidarit\u0103\u0163ii Ungare, \u015fi probabil\u00a0 acela\u015fi lucru o va face \u015fi forma\u0163iunea MoMa, condus\u0103 de Lajos Bokros. Potrivit analistului ungar, pentru opozi\u0163ia de st\u00e2nga din Ungaria miza nu mai este c\u00e2\u015ftigarea alegerilor, ci care grupare va fi mai puternic\u0103: cea a \u00a0sociali\u015ftilor sau grupul condus de Ferenc Gyurcs\u00e1ny.<\/p>\n<p>Sursa:Infor\u00e1di\u00f3<\/p>\n<p>Traducerea:P\u00e9terfy T\u00fcnde<\/p>\n<p>Foto: Infor\u00e1di\u00f3<\/p>\n<p>&nbsp;<\/p>\n","protected":false},"excerpt":{"rendered":"<p>Potrivit expertului Centrului de analiz\u0103 politic\u0103 &#8220;M\u00e9lt\u00e1nyoss\u00e1g&#8221;, pre\u015fedintele J\u00e1nos \u00c1der va stabili, probabil, ca alegerile parlamentare din prim\u0103vara a acestui an s\u0103 fie <\/p>\n","protected":false},"author":1,"featured_media":2909,"comment_status":"open","ping_status":"open","sticky":false,"template":"","format":"standard","meta":{"footnotes":""},"categories":[29],"tags":[862,861,161,37,859,36,40],"class_list":["post-2908","post","type-post","status-publish","format-standard","has-post-thumbnail","hentry","category-externe","tag-alegeri","tag-analist-politic-attila-tibor-nagy","tag-fidesz","tag-hatarok-nelkul-com","tag-opozitia-de-stanga","tag-stiri-fara-frontiere","tag-ungaria"],"_links":{"self":[{"href":"https:\/\/hatarok-nelkul.com\/ro\/index.php?rest_route=\/wp\/v2\/posts\/2908","targetHints":{"allow":["GET"]}}],"collection":[{"href":"https:\/\/hatarok-nelkul.com\/ro\/index.php?rest_route=\/wp\/v2\/posts"}],"about":[{"href":"https:\/\/hatarok-nelkul.com\/ro\/index.php?rest_route=\/wp\/v2\/types\/post"}],"author":[{"embeddable":true,"href":"https:\/\/hatarok-nelkul.com\/ro\/index.php?rest_route=\/wp\/v2\/users\/1"}],"replies":[{"embeddable":true,"href":"https:\/\/hatarok-nelkul.com\/ro\/index.php?rest_route=%2Fwp%2Fv2%2Fcomments&post=2908"}],"version-history":[{"count":1,"href":"https:\/\/hatarok-nelkul.com\/ro\/index.php?rest_route=\/wp\/v2\/posts\/2908\/revisions"}],"predecessor-version":[{"id":2910,"href":"https:\/\/hatarok-nelkul.com\/ro\/index.php?rest_route=\/wp\/v2\/posts\/2908\/revisions\/2910"}],"wp:featuredmedia":[{"embeddable":true,"href":"https:\/\/hatarok-nelkul.com\/ro\/index.php?rest_route=\/wp\/v2\/media\/2909"}],"wp:attachment":[{"href":"https:\/\/hatarok-nelkul.com\/ro\/index.php?rest_route=%2Fwp%2Fv2%2Fmedia&parent=2908"}],"wp:term":[{"taxonomy":"category","embeddable":true,"href":"https:\/\/hatarok-nelkul.com\/ro\/index.php?rest_route=%2Fwp%2Fv2%2Fcategories&post=2908"},{"taxonomy":"post_tag","embeddable":true,"href":"https:\/\/hatarok-nelkul.com\/ro\/index.php?rest_route=%2Fwp%2Fv2%2Ftags&post=2908"}],"curies":[{"name":"wp","href":"https:\/\/api.w.org\/{rel}","templated":true}]}}