{"id":3002,"date":"2018-02-20T20:33:49","date_gmt":"2018-02-20T18:33:49","guid":{"rendered":"http:\/\/hatarok-nelkul.com\/ro\/?p=3002"},"modified":"2018-02-20T20:35:43","modified_gmt":"2018-02-20T18:35:43","slug":"mai-multe-ong-uri-internationale-si-nationale-au-protestat-impotriva-proiectului-de-lege-stop-soros","status":"publish","type":"post","link":"https:\/\/hatarok-nelkul.com\/ro\/?p=3002","title":{"rendered":"Mai multe ONG-uri interna\u0163ionale \u015fi na\u0163ionale au protestat \u00eempotriva proiectului de lege Stop Soros"},"content":{"rendered":"<p><a href=\"https:\/\/hatarok-nelkul.com\/ro\/wp-content\/uploads\/2018\/02\/stop-soros.png\"><img loading=\"lazy\" decoding=\"async\" class=\"alignleft size-thumbnail wp-image-3003\" src=\"https:\/\/hatarok-nelkul.com\/ro\/wp-content\/uploads\/2018\/02\/stop-soros-150x150.png\" alt=\"\" width=\"150\" height=\"150\" \/><\/a>Un num\u0103r de 18 ONG-uri \u015fi asocia\u0163ii care \u00ee\u015fi desf\u0103\u015foar\u0103 activitatea la nivel interna\u0163ional \u015fi un num\u0103r de 237 de organiza\u0163ii \u015fi asocia\u0163ii care activeaz\u0103 pe teritoriul unor \u0163\u0103ri protesteaz\u0103 \u00eempotriva a\u015fa-numitului pachet legislativ Stop Soros.<\/p>\n<p>\u00centr-o declara\u0163ie comun\u0103 publicat\u0103 luni, la Berlin, aceste organiza\u0163ii au lansat un apel Parlamentului Ungariei, solicit\u00e2nd respingerea acestui pachet de lege \u015fi asigurarea unui climat favorabil \u00een care ONG-urile \u015fi activi\u015ftii care militeaz\u0103 pentru ap\u0103rarea drepturilor omului s\u0103 \u00ee\u015fi poat\u0103 desf\u0103\u015fura activitatea f\u0103r\u0103 opreli\u015fti.<\/p>\n<p>Potrivit comunicatului Centrului din Germania al Amnesty International, organiza\u0163ie interna\u0163ional\u0103 pentru ap\u0103rarea drepturilor omului, proiectele de legi propuse &#8220;ar obstruc\u0163iona \u015fi mai mult activitatea ONG-urilor din Ungaria&#8221;. Din cauza &#8220;sanc\u0163iuniilor colosale&#8221;, prev\u0103zute de acest pachet de legi, ONG-urile vor fi amenin\u0163ate de faliment sau chiar de lichidare, \u00een condi\u0163iile \u00een care exist\u0103 deja &#8220;restric\u0163ii majore&#8221;, ceea ce contravine obliga\u0163iilor asumate la nivel interna\u0163ional de Ungaria \u00een domeniile ap\u0103r\u0103rii dreptului la organizarea de adun\u0103ri publice, libert\u0103\u0163ii de exprimare \u015fi de liber\u0103 circula\u0163ie.<\/p>\n<p>Organiza\u0163iile care au aderat la aceast\u0103 declara\u0163ie comun\u0103 sus\u0163in c\u0103, prin acest pachet legislativ, Guvernul Ungariei vrea s\u0103 \u00eempiedice \u015fi mai mult &#8220;desf\u0103\u015furarea unor activit\u0103\u0163i legitime&#8221; de c\u0103tre grupurile societ\u0103\u0163ii civile care lupt\u0103 pentru ap\u0103rarea drepturilor fundamentale ale omului \u015fi exprim\u0103 opinii diferite \u00een mass-media sau pe internet. &#8220;Ap\u0103r\u0103torii drepturilor omului nu pot fi considera\u0163i, din cauza opiniile lor critice, drept persoane care \u00eencalc\u0103 legile, iar legisla\u0163ia trebuie s\u0103 \u00eei pere \u015fi nu s\u0103 \u00eei &#8220;asupresc\u0103&#8221;, ce mai precizeaz\u0103 \u00een document.<br \/>\nLa aceast\u0103 pozi\u0163ie comun\u0103 au aderat \u015fi organiza\u0163iile interna\u0163ionale Reporteri F\u0103r\u0103 Frontiere \u015fi Human Rights Watch, filialele din Europa Central\u0103 \u015fi de Est ale organiza\u0163iei Greenpeace, precum \u015fi ONG-urile care func\u0163ioneaz\u0103 pe teritoriul a 23 de \u0163\u0103ri, cele mai multe fiind din Olanda, Polonia \u015fi Rom\u00e2nia. Din aceste trei \u0163\u0103ri au aderat la ac\u0163iunea de protest \u00een total 90 de organiza\u0163ii ale societ\u0103\u0163ii civile.<\/p>\n<p>Sursa: MTI<\/p>\n<p>Traducerea: Bal\u00e1sz Magdolna<\/p>\n<p>Foto:iSzolnok.hu<\/p>\n","protected":false},"excerpt":{"rendered":"<p>Un num\u0103r de 18 ONG-uri \u015fi asocia\u0163ii care \u00ee\u015fi desf\u0103\u015foar\u0103 activitatea la nivel interna\u0163ional \u015fi un num\u0103r de 237 de organiza\u0163ii \u015fi asocia\u0163ii <\/p>\n","protected":false},"author":1,"featured_media":3003,"comment_status":"open","ping_status":"open","sticky":false,"template":"","format":"standard","meta":{"footnotes":""},"categories":[29],"tags":[37,932,933,36],"class_list":["post-3002","post","type-post","status-publish","format-standard","has-post-thumbnail","hentry","category-externe","tag-hatarok-nelkul-com","tag-ong-uri-internationale-si-nationale","tag-protesteaza-impotriva-planul-stop-soros","tag-stiri-fara-frontiere"],"_links":{"self":[{"href":"https:\/\/hatarok-nelkul.com\/ro\/index.php?rest_route=\/wp\/v2\/posts\/3002","targetHints":{"allow":["GET"]}}],"collection":[{"href":"https:\/\/hatarok-nelkul.com\/ro\/index.php?rest_route=\/wp\/v2\/posts"}],"about":[{"href":"https:\/\/hatarok-nelkul.com\/ro\/index.php?rest_route=\/wp\/v2\/types\/post"}],"author":[{"embeddable":true,"href":"https:\/\/hatarok-nelkul.com\/ro\/index.php?rest_route=\/wp\/v2\/users\/1"}],"replies":[{"embeddable":true,"href":"https:\/\/hatarok-nelkul.com\/ro\/index.php?rest_route=%2Fwp%2Fv2%2Fcomments&post=3002"}],"version-history":[{"count":1,"href":"https:\/\/hatarok-nelkul.com\/ro\/index.php?rest_route=\/wp\/v2\/posts\/3002\/revisions"}],"predecessor-version":[{"id":3004,"href":"https:\/\/hatarok-nelkul.com\/ro\/index.php?rest_route=\/wp\/v2\/posts\/3002\/revisions\/3004"}],"wp:featuredmedia":[{"embeddable":true,"href":"https:\/\/hatarok-nelkul.com\/ro\/index.php?rest_route=\/wp\/v2\/media\/3003"}],"wp:attachment":[{"href":"https:\/\/hatarok-nelkul.com\/ro\/index.php?rest_route=%2Fwp%2Fv2%2Fmedia&parent=3002"}],"wp:term":[{"taxonomy":"category","embeddable":true,"href":"https:\/\/hatarok-nelkul.com\/ro\/index.php?rest_route=%2Fwp%2Fv2%2Fcategories&post=3002"},{"taxonomy":"post_tag","embeddable":true,"href":"https:\/\/hatarok-nelkul.com\/ro\/index.php?rest_route=%2Fwp%2Fv2%2Ftags&post=3002"}],"curies":[{"name":"wp","href":"https:\/\/api.w.org\/{rel}","templated":true}]}}