{"id":3050,"date":"2018-03-21T09:53:13","date_gmt":"2018-03-21T07:53:13","guid":{"rendered":"http:\/\/hatarok-nelkul.com\/ro\/?p=3050"},"modified":"2018-03-30T10:27:33","modified_gmt":"2018-03-30T07:27:33","slug":"relatiile-romano-maghiare-si-problemele-aparute-in-ultima-perioada-vazute-de-presedintele-partidului-popular-maghiar-din-transilvania-zsolt-szilagyi","status":"publish","type":"post","link":"https:\/\/hatarok-nelkul.com\/ro\/?p=3050","title":{"rendered":"Rela\u0163iile rom\u00e2no-maghiare \u015fi problemele ap\u0103rute \u00een ultima perioad\u0103, v\u0103zute de pre\u015fedintele Partidului Popular Maghiar din Transilvania, Zsolt Szil\u00e1gyi"},"content":{"rendered":"<p align=\"justify\"><span style=\"font-family: 'Times New Roman', serif;\"><span style=\"font-size: medium;\"><span style=\"font-size: large;\"><span lang=\"ro-RO\"><a href=\"https:\/\/hatarok-nelkul.com\/ro\/wp-content\/uploads\/2018\/03\/szilagyi.jpg\"><img loading=\"lazy\" decoding=\"async\" class=\"alignleft size-thumbnail wp-image-3053\" src=\"https:\/\/hatarok-nelkul.com\/ro\/wp-content\/uploads\/2018\/03\/szilagyi-150x150.jpg\" alt=\"\" width=\"150\" height=\"150\" \/><\/a>Dup\u0103 cum se \u015ftie, autorit\u0103\u0163ile rom\u00e2ne\u015fti nu au permis intrarea \u00een Rom\u00e2nia lui Attila Dabis, reprezentantul CNS pentru afaceri externe, care a vrut s\u0103 participe la comemorarea \u015fi mar\u015ful care au avut loc pe 10 martie, la T\u00e2rgu Mure\u015f, cu ocazia Zilei Libert\u0103\u0163ii Secuilor.<\/span><\/span><\/span><\/span><\/p>\n<p align=\"justify\"><span style=\"font-family: 'Times New Roman', serif;\"><span style=\"font-size: medium;\"><span style=\"font-size: large;\"><span lang=\"ro-RO\"><b>L-am \u00eentrebat pe pre\u015fedintele Partidului Popular Maghiar din Transilvania, Zsolt Szil\u00e1gyi, ce crede c\u0103 se afl\u0103 \u00een spatele acestei m\u0103suri luate de autorit\u0103\u0163ile rom\u00e2ne\u015fti?<\/b><\/span><\/span><\/span><\/span><\/p>\n<p align=\"justify\">\u201e<span style=\"font-family: 'Times New Roman', serif;\"><span style=\"font-size: medium;\"><span style=\"font-size: large;\"><span lang=\"ro-RO\">Desigur, trebuie s\u0103 a\u015ftept\u0103m comunicarea oficial\u0103, dar am \u00een\u0163eles c\u0103 Attila Dabis a solicitat autorit\u0103\u0163ilor rom\u00e2ne o explica\u0163ie detaliat\u0103 despre motivul pentru care nu a fost l\u0103sat s\u0103 intre pe teritoriul Rom\u00e2niei. Motivul este, probabil, activitatea desf\u0103\u015furat\u0103 de el, prin care a sus\u0163inut cauzele maghiarilor din Transilvania. \u015etiu c\u0103 el a participat la elaborarea raportului complementar privind respectarea drepturilor maghiarilor din Transilvania \u015fi care a <\/span><\/span><em><span style=\"font-size: large;\"><span lang=\"ro-RO\">fost cuprins \u00een raportul CE privind ap\u0103rarea minorit\u0103\u0163ilor na\u0163ionale. \u00cen acest sens, el \u015fi-a exprimat pozi\u0163ia sa pentru Consiliul Europei\u201d.<\/span><\/span><\/em><\/span><\/span><\/p>\n<p align=\"justify\"><span style=\"font-family: 'Times New Roman', serif;\"><span style=\"font-size: medium;\"><span style=\"font-size: large;\"><span lang=\"ro-RO\"><b>La \u00eentrebarea, ce va \u00eentreprinde CNMT pentru clarificarea situa\u0163iei lui Attila Dabis, pre\u015fedintele acestei forma\u0163iuni politice a men\u0163ionat: <\/b><\/span><\/span><\/span><\/span><\/p>\n<p align=\"justify\">\u201e<span style=\"font-family: 'Times New Roman', serif;\"><span style=\"font-size: medium;\"><span style=\"font-size: large;\"><span lang=\"ro-RO\">Noi vom apela la toate mijloacele pentru reglementarea situa\u0163iei. Cred c\u0103 aceast\u0103 situa\u0163ie nu serve\u015fte la \u00eentre\u0163inerea unei rela\u0163ii bune \u00eentre dou\u0103 \u0163\u0103ri membre ale UE. Consider c\u0103 a fost o gre\u015feal\u0103 din partea autorit\u0103\u0163ilor rom\u00e2ne\u015fti. Acest gest poate fi inclus \u00een atmosfera la care am fost martori dup\u0103 publicarea raportului Consiliului Europei la care Ministerul rom\u00e2n de Externe a reac\u0163ionat dur \u015fi a \u00eencercat s\u0103 dezmint\u0103 con\u0163inutul raportului, \u00een condi\u0163iile \u00een care noi \u015ftim din via\u0163a de zi cu zi c\u0103 Rom\u00e2nia nu \u015fi-a \u00eendeplinit \u00eentocmai nici prevederile Acordului-cadru pentru protec\u0163ia minorit\u0103\u0163ilor na\u0163ionale \u015fi nici ale Cartei europene privind limbile regionale sau minoritare\u201d.<\/span><\/span><\/span><\/span><\/p>\n<p align=\"justify\"><span style=\"font-family: 'Times New Roman', serif;\"><span style=\"font-size: medium;\"><span style=\"font-size: large;\"><span lang=\"ro-RO\">Referitor la dialogul rom\u00e2no-maghiar am amintit c\u0103 \u00een calitate de pre\u015fedinte al CNMT, el a \u00eenaintat o scrisoare pre\u015fedintelui Rom\u00e2niei, premerg\u0103tor vizitei acestuia \u00een \u0162inutul Secuiesc, care a avut loc anul trecut, scrisoare \u00een care a solicitat din partea pre\u015fedintelui Klaus Iohannis ini\u0163ierea unui dialog rom\u00e2no-maghiar despre autonomie.<\/span><\/span><\/span><\/span><\/p>\n<p align=\"justify\"><span style=\"font-family: 'Times New Roman', serif;\"><span style=\"font-size: medium;\"><span style=\"font-size: large;\"><span lang=\"ro-RO\"><b>L-am \u00eentrebat pe Zsolt Szilagyi, dac\u0103 au primit vreun r\u0103spuns la aceast\u0103 scrisoare?<\/b><\/span><\/span><\/span><\/span><\/p>\n<p align=\"justify\">\u201e<span style=\"font-family: 'Times New Roman', serif;\"><span style=\"font-size: medium;\"><span style=\"font-size: large;\"><span lang=\"ro-RO\">Nu am primit nici un r\u0103spuns la scrisoarea noastr\u0103. Eu am solicitat atunci de la \u015feful statului ca \u00een conformitate cu obliga\u0163iile \u015fi drepturile sale constitu\u0163ionale &#8211; \u015fi f\u0103c\u00e2nd uz de acestea &#8211; s\u0103 fie moderatorul dialogului rom\u00e2no-maghiar. Prezen\u0163a sa \u00een \u0162inutul Secuiesc poate fi considerat\u0103 \u015fi un pas pozitiv, \u00eens\u0103 dac\u0103 aceast\u0103 vizit\u0103 nu este urmat\u0103 de rezultate concrete va r\u0103m\u00e2ne doar la nivelul gesturilor simbolice. Dup\u0103 100 de ani de la Dictatul de la Trianon este nevoie de mai mult, dec\u00e2t at\u00e2t \u00een rela\u0163iile rom\u00e2no-maghiare\u201d.<\/span><\/span><\/span><\/span><\/p>\n<p align=\"justify\"><span style=\"font-family: 'Times New Roman', serif;\"><span style=\"font-size: medium;\"><span style=\"font-size: large;\"><span lang=\"ro-RO\"><b>La \u00eentrebarea, cum se poate \u00eencepe, totu\u015fi, acest dialog, pre\u015fedintele CNMT a precizat:<\/b><\/span><\/span><\/span><\/span><\/p>\n<p align=\"justify\">\u201e<span style=\"font-family: 'Times New Roman', serif;\"><span style=\"font-size: medium;\"><span style=\"font-size: large;\"><span lang=\"ro-RO\">Desigur, noi putem \u00eencheia un dialog cu oricine dore\u015fte. Noi tot timpul subliniem nevoia acestui dialog \u015fi m\u0103 bucur c\u0103 cele trei partide maghiare din Transilvania \u00eemp\u0103rt\u0103\u015fesc aceast\u0103 p\u0103rere \u015fi pe 15 ianuarie a acestui an au semnat o declara\u0163ie comun\u0103 despre autonomie, este vorba despre Declara\u0163ia de la Cluj. Toate cele trei partide maghiare au sus\u0163inut c\u0103 dialogul rom\u00e2no-maghiar trebuie s\u0103 \u00eenceap\u0103 o dat\u0103 \u015fi c\u0103 acesta trebuie s\u0103 trateze chestiunile de fond. Acela\u015fi lucru a fost accentuat \u015fi pe 10 martie, la T\u00e2rgu Mure\u015f, cu prilejul Zilei Libert\u0103\u0163ii Secuilor. Acesta a fost \u015fi mesajul aproape fiec\u0103rui vorbitori ai manifest\u0103rilor care au avut loc pe 15 Martie. Acest g\u00e2nd a fost transmis \u015fi de c\u0103tre premierul Viorica D\u0103ncil\u0103 \u00een mesajul s\u0103u de felicitare adresat maghiarilor cu prilejul zilei na\u0163ionale a maghiarilor. Dup\u0103 gesturi trebuie s\u0103 urmeze faptele\u201d.<\/span><\/span><\/span><\/span><\/p>\n<p align=\"justify\"><span style=\"font-family: 'Times New Roman', serif;\"><span style=\"font-size: medium;\"><span style=\"font-size: large;\"><span lang=\"ro-RO\"><b>La \u00eentrebarea, cum \u00eei ajut\u0103 CNMT pe maghiarii din Transilvania pentru a se \u00eentregistra \u00een registrul electoral din Ungaria \u00een perspectiva particip\u0103rii lor la alegerilor parlamentare din aprilie, din aceast\u0103 \u0163ar\u0103, pre\u015fedintele CNMT a declarat:<\/b><\/span><\/span><\/span><\/span><\/p>\n<p align=\"justify\">\u201e<span style=\"font-family: 'Times New Roman', serif;\"><span style=\"font-size: medium;\"><span style=\"font-size: large;\"><span lang=\"ro-RO\">\u00cei ajut\u0103m cu informa\u0163ii pe cei care vor s\u0103 \u00ee\u015fi exercite dreptul de vot, \u00eei inform\u0103m despre procedurile legale. Exist\u0103 mai multe posibilit\u0103\u0163i ca ei s\u0103 se \u00eenregistreze \u015fi s\u0103 transmit\u0103 adresa domiciliului lor autorit\u0103\u0163ilor electorale din Ungaria. Cred c\u0103 aceasta este o posibilitate de care trebuie s\u0103 se foloseasc\u0103. Faptul c\u0103 acum, \u00een 2018, maghiarii de dincolo de grani\u0163ele Ungariei au posibilitatea pentru a-\u015fi exprima opiniile lor despre trecut \u015fi viitor, prin exercitarea votului, cred c\u0103 aceast\u0103 \u015fans\u0103 nu trebuie neglijat\u0103, ci trebuie folosit\u0103. Noi \u00eei ajut\u0103m pe oameni prin consult\u0103ri, prin simplificarea informa\u0163iilor pentru ca ei s\u0103 participe la acest proces\u201d.<\/span><\/span><\/span><\/span><\/p>\n<p align=\"justify\"><span style=\"font-family: 'Times New Roman', serif;\"><span style=\"font-size: medium;\"><span style=\"font-size: large;\"><span lang=\"ro-RO\"><b>Pe Zsolt Szilagy l-am \u00eentrebat \u015fi despre proiectele de viitor ale CNMT:<\/b><\/span><\/span><\/span><\/span><\/p>\n<p align=\"justify\">\u201e<span style=\"font-family: 'Times New Roman', serif;\"><span style=\"font-size: large;\"><span lang=\"ro-RO\">La \u00eenfiin\u0163area sa, Partidul Popular Maghiar din Transilvania \u015fi-a stabilit programul \u015fi misiunea sa, iar noi le respect\u0103m pe acestea. Ne consider\u0103m \u00een continuarea drept un partid maghiar, un partid transilv\u0103nean. \u00cencerc\u0103m \u00een continuare s\u0103 \u00eencheiem o alian\u0163\u0103 strategic\u0103 cu popula\u0163ia rom\u00e2n\u0103 din Transilvania, iar \u00een acest scop \u00eencerc\u0103m s\u0103 identific\u0103m poten\u0163ialii parteneri. Iar, pe maghiarii din Transilvania vrem s\u0103 \u00eei reprezent\u0103m \u00een continuare \u015fi vrem s\u0103 ob\u0163inem ca \u015fi ei s\u0103 beneficieze de ceea ce beneficiaz\u0103 de mult comunit\u0103\u0163ile europene, respectiv de posibilitatea ca \u015fi noi s\u0103 decidem asupra destinului nostru. \u00cen procesul privind \u00eencheierea unor parteneriate strategice am reu\u015fit s\u0103 \u00eencepem un dialog cu unele forma\u0163iuni politice rom\u00e2ne\u015fti \u015fi cu unele personalit\u0103\u0163i rom\u00e2ne\u015fti, care consider\u0103, de asemenea, important\u0103 reprezentarea CNMT, a faptului c\u0103 din cauza sisemului centralizat din Bucure\u015fti \u015fi a corup\u0163iei suntem cu to\u0163ii dezavantaja\u0163i c\u0103 \u00een Transilvania lipsesc investi\u0163iile care ar contribui la dezvoltarea Transilvaniei \u015fi din punct de vedere al infrastructurii. Este suficient dac\u0103 ne g\u00e2ndim la autostrada Transilvania de Nord care trebuie s\u0103 fie un interes comun rom\u00e2no-maghiar \u015fi a c\u0103rei construire este tergiversat\u0103 de c\u0103tre autorit\u0103\u0163ile rom\u00e2ne\u015fti\u201d <\/span><\/span><\/span><\/p>\n<p align=\"justify\"><span style=\"font-family: 'Times New Roman', serif;\"><span style=\"font-size: medium;\"><span style=\"font-size: large;\">Interviu realizat de: Bal\u00e1zs Magdolna<\/span><\/span><\/span><\/p>\n<p align=\"justify\"><span style=\"font-family: 'Times New Roman', serif;\"><span style=\"font-size: medium;\"><span style=\"font-size: large;\"><span lang=\"hu-HU\">Foto: neppart.eu<\/span><\/span><\/span><\/span><\/p>\n","protected":false},"excerpt":{"rendered":"<p>Dup\u0103 cum se \u015ftie, autorit\u0103\u0163ile rom\u00e2ne\u015fti nu au permis intrarea \u00een Rom\u00e2nia lui Attila Dabis, reprezentantul CNS pentru afaceri externe, care a vrut <\/p>\n","protected":false},"author":1,"featured_media":3053,"comment_status":"open","ping_status":"open","sticky":false,"template":"","format":"standard","meta":{"footnotes":""},"categories":[125],"tags":[961,960,37,17,36,15,868],"class_list":["post-3050","post","type-post","status-publish","format-standard","has-post-thumbnail","hentry","category-interne","tag-attila-dabis","tag-dabis-attila","tag-hatarok-nelkul-com","tag-izsak-balazs","tag-stiri-fara-frontiere","tag-ziua-libertatii-secuilor","tag-zsolt-szilagyi"],"_links":{"self":[{"href":"https:\/\/hatarok-nelkul.com\/ro\/index.php?rest_route=\/wp\/v2\/posts\/3050","targetHints":{"allow":["GET"]}}],"collection":[{"href":"https:\/\/hatarok-nelkul.com\/ro\/index.php?rest_route=\/wp\/v2\/posts"}],"about":[{"href":"https:\/\/hatarok-nelkul.com\/ro\/index.php?rest_route=\/wp\/v2\/types\/post"}],"author":[{"embeddable":true,"href":"https:\/\/hatarok-nelkul.com\/ro\/index.php?rest_route=\/wp\/v2\/users\/1"}],"replies":[{"embeddable":true,"href":"https:\/\/hatarok-nelkul.com\/ro\/index.php?rest_route=%2Fwp%2Fv2%2Fcomments&post=3050"}],"version-history":[{"count":4,"href":"https:\/\/hatarok-nelkul.com\/ro\/index.php?rest_route=\/wp\/v2\/posts\/3050\/revisions"}],"predecessor-version":[{"id":3055,"href":"https:\/\/hatarok-nelkul.com\/ro\/index.php?rest_route=\/wp\/v2\/posts\/3050\/revisions\/3055"}],"wp:featuredmedia":[{"embeddable":true,"href":"https:\/\/hatarok-nelkul.com\/ro\/index.php?rest_route=\/wp\/v2\/media\/3053"}],"wp:attachment":[{"href":"https:\/\/hatarok-nelkul.com\/ro\/index.php?rest_route=%2Fwp%2Fv2%2Fmedia&parent=3050"}],"wp:term":[{"taxonomy":"category","embeddable":true,"href":"https:\/\/hatarok-nelkul.com\/ro\/index.php?rest_route=%2Fwp%2Fv2%2Fcategories&post=3050"},{"taxonomy":"post_tag","embeddable":true,"href":"https:\/\/hatarok-nelkul.com\/ro\/index.php?rest_route=%2Fwp%2Fv2%2Ftags&post=3050"}],"curies":[{"name":"wp","href":"https:\/\/api.w.org\/{rel}","templated":true}]}}