{"id":3056,"date":"2018-04-04T14:47:45","date_gmt":"2018-04-04T11:47:45","guid":{"rendered":"http:\/\/hatarok-nelkul.com\/ro\/?p=3056"},"modified":"2018-04-04T14:47:45","modified_gmt":"2018-04-04T11:47:45","slug":"csengele-csiky-nu-le-am-permis-nici-politicienilor-maghiari-si-nici-politicienilor-romani-ca-aceasta-cauza-a-scolii-sa-fie-transformata-intr-una-etnica","status":"publish","type":"post","link":"https:\/\/hatarok-nelkul.com\/ro\/?p=3056","title":{"rendered":"Csengele Csiky: Nu le-am permis nici politicienilor maghiari \u015fi nici politicienilor rom\u00e2ni ca aceast\u0103 cauz\u0103 a \u015fcolii s\u0103 fie transformat\u0103 \u00eentr-una etnic\u0103"},"content":{"rendered":"<p align=\"justify\"><span style=\"font-family: Times\\ New\\ Roman, serif;\"><span style=\"font-size: medium;\"><b><span style=\"font-size: large;\"><span lang=\"ro-RO\"><a href=\"https:\/\/hatarok-nelkul.com\/ro\/wp-content\/uploads\/2018\/04\/cs\u00edky_csengele.jpg\"><img loading=\"lazy\" decoding=\"async\" class=\"alignleft size-thumbnail wp-image-3057\" src=\"https:\/\/hatarok-nelkul.com\/ro\/wp-content\/uploads\/2018\/04\/cs\u00edky_csengele-150x150.jpg\" alt=\"\" width=\"150\" height=\"150\" \/><\/a>La \u00eenceputul lunii februarie a acestui an, Curtea de Apel T\u00e2rgu Mure\u0219 a anulat definitiv decizia de \u00eenfiin\u021bare a Liceului Teologic Romano-Catolic.<\/span><\/span><\/b><\/span><\/span><\/p>\n<p align=\"justify\"><span style=\"font-family: Times\\ New\\ Roman, serif;\"><span style=\"font-size: medium;\"><span style=\"font-size: large;\"><span lang=\"ro-RO\">\u00cen acest context l-am \u00eentrebat pe pre\u015fedintele Asocia\u0163iei P\u0103rin\u0163ilor Maghiari din T\u00e2rgu Mure\u015f, Csengele Csiky, ce se va \u00eent\u00e2mpla cu elevii maghiari dup\u0103 vacan\u0163a de prim\u0103var\u0103, la care \u015fcoal\u0103 \u00ee\u015fi vor continua studiile, \u015fi dac\u0103 au g\u0103sit o solu\u0163ie \u00een acest sens?<\/span><\/span><\/span><\/span><\/p>\n<p align=\"justify\">\u201c<span style=\"font-family: Times\\ New\\ Roman, serif;\"><span style=\"font-size: medium;\"><span style=\"font-size: large;\"><span lang=\"ro-RO\">Nu \u015ftim \u00eenc\u0103 exact care va fi solu\u0163ia, deocamdat\u0103 \u00eencerc\u0103m \u2013 noi \u015fi speciali\u015ftii &#8211; s\u0103 g\u0103sim o solu\u0163ie legal\u0103. Trebuie se lu\u0103m act de faptul c\u0103 decizia tribunalului este definitiv\u0103 \u015fi irevocabil\u0103, iar aceast\u0103 decizie trebuie cineva s\u0103 o aplice \u00eentr-un fel. Ceea ce \u015ftim acum este c\u0103 inspectorul general \u015fcolar a solicitat, printr-o adres\u0103, Ministerului Educa\u0163iei s\u0103 stabileasc\u0103 un cadru juridic cu privire la modul de procedur\u0103. Acum a\u015fept\u0103m acest r\u0103spuns. Nu \u00eent\u00e2mpl\u0103tor i-au luat pe p\u0103rin\u021bii copiilor de la Colegiul Na\u0163ional Unirea, \u015fi p\u0103rin\u0163ii nu \u00eent\u00e2mpl\u0103tor \u015fi-au ap\u0103rat \u00een proces punctul lor de vedere, a\u015fa c\u0103 ne str\u0103duim s\u0103 g\u0103sim o solu\u0163ie legal\u0103. Deocamdat\u0103 numai at\u00e2t pot s\u0103 v\u0103 spun, acum, \u00een a doua parte a s\u0103pt\u0103m\u00e2nii\u201d, ne-a explicat Csengele Csiky.<\/span><\/span><\/span><\/span><\/p>\n<p align=\"justify\"><span style=\"font-family: Times\\ New\\ Roman, serif;\"><span style=\"font-size: medium;\"><span style=\"font-size: large;\"><span lang=\"ro-RO\">Referitor la \u00eent\u00e2lnirea care a avut loc pe 29 martie \u00eentre reprezentan\u0163ii p\u0103rin\u0163ilor \u015fi conducerea UDMR, Csengele Csiky a precizat:<\/span><\/span><\/span><\/span><\/p>\n<p align=\"justify\">\u201c<span style=\"font-family: Times\\ New\\ Roman, serif;\"><span style=\"font-size: medium;\"><span style=\"font-size: large;\"><span lang=\"ro-RO\">Am stabilit pa\u015fii care pot fi \u00eentreprin\u015fi, comunit\u0103\u0163ile p\u0103rin\u0163ilor \u015fi-au prezentat punctul de vedere \u015fi solicit\u0103rile lor. La negociere au participat foarte mul\u0163i speciali\u015fti. Toat\u0103 lumea depune eforturi pentru identificarea unor solu\u0163ii legale. Poate acesta este cel mai important rezultat. Un rezultat se a\u015fteapt\u0103 \u00een a doua parte a s\u0103pt\u0103m\u00e2nii, deoarece azi-m\u00e2ine speciali\u015ftii vor discuta la minister. Credem c\u0103 a fost o \u00eent\u00e2lnire foarte creativ\u0103. Nu este lipsit de interes participarea la aceast\u0103 discu\u0163ie \u00eentr-un num\u0103r at\u00e2t de mare al speciali\u015ftilor, care \u00eencearc\u0103 s\u0103 g\u0103seasc\u0103 o solu\u0163ie. Acesta este deja un progres important\u201d.<\/span><\/span><\/span><\/span><\/p>\n<p align=\"justify\"><span style=\"font-family: Times\\ New\\ Roman, serif;\"><span style=\"font-size: medium;\"><span style=\"font-size: large;\"><span lang=\"ro-RO\">La \u00eentrebarea, dac\u0103 exist\u0103 mai multe solu\u0163ii pentru rezolvarea situa\u0163iei, pre\u015fedintele Asocia\u0163iei P\u0103rin\u0163ilor Maghiari a spus:<\/span><\/span><\/span><\/span><\/p>\n<p align=\"justify\">\u201c<span style=\"font-family: Times\\ New\\ Roman, serif;\"><span style=\"font-size: medium;\"><span style=\"font-size: large;\"><span lang=\"ro-RO\">Exist\u0103 mai multe feluri de solu\u0163ii, dar cu permisiunea dumneavoastr\u0103 nu m-as referi la acestea. Cel mai important este c\u0103 \u2013 lu\u00e2nd \u00een considerare drepturile constitu\u0163ionale ale elevilor \u015fi p\u0103rin\u0163ilor, precum \u015fi prevederea de baz\u0103 a legii din 2011 &#8211; trebuie s\u0103 respect\u0103m decizia tribunalului. \u00cen acest spirit \u00eencearc\u0103 speciali\u015ftii s\u0103 identifice o solu\u0163ie, \u00een a\u015fa fel \u00eenc\u00e2t \u00een acest an \u015fcolar s\u0103 nu perturb\u0103m \u2013 \u00een limita posibilit\u0103\u0163ilor \u2013 func\u0163ionarea \u015fcolii, \u00een primul r\u00e2nd a liceului teoretic, unde \u00eenva\u0163\u0103 acum elevii maghiari \u015fi predau cadrele didactice, \u015fi unde vor avea loc examenul de bacalaureat \u015fi alte examene. Din punct de vedere administrativ ar fi foarte greu, dar nu imposibil. Sunt posibilit\u0103\u0163i, mai multe scenarii pentru rezolvarea acestei probleme. Ne exprim\u0103m \u00eencrederea c\u0103 vom identifica solu\u0163ia cea mai adecvat\u0103, conform prevederilor legii \u00een vigoare\u201d.<\/span><\/span><\/span><\/span><\/p>\n<p align=\"justify\"><span style=\"font-family: Times\\ New\\ Roman, serif;\"><span style=\"font-size: medium;\"><span style=\"font-size: large;\"><span lang=\"ro-RO\">La \u00eentrebarea, dac\u0103 beneficiaz\u0103 de sprijinul UDMR, Csengele Csiky a r\u0103spuns:<\/span><\/span><\/span><\/span><\/p>\n<p align=\"justify\">\u201c<span style=\"font-family: Times\\ New\\ Roman, serif;\"><span style=\"font-size: medium;\"><span style=\"font-size: large;\"><span lang=\"ro-RO\">\u00cen \u00eentreaga istorie a \u015fcolii catolice, putem spune c\u0103 \u00een ultimele cinci luni conducerea na\u0163ional\u0103 a UDMR a acordat un sprijin puternic elevilor \u015fi p\u0103rin\u0163ilor. \u00cen prezent, avem \u00eencredere c\u0103 va gestiona cu rezultate aceast\u0103 situa\u0163ie. Nu vreau s\u0103 abordez aceast\u0103 situa\u0163ie nici prea pozitiv, nici prea negativ, deoarece \u00een ultimul an \u015fi jum\u0103tate am avut parte de de toate, a\u015fa c\u0103 palmele pot veni din oricare direc\u0163ie. Cel mai important este respectarea \u00een totalitate a prevederilor legale, deoarece numai astfel vom putea asigura pe termen lung copiilor no\u015ftri un climat de siguran\u0163\u0103\u201d.<\/span><\/span><\/span><\/span><\/p>\n<p align=\"justify\"><span style=\"font-family: Times\\ New\\ Roman, serif;\"><span style=\"font-size: medium;\"><span style=\"font-size: large;\"><span lang=\"ro-RO\">La \u00eentrebarea, dac\u0103 p\u0103rin\u0163ii au manifestat \u015fi nemul\u0163umiri fa\u0163\u0103 de conducerea UDMR, din cauz\u0103 c\u0103 dup\u0103 at\u00e2ta timp nu s-a rezolvat aceast\u0103 situa\u0163ie, pre\u015fedintele Asocia\u0163iei P\u0103rin\u0163ilor Maghiari a precizat:<\/span><\/span><\/span><\/span><\/p>\n<p align=\"justify\">\u201c<span style=\"font-family: Times\\ New\\ Roman, serif;\"><span style=\"font-size: medium;\"><span style=\"font-size: large;\"><span lang=\"ro-RO\">\u00centreaga comunitate a p\u0103rin\u0163ilor are un mod minunat de abordare: \u00eentotdeauna \u00eencearc\u0103 s\u0103 g\u0103seasc\u0103 o solu\u0163ie \u015fi nu pe cei vinova\u0163i. Cel mai important este c\u0103 aten\u0163ia noastr\u0103 este focalizat\u0103 asupra modului \u00een care putem rezolva problema. \u00cen primul r\u00e2nd vrem pentru copiii no\u015ftri siguran\u0163\u0103, \u015fi dup\u0103 \u00eencheierea acestei chestiuni, se pot trage concluziile &#8211; concluziile \u015fi nu luarea la rost \u2013 pentru ca \u00een viitor s\u0103 putem evita crearea unor situa\u0163ii similare. \u00cen aceast\u0103 perioad\u0103 am acumulat o imens\u0103 experien\u0163\u0103 \u015fi dorim s\u0103 d\u0103m mai departe acest tip de abordare. Noi nu le-am permis nici politicienilor maghiari, nici politicienilor rom\u00e2ni, dar nici institu\u0163iilor publice ca aceast\u0103 cauz\u0103 a \u015fcolii s\u0103 fie transformat\u0103 \u00eentr-una etnic\u0103 \u015fi aceasta este esen\u0163a acestei chestiuni\u201d. <\/span><\/span><\/span><\/span><\/p>\n<p align=\"justify\"><span style=\"font-family: Times\\ New\\ Roman, serif;\"><span style=\"font-size: medium;\"><span style=\"font-size: large;\">Interviu realizat de: Bal\u00e1zs Magdolna<\/span><\/span><\/span><\/p>\n<p align=\"justify\"><span style=\"font-family: Times\\ New\\ Roman, serif;\"><span style=\"font-size: medium;\"><span style=\"font-size: large;\">Foto: maszol.ro<\/span><\/span><\/span><\/p>\n<style type=\"text\/css\">p { margin-bottom: 0.1in; direction: ltr; color: rgb(0, 0, 10); line-height: 120%; text-align: left; }p.western { font-family: \"Calibri\", serif; font-size: 11pt; }p.cjk { font-family: \"Droid Sans Fallback\"; font-size: 11pt; }p.ctl { font-size: 11pt; }<\/style>\n","protected":false},"excerpt":{"rendered":"<p>La \u00eenceputul lunii februarie a acestui an, Curtea de Apel T\u00e2rgu Mure\u0219 a anulat definitiv decizia de \u00eenfiin\u021bare a Liceului Teologic Romano-Catolic. \u00cen <\/p>\n","protected":false},"author":1,"featured_media":3057,"comment_status":"open","ping_status":"open","sticky":false,"template":"","format":"standard","meta":{"footnotes":""},"categories":[125],"tags":[965,966,37,460,36,53],"class_list":["post-3056","post","type-post","status-publish","format-standard","has-post-thumbnail","hentry","category-interne","tag-csengele-csiky","tag-csiky-csengele","tag-hatarok-nelkul-com","tag-liceul-teologic-romano-catolic-din-targu-mures","tag-stiri-fara-frontiere","tag-udmr"],"_links":{"self":[{"href":"https:\/\/hatarok-nelkul.com\/ro\/index.php?rest_route=\/wp\/v2\/posts\/3056","targetHints":{"allow":["GET"]}}],"collection":[{"href":"https:\/\/hatarok-nelkul.com\/ro\/index.php?rest_route=\/wp\/v2\/posts"}],"about":[{"href":"https:\/\/hatarok-nelkul.com\/ro\/index.php?rest_route=\/wp\/v2\/types\/post"}],"author":[{"embeddable":true,"href":"https:\/\/hatarok-nelkul.com\/ro\/index.php?rest_route=\/wp\/v2\/users\/1"}],"replies":[{"embeddable":true,"href":"https:\/\/hatarok-nelkul.com\/ro\/index.php?rest_route=%2Fwp%2Fv2%2Fcomments&post=3056"}],"version-history":[{"count":1,"href":"https:\/\/hatarok-nelkul.com\/ro\/index.php?rest_route=\/wp\/v2\/posts\/3056\/revisions"}],"predecessor-version":[{"id":3058,"href":"https:\/\/hatarok-nelkul.com\/ro\/index.php?rest_route=\/wp\/v2\/posts\/3056\/revisions\/3058"}],"wp:featuredmedia":[{"embeddable":true,"href":"https:\/\/hatarok-nelkul.com\/ro\/index.php?rest_route=\/wp\/v2\/media\/3057"}],"wp:attachment":[{"href":"https:\/\/hatarok-nelkul.com\/ro\/index.php?rest_route=%2Fwp%2Fv2%2Fmedia&parent=3056"}],"wp:term":[{"taxonomy":"category","embeddable":true,"href":"https:\/\/hatarok-nelkul.com\/ro\/index.php?rest_route=%2Fwp%2Fv2%2Fcategories&post=3056"},{"taxonomy":"post_tag","embeddable":true,"href":"https:\/\/hatarok-nelkul.com\/ro\/index.php?rest_route=%2Fwp%2Fv2%2Ftags&post=3056"}],"curies":[{"name":"wp","href":"https:\/\/api.w.org\/{rel}","templated":true}]}}