{"id":3095,"date":"2018-05-02T17:01:15","date_gmt":"2018-05-02T14:01:15","guid":{"rendered":"http:\/\/hatarok-nelkul.com\/ro\/?p=3095"},"modified":"2018-05-02T17:02:36","modified_gmt":"2018-05-02T14:02:36","slug":"integrarea-imigrantilor-in-europa-nu-are-succes","status":"publish","type":"post","link":"https:\/\/hatarok-nelkul.com\/ro\/?p=3095","title":{"rendered":"Integrarea imigran\u0163ilor \u00een Europa nu are succes"},"content":{"rendered":"<p><a href=\"https:\/\/hatarok-nelkul.com\/ro\/wp-content\/uploads\/2018\/05\/migransok_nemetorszag.jpg\"><img loading=\"lazy\" decoding=\"async\" class=\"alignleft size-thumbnail wp-image-3096\" src=\"https:\/\/hatarok-nelkul.com\/ro\/wp-content\/uploads\/2018\/05\/migransok_nemetorszag-150x150.jpg\" alt=\"\" width=\"150\" height=\"150\" \/><\/a>Potrivit unui sondaj de opinie realizat de Comisia European\u0103, dou\u0103 treimi dintre cet\u0103\u0163enii Germaniei, Fran\u0163ei \u015fi Italiei cred c\u0103 integrarea imigran\u0163ilor \u00een general nu are succes. Un alt sondaj a fost realizat \u00een Germania despre nivelul de preg\u0103tire al imigran\u0163ilor la examenul de limb\u0103. Rezultatele nu sunt prea \u00eencurajatoare, deoarece fiecare al doilea imigrant a c\u0103zut la examen, a informat televiziunea public\u0103 ungar\u0103 M1.<\/p>\n<p>Fiecare al doilea imigrant nu\u00a0 \u00eendepline\u015fte condi\u0163iile de promovare la sf\u00e2r\u015fitul cursurilor de integrare, scrie Deutsche Welle. Scopul cursurilor este ca imigran\u0163ii din Germania s\u0103 aib\u0103 cuno\u015ftin\u0163\u0103 de limb\u0103, necesar\u0103 pentru a se descurca \u00een via\u0163a de zi cu zi, precum \u015fi s\u0103 ob\u0163in\u0103 o minim\u0103 informa\u0163ie despre cultura, istoria \u015fi sistemul juridic german, \u015fi s\u0103 cunoasc\u0103 scara na\u0163ional\u0103 a valorilor. Numai c\u0103 peste jum\u0103tate din imigran\u0163i nu fac fa\u0163\u0103 nici testului privind cuno\u015ftin\u0163ele de baz\u0103 ale limbii germane. Astfel, cursurile menite s\u0103 \u00eei ajute pe imigran\u0163i pentru a se integra \u00een societatea german\u0103, se \u00eencheie \u00een marea lor majoritate f\u0103r\u0103 succes.<\/p>\n<p>Potrivit portalului Westmonster, acest sondaj de opinie reprezint\u0103 o lovitur\u0103 de ciocan asupra ideologiei societ\u0103\u0163ii deschise. Rezultatele cele mai nefavorabile sunt mai ales \u00een \u0163\u0103rile membre ale UE ale c\u0103ror lideri sunt pro-migra\u0163ie. \u00cen Suedia, 73%, \u00een Fran\u0163a 64% \u015fi \u00een Germania 63% dintre intervieva\u0163i cred c\u0103 imigran\u0163ii sunt incapabili s\u0103 se integreze.<\/p>\n<p>Conform informa\u0163iilor ziarului ungar Magyar Id\u0151k, tocmai sus\u0163inerea slab\u0103 a politicii migra\u0163ioniste de por\u0163i deschise, promovat\u0103 de Angela Merkel, st\u0103 \u00een calea proiectului privind reglementarea sistemului european de migra\u0163ie, deoarece Germania \u015fi-a \u00eentors spatele reformei sistemului de la Dublin. Autorit\u0103\u0163ile de la Berlin au respins, \u00een luna ianuarie a acestui an, \u015fi reforma procesului de migra\u0163ie \u00een favoarea unific\u0103rii familiei. Potrivit propunerii Comisiei pentru libert\u0103\u0163i civile, justi\u0163ie \u015fi afaceri interne (LIBE), dac\u0103 un azilant sus\u0163ine c\u0103 rudele sale tr\u0103iesc \u00eentr-una din \u0163\u0103rile membre ale UE, atunci el trebuie s\u0103 fie primit \u00een \u0163ara respectiv\u0103. Acest proiect a fost respins de Germania.<\/p>\n<p>Forr\u00e1s: hirado.hu<\/p>\n<p>Traducerea: P\u00e9terfy T\u00fcnde<\/p>\n<p>Foto: PestiSr\u00e1cok<\/p>\n","protected":false},"excerpt":{"rendered":"<p>Potrivit unui sondaj de opinie realizat de Comisia European\u0103, dou\u0103 treimi dintre cet\u0103\u0163enii Germaniei, Fran\u0163ei \u015fi Italiei cred c\u0103 integrarea imigran\u0163ilor \u00een general <\/p>\n","protected":false},"author":1,"featured_media":3096,"comment_status":"open","ping_status":"open","sticky":false,"template":"","format":"standard","meta":{"footnotes":""},"categories":[29],"tags":[998,997,37,996,36],"class_list":["post-3095","post","type-post","status-publish","format-standard","has-post-thumbnail","hentry","category-externe","tag-europa","tag-fara-succes","tag-hatarok-nelkul-com","tag-integrarea-imigrantilor","tag-stiri-fara-frontiere"],"_links":{"self":[{"href":"https:\/\/hatarok-nelkul.com\/ro\/index.php?rest_route=\/wp\/v2\/posts\/3095","targetHints":{"allow":["GET"]}}],"collection":[{"href":"https:\/\/hatarok-nelkul.com\/ro\/index.php?rest_route=\/wp\/v2\/posts"}],"about":[{"href":"https:\/\/hatarok-nelkul.com\/ro\/index.php?rest_route=\/wp\/v2\/types\/post"}],"author":[{"embeddable":true,"href":"https:\/\/hatarok-nelkul.com\/ro\/index.php?rest_route=\/wp\/v2\/users\/1"}],"replies":[{"embeddable":true,"href":"https:\/\/hatarok-nelkul.com\/ro\/index.php?rest_route=%2Fwp%2Fv2%2Fcomments&post=3095"}],"version-history":[{"count":1,"href":"https:\/\/hatarok-nelkul.com\/ro\/index.php?rest_route=\/wp\/v2\/posts\/3095\/revisions"}],"predecessor-version":[{"id":3097,"href":"https:\/\/hatarok-nelkul.com\/ro\/index.php?rest_route=\/wp\/v2\/posts\/3095\/revisions\/3097"}],"wp:featuredmedia":[{"embeddable":true,"href":"https:\/\/hatarok-nelkul.com\/ro\/index.php?rest_route=\/wp\/v2\/media\/3096"}],"wp:attachment":[{"href":"https:\/\/hatarok-nelkul.com\/ro\/index.php?rest_route=%2Fwp%2Fv2%2Fmedia&parent=3095"}],"wp:term":[{"taxonomy":"category","embeddable":true,"href":"https:\/\/hatarok-nelkul.com\/ro\/index.php?rest_route=%2Fwp%2Fv2%2Fcategories&post=3095"},{"taxonomy":"post_tag","embeddable":true,"href":"https:\/\/hatarok-nelkul.com\/ro\/index.php?rest_route=%2Fwp%2Fv2%2Ftags&post=3095"}],"curies":[{"name":"wp","href":"https:\/\/api.w.org\/{rel}","templated":true}]}}