{"id":3098,"date":"2018-05-04T00:22:16","date_gmt":"2018-05-03T21:22:16","guid":{"rendered":"http:\/\/hatarok-nelkul.com\/ro\/?p=3098"},"modified":"2018-05-04T00:24:08","modified_gmt":"2018-05-03T21:24:08","slug":"interviu-cu-europarlamentarul-gyula-winkler-despre-initiativa-minority-safepack","status":"publish","type":"post","link":"https:\/\/hatarok-nelkul.com\/ro\/?p=3098","title":{"rendered":"Interviu cu europarlamentarul Gyula Winkler despre ini\u0163iativa Minority SafePack"},"content":{"rendered":"<p><a href=\"https:\/\/hatarok-nelkul.com\/ro\/wp-content\/uploads\/2018\/05\/winkler_gyula.jpg\"><img loading=\"lazy\" decoding=\"async\" class=\"alignleft size-thumbnail wp-image-3099\" src=\"https:\/\/hatarok-nelkul.com\/ro\/wp-content\/uploads\/2018\/05\/winkler_gyula-150x150.jpg\" alt=\"\" width=\"150\" height=\"150\" \/><\/a>Dup\u0103 \u00eencheierea campaniei de str\u00e2ngere a semn\u0103turilor pentru sus\u0163inerea Ini\u0163iativei Cet\u0103\u0163ene\u015fti Europene Minority SafePack privind protec\u0163ia minorit\u0103\u0163ilor autohtone europene, l-am \u00eentrebat pe europarlamentarul UDMR, Gyula Winkler, \u00een ce condi\u0163ii are Comisia European\u0103 obliga\u0163ia de a propune o procedur\u0103 legislativ\u0103 dup\u0103 o ini\u0163iativ\u0103 cet\u0103\u0163eneasc\u0103 de succes:<\/p>\n<p>\u201eAcum exist\u0103 o perioad\u0103 de trei luni care a \u00eenceput odat\u0103 cu \u00eencheierea str\u00e2ngerilor de semn\u0103turi, c\u00e2nd autorit\u0103\u0163ile statelor membre ale UE analizeaz\u0103 autenticitatea semn\u0103turilor. \u00cen acest sens, fiecare \u0163ar\u0103 procedeaz\u0103 conform propriei legisla\u0163ii. Este posibil ca fiecare semn\u0103tur\u0103 s\u0103 fe analizat\u0103, dar este posibil s\u0103 fie verificate prin alegerea la \u00eent\u00e2mplare, procedura depinde de autorit\u0103\u0163ile fiec\u0103rei \u0163\u0103ri. Desigur, vor fi \u0163\u0103ri care vor verifica cu aten\u0163ie semn\u0103turile \u2013 va fi \u015fi cazul nostru &#8211;\u00a0 \u015fi este posibil ca din 1,3 milioane de semn\u0103turi s\u0103 r\u0103m\u00e2n\u0103 mai pu\u0163in, dar \u015fi a a\u015fa va r\u0103m\u00e2ne, \u00een mod sigur, &#8211; cel pu\u0163in a\u015fa credem &#8211; un milion de semn\u0103turi autentificate. Dup\u0103 aceast\u0103 perioad\u0103 va urma o alt\u0103 perioad\u0103 de trei luni \u00een care Comisia European\u0103 va stabili modul \u00een care va dori s\u0103 r\u0103spund\u0103 la ini\u0163iativa cet\u0103\u0163eneasc\u0103. Comisia European\u0103 va trebui s\u0103 fac\u0103 \u00een mod obligatoriu doar un singur lucru: trebuie s\u0103 organizeze o audiere \u00een Parlamentul European la care trebuie s\u0103 \u00eei invite pe ini\u0163iatorii Minority SafePack, c\u00e2nd va avea loc o negociere despre pa\u015fii urm\u0103tori. Comisiei Europene nu \u00eei place acest subiect, ceea ce este absolut clar. \u00cen primul r\u00e2nd pentru c\u0103 este un subiect confiden\u0163ial, deoarece \u0163\u0103rile membre ale UE adopt\u0103 pozi\u0163ii diferite \u00een privin\u0163a protec\u0163iei minorit\u0103\u0163ilor. Sunt state membre ale UE \u00een care exist\u0103 \u015fi func\u0163ioneaz\u0103 autonomia \u015fi sunt \u0163\u0103ri membre unde nici nu sunt recunoscute minorit\u0103\u0163ile etnice, de exemplu, \u00een Fran\u0163a sau \u00een Grecia. Comisia European\u0103 se afl\u0103 sub presiunea \u0163\u0103rilor membre ale UE, ca s\u0103 nu \u00eentreprind\u0103 nimic. De asemenea, mai exist\u0103 \u015fi presiunea exercitat\u0103 de organiza\u0163iile societ\u0103\u0163ii civile, prin cele peste un milion de semn\u0103turi. Dorin\u0163a noastr\u0103 este ca \u015fi \u00een Parlamentul European s\u0103 form\u0103m o presiune politic\u0103, iar \u00een acest sens sunt deja semne bune, deoarece mai bine de o lun\u0103 PE a adoptat un raport elaborat de europarlamentarul maghiar din Slovacia, P\u00e1l Cs\u00e1ky, despre interzicerea discrimin\u0103rii, despre care am vorbit de multe ori, \u00eempreun\u0103 cu mai mul\u0163i europarlamentari. A\u015fadar, \u00een Parlamentul European trebuie s\u0103 cre\u0103m aceast\u0103 presiune politic\u0103. Societatea \u00een sine, comunit\u0103\u0163iile minoritare au f\u0103cut deja s\u0103 fie auzite vocile lor, exist\u0103 deja peste un milion de semn\u0103turi. \u00cen acest context, noi depunem eforturi pentru ca Executivul de la Bruxelles s\u0103 fac\u0103 pasul. Cum s\u0103 fac\u0103 acest pas? A\u015fa cum noi am propus \u00een ini\u0163iativa cet\u0103\u0163eneasc\u0103. Avem nou\u0103 domenii \u00een care se pot \u00eentreprinde diferite proceduri legislative. Nu este vorba despre faptul c\u0103 Comisia European\u0103 va crea o lege sau o directiv\u0103 european\u0103, ci despre faptul c\u0103 \u00een mai multe domenii pot fi adoptate mai multe m\u0103suri, de exemplu, modificarea directivei antidiscriminare, crearea sistemului monitoring, care a fost g\u00e2ndit \u00eempreun\u0103 cu europarlamentarul P\u00e1l Cs\u00e1ky, \u015fi care nu impune elaborarea unei legi, ci este nevoie doar de m\u0103suri administrative, respectiv de un buget \u015fi de un regulament de func\u0163ionare. \u00cen fiecare domeniu din cele nou\u0103 domenii \u2013 noi am propus 11 domenii, dar dou\u0103 domenii nu au fost acceptate de Comisia European\u0103 nici dup\u0103 pronun\u0163area Cur\u0163ii UE \u2013 este nevoie de diferite m\u0103suri legislative, iar adoptarea acestora presupune o presiune politic\u0103. Desigur, legea nu oblig\u0103 CE\u00a0 la toate acestea, \u00een schimb o va obliga presiunea politic\u0103 \u2013 sper\u0103m noi \u2013 \u00een Parlamentul European \u015fi presiunea societ\u0103\u0163ii civile, ceea ce s-a format \u015fi trebuie men\u0163inut\u0103. Acum organiza\u0163iile membre ale FUEN nu trebuie s\u0103 r\u0103m\u00e2n\u0103 t\u0103cute, ci trebuie s\u0103 vorbeasc\u0103 permanent despre acest subiect. De exemplu, acum lucr\u0103m la preg\u0103tirea congresului FUEN, care va avea loc peste dou\u0103 luni, \u015fi acest subiect privind protec\u0163ia minorit\u0103\u0163ilor va fi \u00eenscris pe ordinea de zi a congresului\u201d, ne-a explicat europarlamentarul.<\/p>\n<p>La \u00eentrebarea, dac\u0103 va influen\u0163a \u00eentr-un fel \u00eentregul demers faptul c\u0103 Rom\u00e2nia \u00eenc\u0103 se mai afl\u0103 \u00een proces cu Comisia European\u0103, Gyula Winkler a precizat:<\/p>\n<p>\u201eLucrurile merg \u00een paralel. Desigur totul are efect asupra tuturor. \u00cen mare m\u0103sur\u0103 procesul \u015fi-a pierdut obiectul, deoarece \u00een proces este vorba, dac\u0103 se poate sau nu demara campania de str\u00e2ngere a semn\u0103turilor. Lucrurile se deruleaz\u0103 paralel. Este vorba despre procese politice foarte complicate. \u00cen ideea mea, aceasta este parte a disputei privind viitorul Uniunii Europene. Nu este simplu s\u0103 stabile\u015fti, ce direc\u0163ie s\u0103 urmeze Uniunea European\u0103: Macron spune s\u0103 mearg\u0103 la dreapta, al\u0163ii vor la st\u00e2nga, iar Merkel deocamdat\u0103 nu spune nimic, deoarece a ie\u015fit sl\u0103bit\u0103 din alegeri. A\u015fadar, este vorba de procese complexe \u015fi complicate \u015fi avem o munc\u0103 imens\u0103 \u00eenaintea noastr\u0103. Str\u00e2ngerea semn\u0103turilor a fost doar o etap\u0103 a acestei munci, iar acum urmeaz\u0103 pa\u015fii, etapele urm\u0103toare. De igur \u2013 potrivi opiniei mele \u2013 chiar, dac\u0103 \u00een acest an, la toamn\u0103 va avea loc audierea \u00een Parlamentul European \u015fi chiar dac\u0103 Comisia European\u0103 \u00ee\u015fi va formula sau nu anumite angajamente, acestea nu sunt rezultate pe care le vom putea ob\u0163ine \u00een trei luni. Toate acestea se vor produce \u00een aceast\u0103 toamn\u0103, \u00eens\u0103 activitatea propriu-zis\u0103 va \u00eencepe dup\u0103 alegeri, \u00een noua Comisie European\u0103. La sf\u00e2r\u015fitul lunii mai 2019 va avea loc alegerea noului Parlament European, iar \u00een toamna anului 2019 va fi format\u0103 \u015fi noua Comisie European\u0103. Eu nu a\u015ftept prea multe rezultate de la o Comisie European\u0103 care urmeaz\u0103 s\u0103 plece. Acest subiect trebuie s\u0103 r\u0103m\u00e2n\u0103 pe ordinea de zi, iar \u00een acest sens organiza\u0163iile membre ale FUEN trebuie s\u0103 ac\u0163ioneze, s\u0103 organizeze conferin\u0163e, diferite manifest\u0103ri, nu este suficient c\u0103 ini\u0163iativa a fost semnat\u0103 de un milion de oameni. Este foarte important, dar nu este suficient, ci \u00eencontinuare trebuie men\u0163inut\u0103 pe ordinea de zi \u015fi dovedit c\u0103 este vorba despre o revendicare care nu poate fi ignorat\u0103. \u00cen campania electoral\u0103 din Transilvania, care se va referi la viitorul UE, contribu\u0163ia noastr\u0103, a\u00a0 maghiarilor din Transilvania, a germanilor din\u00a0 Tirolul de Sud va trebui s\u0103 fie dorin\u0163a pentru o Europ\u0103 care va respecta drepturile minorit\u0103\u0163ilor\u201d.<\/p>\n<p>Interviu realizat de: Bal\u00e1zs Magdolna<\/p>\n<p>Foto: Kr\u00f3nika<\/p>\n<p><strong>\u00a0<\/strong><\/p>\n","protected":false},"excerpt":{"rendered":"<p>Dup\u0103 \u00eencheierea campaniei de str\u00e2ngere a semn\u0103turilor pentru sus\u0163inerea Ini\u0163iativei Cet\u0103\u0163ene\u015fti Europene Minority SafePack privind protec\u0163ia minorit\u0103\u0163ilor autohtone europene, l-am \u00eentrebat pe europarlamentarul <\/p>\n","protected":false},"author":1,"featured_media":3099,"comment_status":"open","ping_status":"open","sticky":false,"template":"","format":"standard","meta":{"footnotes":""},"categories":[9],"tags":[999,37,613,1001,1000,36],"class_list":["post-3098","post","type-post","status-publish","format-standard","has-post-thumbnail","hentry","category-interviuri","tag-europarlamentarul-gyula-winkler","tag-hatarok-nelkul-com","tag-initiativa-minority-safepack","tag-obligatia-ce","tag-proceduri-intrerpinse","tag-stiri-fara-frontiere"],"_links":{"self":[{"href":"https:\/\/hatarok-nelkul.com\/ro\/index.php?rest_route=\/wp\/v2\/posts\/3098","targetHints":{"allow":["GET"]}}],"collection":[{"href":"https:\/\/hatarok-nelkul.com\/ro\/index.php?rest_route=\/wp\/v2\/posts"}],"about":[{"href":"https:\/\/hatarok-nelkul.com\/ro\/index.php?rest_route=\/wp\/v2\/types\/post"}],"author":[{"embeddable":true,"href":"https:\/\/hatarok-nelkul.com\/ro\/index.php?rest_route=\/wp\/v2\/users\/1"}],"replies":[{"embeddable":true,"href":"https:\/\/hatarok-nelkul.com\/ro\/index.php?rest_route=%2Fwp%2Fv2%2Fcomments&post=3098"}],"version-history":[{"count":1,"href":"https:\/\/hatarok-nelkul.com\/ro\/index.php?rest_route=\/wp\/v2\/posts\/3098\/revisions"}],"predecessor-version":[{"id":3100,"href":"https:\/\/hatarok-nelkul.com\/ro\/index.php?rest_route=\/wp\/v2\/posts\/3098\/revisions\/3100"}],"wp:featuredmedia":[{"embeddable":true,"href":"https:\/\/hatarok-nelkul.com\/ro\/index.php?rest_route=\/wp\/v2\/media\/3099"}],"wp:attachment":[{"href":"https:\/\/hatarok-nelkul.com\/ro\/index.php?rest_route=%2Fwp%2Fv2%2Fmedia&parent=3098"}],"wp:term":[{"taxonomy":"category","embeddable":true,"href":"https:\/\/hatarok-nelkul.com\/ro\/index.php?rest_route=%2Fwp%2Fv2%2Fcategories&post=3098"},{"taxonomy":"post_tag","embeddable":true,"href":"https:\/\/hatarok-nelkul.com\/ro\/index.php?rest_route=%2Fwp%2Fv2%2Ftags&post=3098"}],"curies":[{"name":"wp","href":"https:\/\/api.w.org\/{rel}","templated":true}]}}