{"id":3266,"date":"2018-07-21T22:47:55","date_gmt":"2018-07-21T19:47:55","guid":{"rendered":"http:\/\/hatarok-nelkul.com\/ro\/?p=3266"},"modified":"2018-07-21T22:49:51","modified_gmt":"2018-07-21T19:49:51","slug":"papa-francisc-a-celebrat-casatoria-unui-membru-al-garzii-elvetiene-pontificale","status":"publish","type":"post","link":"https:\/\/hatarok-nelkul.com\/ro\/?p=3266","title":{"rendered":"Papa Francisc a celebrat c\u0103s\u0103toria unui membru al G\u0103rzii Elve\u0163iene Pontificale"},"content":{"rendered":"<p><a href=\"https:\/\/hatarok-nelkul.com\/ro\/wp-content\/uploads\/2018\/07\/casatoria.jpg\"><img loading=\"lazy\" decoding=\"async\" class=\"alignleft size-thumbnail wp-image-3267\" src=\"https:\/\/hatarok-nelkul.com\/ro\/wp-content\/uploads\/2018\/07\/casatoria-150x150.jpg\" alt=\"\" width=\"150\" height=\"150\" srcset=\"https:\/\/hatarok-nelkul.com\/ro\/wp-content\/uploads\/2018\/07\/casatoria-150x150.jpg 150w, https:\/\/hatarok-nelkul.com\/ro\/wp-content\/uploads\/2018\/07\/casatoria-300x300.jpg 300w, https:\/\/hatarok-nelkul.com\/ro\/wp-content\/uploads\/2018\/07\/casatoria.jpg 750w\" sizes=\"auto, (max-width: 150px) 100vw, 150px\" \/><\/a>Spre surpriza tuturor, chiar \u00eensu\u015fi Papa Francisc a celebrat pe 14 iulie a acestui an c\u0103s\u0103toria unui membru al G\u0103rzii Elve\u0163iene Pontificale. Suveranul Pontif a venit, f\u0103r\u0103 niciun anun\u0163 prealabil, la Biserica Santo Stefano degli Abissini, de la Vatican, \u015fi \u00een sacristie s-a preg\u0103tit pentru oficierea c\u0103s\u0103toriei, a informat portalul Vatican Insinder, citat de portalul de \u015ftiri al Conferin\u0163ei Episcopale Catolice din Ungaria, \u201eMagyar Kurir\u201d.<\/p>\n<p>Cine s-ar fi g\u00e2ndit \u00eenainte c\u0103 Papa Francisc va veni la Biserica Santo Stefano degli Abissini unde va celebra c\u0103s\u0103toria unui membru al G\u0103rzii Elve\u0163iene Pontificale \u015fi a unei angajate a Muzeelor Vaticane.\u00a0 Luca Elia Maria Schafer\u00a0 \u015fi Leticia Vera, din Brazilia, au adresat o invita\u0163ie Papei Francisc pentru a participa la c\u0103s\u0103toria lor, dar nu se a\u015fteptau c\u0103, \u00eentr-adev\u0103r, va veni, scrie \u201eMagyar Kurir\u201d.<\/p>\n<p>Potrivit articolului, care se bazeaz\u0103 pe relatarea portalului Vatican Insider, Suveranul Pontif a venit \u00a0la vechea Biseric\u0103 Santo Stefano degli Abissini, care se afl\u0103 \u00een spatele Bazilicii Sf\u00e2ntul Petru.<\/p>\n<p>Cei prezen\u0163i au r\u0103mas ului\u0163i; p\u0103rintelui brazilian Renato dos Santos \u2013 care urma s\u0103 celebreze c\u0103s\u0103toria &#8211; i s-a t\u0103iat respira\u0163ia c\u00e2nd a intrat \u00een sacristie \u015fi s-a \u00eent\u00e2lnit cu Papa Francisc, care era gata pentru oficierea liturghiei.<\/p>\n<p>\u201cNiciodat\u0103 \u00een via\u0163a nu m-a\u015f fi g\u00e2ndit c\u0103 odat\u0103 \u00eel voi vedea pe pap\u0103 aici, \u00een sacristie\u201d, a declarat preotul Renato dos Santos portalului Vatican News. \u201eAm v\u0103zut \u00een el \u2013 spune p\u0103rintele Renato \u2013 pe un adev\u0103rat paroh care se \u00eengrije\u015fte de oile sale din parohie, cu toat\u0103 duio\u015fia sa\u201d.<\/p>\n<p>Cei care au difuzat \u015ftirea despre prezen\u0163a papei la c\u0103s\u0103torie pe paginile de socializare au fost ceilal\u0163i preo\u0163i, prezen\u0163i, de asemenea, la ceremonia c\u0103s\u0103toriei. P\u0103rintele Omar Reposo, rector al sanctuarului \u201eCristos R\u0103scump\u0103r\u0103torul de pe Muntele Corcovado\u201d din Rio de Janeiro, a publicat pe pagina sa Instagram o fotografie a pontifului \u00eempreun\u0103 cu cei doi tineri, \u00eenso\u0163it\u0103 de o scurt\u0103 explica\u0163ie: \u201ePrivi\u0163i-L, pe oaspetele nostru supriz\u0103! Papa Francisc ne surprinde mereu!\u201d<\/p>\n<p>Nu este prima dat\u0103 c\u00e2nd Papa Francisc particip\u0103 la o c\u0103s\u0103torie \u00een Vatican: \u00cen septembrie 2014 a oficiat c\u0103s\u0103toria a 20 de cupluri la Bazilica \u201eSf\u00e2ntul Petru\u201d, \u00een iulie 2016 a celebrat c\u0103s\u0103toria unui cuplu de surzi, \u00een capela din Casa \u201eSf\u00e2nta Marta\u201d. \u00cen ianuarie a acestui an, Capul Bisericii Catolice a oficiat o c\u0103s\u0103torie la 11 mii de metri altitudine. Cei care s-au c\u0103s\u0103torit au fost doi \u00eenso\u0163itori de zbor \u015fi se aflau \u00een avionul care l-a transportat pe Suveranul Pontif, \u00eentr-o vizit\u0103, \u00een Chile.<\/p>\n<p>Sursa:hirado.hu<\/p>\n<p>Traducerea: P\u00e9terfy T\u00fcnde<\/p>\n<p>Foto:Twitter<\/p>\n","protected":false},"excerpt":{"rendered":"<p>Spre surpriza tuturor, chiar \u00eensu\u015fi Papa Francisc a celebrat pe 14 iulie a acestui an c\u0103s\u0103toria unui membru al G\u0103rzii Elve\u0163iene Pontificale. Suveranul <\/p>\n","protected":false},"author":1,"featured_media":3267,"comment_status":"open","ping_status":"open","sticky":false,"template":"","format":"standard","meta":{"footnotes":""},"categories":[393,1],"tags":[1136,37,828,36,1137],"class_list":["post-3266","post","type-post","status-publish","format-standard","has-post-thumbnail","hentry","category-economic","category-fara-categorie","tag-celebrearea-casatoriei","tag-hatarok-nelkul-com","tag-papa-francisc","tag-stiri-fara-frontiere","tag-unui-membri-al-garzii-elvetiene-pontificale"],"_links":{"self":[{"href":"https:\/\/hatarok-nelkul.com\/ro\/index.php?rest_route=\/wp\/v2\/posts\/3266","targetHints":{"allow":["GET"]}}],"collection":[{"href":"https:\/\/hatarok-nelkul.com\/ro\/index.php?rest_route=\/wp\/v2\/posts"}],"about":[{"href":"https:\/\/hatarok-nelkul.com\/ro\/index.php?rest_route=\/wp\/v2\/types\/post"}],"author":[{"embeddable":true,"href":"https:\/\/hatarok-nelkul.com\/ro\/index.php?rest_route=\/wp\/v2\/users\/1"}],"replies":[{"embeddable":true,"href":"https:\/\/hatarok-nelkul.com\/ro\/index.php?rest_route=%2Fwp%2Fv2%2Fcomments&post=3266"}],"version-history":[{"count":1,"href":"https:\/\/hatarok-nelkul.com\/ro\/index.php?rest_route=\/wp\/v2\/posts\/3266\/revisions"}],"predecessor-version":[{"id":3268,"href":"https:\/\/hatarok-nelkul.com\/ro\/index.php?rest_route=\/wp\/v2\/posts\/3266\/revisions\/3268"}],"wp:featuredmedia":[{"embeddable":true,"href":"https:\/\/hatarok-nelkul.com\/ro\/index.php?rest_route=\/wp\/v2\/media\/3267"}],"wp:attachment":[{"href":"https:\/\/hatarok-nelkul.com\/ro\/index.php?rest_route=%2Fwp%2Fv2%2Fmedia&parent=3266"}],"wp:term":[{"taxonomy":"category","embeddable":true,"href":"https:\/\/hatarok-nelkul.com\/ro\/index.php?rest_route=%2Fwp%2Fv2%2Fcategories&post=3266"},{"taxonomy":"post_tag","embeddable":true,"href":"https:\/\/hatarok-nelkul.com\/ro\/index.php?rest_route=%2Fwp%2Fv2%2Ftags&post=3266"}],"curies":[{"name":"wp","href":"https:\/\/api.w.org\/{rel}","templated":true}]}}