{"id":3270,"date":"2018-08-01T09:27:39","date_gmt":"2018-08-01T06:27:39","guid":{"rendered":"http:\/\/hatarok-nelkul.com\/ro\/?p=3270"},"modified":"2018-08-01T09:30:29","modified_gmt":"2018-08-01T06:30:29","slug":"expert-ungar-a-inceput-o-noua-era","status":"publish","type":"post","link":"https:\/\/hatarok-nelkul.com\/ro\/?p=3270","title":{"rendered":"Expert ungar &#8211; A \u00eenceput o nou\u0103 er\u0103"},"content":{"rendered":"<p><a href=\"https:\/\/hatarok-nelkul.com\/ro\/wp-content\/uploads\/2018\/08\/orban.jpg\"><img loading=\"lazy\" decoding=\"async\" class=\"alignleft size-thumbnail wp-image-3271\" src=\"https:\/\/hatarok-nelkul.com\/ro\/wp-content\/uploads\/2018\/08\/orban-150x150.jpg\" alt=\"\" width=\"150\" height=\"150\" \/><\/a>\u201c\u00cen contextul ob\u0163inerii unei majorit\u0103\u0163i de dou\u0103 treimi de c\u0103tre FIDESZ-KDNP la alegerile parlamentare din aprilie a acestui an a \u00eenceput nu numai un nou ciclu, ci \u015fi o construc\u0163ie pe termen lung, care \u00ee\u015fi va l\u0103sa amprenta pe istoria Unagriei. \u00cen discursul rostit la B\u0103ile Tu\u015fnad, premeriul ungar, Viktor Orb\u00e1n, a prezentat mesaje de actualitate \u015fi o analiz\u0103 a situa\u0163iei geopolitice, rezultatele din ultimul an, iar \u00een privin\u0163a viitorului a stabilit anumite sarcini\u201d, a declarat Mr\u00e1z \u00c1goston S\u00e1muel, pe\u015fedintele Grupului N\u00e9z\u0151pont, care a analizat, duminic\u0103, \u00een cadrul unei emisiuni difuzate de radioul public ungar Kossuth, expunerea premierului la Universitatea de Var\u0103 Tusv\u00e1nyos, de la B\u0103ile Tu\u0219nad.<\/p>\n<p><strong>Rusia prezentat\u0103 \u00eentr-o lumin\u0103 aparte<\/strong><\/p>\n<p><strong>\u00a0<\/strong>Politologul ungar a subliniat c\u0103 politica promovat\u0103 fa\u0163\u0103 de Rusia, la care s-a referit premierul \u00een discursul s\u0103u, este un element nou, care ar putea s\u0103 fie interesant \u015fi pentru mass-media interna\u0163ional\u0103. Premierul ungar a f\u0103cut o compara\u0163ie \u00eentre afarerile f\u0103cute &#8220;pe sub mas\u0103&#8221; de \u0163\u0103rile occidentale \u015fi criticile lor, f\u0103cute &#8220;pe deasupra mesei&#8221;, la adresa Moscovei, numind \u201eipocrit\u201d demersul de acest tip, a mai spus Mr\u00e1z \u00c1goston S\u00e1muel.<\/p>\n<p>Potrivit premierului Viktor Orb\u00e1n, \u00een privin\u0163a Rusiei trebuie promovate politici sectoriale, fiecare \u0163ar\u0103 trebuind s\u0103 \u00ee\u015fi \u00eendrepte aten\u0163ia asupra anumitor aspecte accentuate, iar Uniunea European\u0103 nu trebuie s\u0103 se str\u0103duiasc\u0103 pentru adoptarea unei pozi\u0163ii unitare, a declarat politologul ungar, referindu-se la cele spuse de premierul Ungariei la B\u0103ile Tu\u015fnad.<\/p>\n<p>Potrivit politologului ungar, cel mai relevant aspect al discursului premierului Viktor Orb\u00e1n a fost cel referitor la rezultatele alegerilor parlamentare din aprilie, din Ungaria, \u015fi depunerea jur\u0103m\u00e2ntului de cet\u0103\u0163ean al Ungariei de c\u0103tre un milion de maghiari din afara grani\u0163elor \u0163\u0103rii. \u00cen privin\u0163a viitorului, Viktor Orb\u00e1n a eviden\u0163iat trei aspecte, dintre care cel mai de actualitate este reprezentat de alegerile pentru Parlamentul European, care vor putea r\u0103sturna echilibrul de for\u0163e \u00een UE. \u00cen discurs a fost prezent \u015fi obiectivul r\u0103m\u00e2nerii la putere a actualei majorit\u0103\u0163i guvernamentale p\u00e2n\u0103 \u00een anul din 2030, a mai spus Mr\u00e1z \u00c1goston S\u00e1muel.<\/p>\n<p>Potrivit politologului, important este faptul c\u0103 \u00een Europa Central\u0103 este pace, iar \u0163\u0103rile din aceast\u0103 regiune \u00eencearc\u0103 s\u0103 \u00eencheie rela\u0163ii de cooperare.<\/p>\n<p>Politologul a atras aten\u0163ia asupra faptului c\u0103 \u00een contextul anivers\u0103rii a 100 de ani de la formarea Rom\u00e2niei, Viktor Orb\u00e1n s-a referit la reconstruirea Bazinului Carpatic, ceea ce \u00eenseamn\u0103 din punctul de vedere al premierului reabilitarea infrastructurii, dezvoltarea economiei \u015fi a culturii din aceast\u0103 zon\u0103.<\/p>\n<p><strong>Democra\u0163ia cre\u015ftin\u0103 vs liberalismul<\/strong><\/p>\n<p>Pozi\u0163ia majorit\u0103\u0163ii cov\u00e2r\u015fitoare a societ\u0103\u0163ilor central-europene se afl\u0103 pe un fundament cre\u015ftin-democrat, sus\u0163ine Mr\u00e1z \u00c1goston S\u00e1muel. \u00cen opinia sa, la nivelul \u0163\u0103rilor Grupului de la Visegrad, aceasta nu este o dimensiune idologic\u0103, ci este vorba despre guverne care ap\u0103r\u0103,, printr-o \u00eemputernicire democratic\u0103, via\u0163a cre\u015ftin\u0103. Acestea se opun &#8220;lumii liberale&#8221; care se laud\u0103 c\u0103 ap\u0103r\u0103 drepturile omului \u015fi libert\u0103\u0163ile fundamentale, ceea ce \u00een opinia premierului nu este adev\u0103rat, deoarece libertatea este ap\u0103rat\u0103, \u00eentr-adev\u0103r, \u00een democra\u0163ia cre\u015ftin\u0103, a mai precizat Mr\u00e1z \u00c1goston S\u00e1muel, care a ad\u0103ugat c\u0103 din discursul premierului Viktor Orb\u00e1n a rezultat c\u0103 Ungaria nu vrea s\u0103 stea la periferia UE, ci vrea s\u0103 preia un rol de conducere.<\/p>\n<p>Sursa:hirado.hu<\/p>\n<p>Traducerea: Bal\u00e1zs Magdolna<\/p>\n<p>Foto:Hirado.hu<\/p>\n","protected":false},"excerpt":{"rendered":"<p>\u201c\u00cen contextul ob\u0163inerii unei majorit\u0103\u0163i de dou\u0103 treimi de c\u0103tre FIDESZ-KDNP la alegerile parlamentare din aprilie a acestui an a \u00eenceput nu numai <\/p>\n","protected":false},"author":1,"featured_media":3271,"comment_status":"open","ping_status":"open","sticky":false,"template":"","format":"standard","meta":{"footnotes":""},"categories":[29],"tags":[1139,401,1140,1138,37,36],"class_list":["post-3270","post","type-post","status-publish","format-standard","has-post-thumbnail","hentry","category-externe","tag-analiza","tag-baile-tusnad","tag-discurs-viktor-orban","tag-expert-ungar","tag-hatarok-nelkul-com","tag-stiri-fara-frontiere"],"_links":{"self":[{"href":"https:\/\/hatarok-nelkul.com\/ro\/index.php?rest_route=\/wp\/v2\/posts\/3270","targetHints":{"allow":["GET"]}}],"collection":[{"href":"https:\/\/hatarok-nelkul.com\/ro\/index.php?rest_route=\/wp\/v2\/posts"}],"about":[{"href":"https:\/\/hatarok-nelkul.com\/ro\/index.php?rest_route=\/wp\/v2\/types\/post"}],"author":[{"embeddable":true,"href":"https:\/\/hatarok-nelkul.com\/ro\/index.php?rest_route=\/wp\/v2\/users\/1"}],"replies":[{"embeddable":true,"href":"https:\/\/hatarok-nelkul.com\/ro\/index.php?rest_route=%2Fwp%2Fv2%2Fcomments&post=3270"}],"version-history":[{"count":1,"href":"https:\/\/hatarok-nelkul.com\/ro\/index.php?rest_route=\/wp\/v2\/posts\/3270\/revisions"}],"predecessor-version":[{"id":3272,"href":"https:\/\/hatarok-nelkul.com\/ro\/index.php?rest_route=\/wp\/v2\/posts\/3270\/revisions\/3272"}],"wp:featuredmedia":[{"embeddable":true,"href":"https:\/\/hatarok-nelkul.com\/ro\/index.php?rest_route=\/wp\/v2\/media\/3271"}],"wp:attachment":[{"href":"https:\/\/hatarok-nelkul.com\/ro\/index.php?rest_route=%2Fwp%2Fv2%2Fmedia&parent=3270"}],"wp:term":[{"taxonomy":"category","embeddable":true,"href":"https:\/\/hatarok-nelkul.com\/ro\/index.php?rest_route=%2Fwp%2Fv2%2Fcategories&post=3270"},{"taxonomy":"post_tag","embeddable":true,"href":"https:\/\/hatarok-nelkul.com\/ro\/index.php?rest_route=%2Fwp%2Fv2%2Ftags&post=3270"}],"curies":[{"name":"wp","href":"https:\/\/api.w.org\/{rel}","templated":true}]}}