{"id":3348,"date":"2018-09-05T21:17:35","date_gmt":"2018-09-05T18:17:35","guid":{"rendered":"http:\/\/hatarok-nelkul.com\/ro\/?p=3348"},"modified":"2018-09-05T21:19:43","modified_gmt":"2018-09-05T18:19:43","slug":"monica-lewinsky-vine-in-vizita-in-ungaria","status":"publish","type":"post","link":"https:\/\/hatarok-nelkul.com\/ro\/?p=3348","title":{"rendered":"Monica Lewinsky vine \u00een vizit\u0103, \u00een Ungaria"},"content":{"rendered":"<p><a href=\"https:\/\/hatarok-nelkul.com\/ro\/wp-content\/uploads\/2018\/09\/Monica_lewinsky.jpg\"><img loading=\"lazy\" decoding=\"async\" class=\"alignleft size-thumbnail wp-image-3349\" src=\"https:\/\/hatarok-nelkul.com\/ro\/wp-content\/uploads\/2018\/09\/Monica_lewinsky-150x150.jpg\" alt=\"\" width=\"150\" height=\"150\" srcset=\"https:\/\/hatarok-nelkul.com\/ro\/wp-content\/uploads\/2018\/09\/Monica_lewinsky-150x150.jpg 150w, https:\/\/hatarok-nelkul.com\/ro\/wp-content\/uploads\/2018\/09\/Monica_lewinsky-220x220.jpg 220w\" sizes=\"auto, (max-width: 150px) 100vw, 150px\" \/><\/a>Monica Lewinsky va participa la conferin\u0163a BrandFestival care va avea loc \u00een luna octomberie, la Budapesta, unde va aborda subiectul privind pericolul h\u0103r\u0163uirii pe internet. Concret, va vorbi despre efectele h\u0103r\u0163uirii cibernetice (cyber-bullyng) \u015fi a afirma\u0163iilor publice, dezonorante, postate pe internet, la adresa unei persoane.<\/p>\n<p>\u00cen anii 1990, Monika Lewinsky a avut o rela\u0163ie cu pre\u015fedintele american, Bill Clinton, care a fost la un pas s\u0103 \u00ee\u015fi piard\u0103 func\u0163ia din cauza acestei rela\u0163ii extraconjugale.<\/p>\n<p>Scandalul despre via\u0163a privat\u0103 a pre\u015fedintelui american a ajuns cu rapiditate \u00een fa\u0163a opiniei publice \u015fi a fost primul caz la a c\u0103rei r\u0103sp\u00e2ndire a contribuit major internetul.<\/p>\n<p>Sursa:index.hu<\/p>\n<p>Traducerea: P\u00e9terfi T\u00fcnde<\/p>\n<p>Foto:Wikipedia<\/p>\n","protected":false},"excerpt":{"rendered":"<p>Monica Lewinsky va participa la conferin\u0163a BrandFestival care va avea loc \u00een luna octomberie, la Budapesta, unde va aborda subiectul privind pericolul h\u0103r\u0163uirii <\/p>\n","protected":false},"author":1,"featured_media":3349,"comment_status":"open","ping_status":"open","sticky":false,"template":"","format":"standard","meta":{"footnotes":""},"categories":[1159],"tags":[1203,37,1200,1201,1202,36],"class_list":["post-3348","post","type-post","status-publish","format-standard","has-post-thumbnail","hentry","category-caleidoscop","tag-efectele-hartuirii-cibertenice","tag-hatarok-nelkul-com","tag-monica-lewinsky-viziteaza-ungaria","tag-participa-la-conferita-brandfestival","tag-prelegere","tag-stiri-fara-frontiere"],"_links":{"self":[{"href":"https:\/\/hatarok-nelkul.com\/ro\/index.php?rest_route=\/wp\/v2\/posts\/3348","targetHints":{"allow":["GET"]}}],"collection":[{"href":"https:\/\/hatarok-nelkul.com\/ro\/index.php?rest_route=\/wp\/v2\/posts"}],"about":[{"href":"https:\/\/hatarok-nelkul.com\/ro\/index.php?rest_route=\/wp\/v2\/types\/post"}],"author":[{"embeddable":true,"href":"https:\/\/hatarok-nelkul.com\/ro\/index.php?rest_route=\/wp\/v2\/users\/1"}],"replies":[{"embeddable":true,"href":"https:\/\/hatarok-nelkul.com\/ro\/index.php?rest_route=%2Fwp%2Fv2%2Fcomments&post=3348"}],"version-history":[{"count":1,"href":"https:\/\/hatarok-nelkul.com\/ro\/index.php?rest_route=\/wp\/v2\/posts\/3348\/revisions"}],"predecessor-version":[{"id":3350,"href":"https:\/\/hatarok-nelkul.com\/ro\/index.php?rest_route=\/wp\/v2\/posts\/3348\/revisions\/3350"}],"wp:featuredmedia":[{"embeddable":true,"href":"https:\/\/hatarok-nelkul.com\/ro\/index.php?rest_route=\/wp\/v2\/media\/3349"}],"wp:attachment":[{"href":"https:\/\/hatarok-nelkul.com\/ro\/index.php?rest_route=%2Fwp%2Fv2%2Fmedia&parent=3348"}],"wp:term":[{"taxonomy":"category","embeddable":true,"href":"https:\/\/hatarok-nelkul.com\/ro\/index.php?rest_route=%2Fwp%2Fv2%2Fcategories&post=3348"},{"taxonomy":"post_tag","embeddable":true,"href":"https:\/\/hatarok-nelkul.com\/ro\/index.php?rest_route=%2Fwp%2Fv2%2Ftags&post=3348"}],"curies":[{"name":"wp","href":"https:\/\/api.w.org\/{rel}","templated":true}]}}