{"id":3453,"date":"2018-10-31T08:15:51","date_gmt":"2018-10-31T06:15:51","guid":{"rendered":"http:\/\/hatarok-nelkul.com\/ro\/?p=3453"},"modified":"2018-10-31T08:17:46","modified_gmt":"2018-10-31T06:17:46","slug":"consiliul-diasporei-si-conferinta-permanenta-maghiara-se-vor-reuni-la-mijlocul-lunii-noiembrie","status":"publish","type":"post","link":"https:\/\/hatarok-nelkul.com\/ro\/?p=3453","title":{"rendered":"Consiliul Diasporei \u015fi Conferin\u0163a Permanent\u0103 Maghiar\u0103 se vor reuni la mijlocul lunii noiembrie"},"content":{"rendered":"<p><a href=\"https:\/\/hatarok-nelkul.com\/ro\/wp-content\/uploads\/2018\/10\/MDT.jpg\"><img loading=\"lazy\" decoding=\"async\" class=\"alignleft size-thumbnail wp-image-3454\" src=\"https:\/\/hatarok-nelkul.com\/ro\/wp-content\/uploads\/2018\/10\/MDT-150x150.jpg\" alt=\"\" width=\"150\" height=\"150\" \/><\/a>\u00cen data de 15 noiembrie se va organiza la Budapesta, \u00een Centrul Cultural V\u00e1rkert Baz\u00e1r, consf\u0103tuirea Consiliului Diasporei Maghiare, iar a doua zi, plenara Conferin\u0163ei Permanente Maghiare (M\u00e1\u00e9rt), a declarat secretarul ungar de stat pentru politici na\u0163ionale, luni, \u00eentr-o dezbatere. La ambele evenimente va lua cuv\u00e2ntul \u015fi prim-ministrul Viktor Orb\u00e1n.<\/p>\n<p>\u00c1rp\u00e1d J\u00e1nos Pot\u00e1pi a reamintit c\u0103 activitatea M\u00e1\u00e9rt a fost reluat\u0103 \u00een 2010, iar Consiliul Diasporei se reune\u015fte din 2011.<\/p>\n<p>Referindu-se la agenda M\u00e1\u00e9rt din acest an, secretarul de stat a subliniat c\u0103 se dore\u015fte simplificarea legisla\u0163iei electorale, care va fi prezentat\u0103 de c\u0103tre Gergely Guly\u00e1s, ministrul coordonator al Cancelariei Prim-Ministrului Ungariei. El a mai precizat c\u0103, \u00een aceast\u0103 s\u0103pt\u0103m\u00e2n\u0103 Parlamentul Ungar va \u00eencepe dezbaterea privind propunerea pentru crearea posibilit\u0103\u0163ii de a vota \u015fi maghiarii din afara grani\u0163elor la alegerile europarlamentare.<\/p>\n<p>Secretarul de stat a vorbit \u015fi despre pachetul de programe sociale pentru Transcarpatia, confirm\u00e2nd c\u0103 bugetul din<br \/>\nacest an de 1,37 miliarde forin\u0163i (19,7 milioane lei) va fi majorat anul viitor la 3 miliarde forin\u0163i (43.1 milioane lei).<\/p>\n<p>M\u00e1\u00e9rt \u00eenc\u0103 nu a decis tematica anului viitor, dar va \u201cr\u0103m\u00e2ne\u201d programul pentru sprijinirea familiilor. Se a\u015fteapt\u0103 ca acest buget s\u0103 fie \u015fi \u00een anul viitor de 1 miliard de forin\u0163i (14,38 milioane lei), a declarat secretarul de stat r\u0103spunz\u00e2nd la \u00eentrebarea Agen\u0163iei ungare de Pres\u0103 MTI.<\/p>\n<p>\u00c1rp\u00e1d J\u00e1nos Pot\u00e1pi a ad\u0103ugat c\u0103 gala care va \u00eencheia anul tematic va fi \u00een data de 18 ianuarie. Apelul de proiecte, \u00een<br \/>\nvaloare de 200 milioane de forin\u0163i (2.87 milioane lei), aferent anului tematic, se va \u00eencheia la 31 octombrie, evaluarea \u015fi<br \/>\nalocarea acestor resurse este \u00eenc\u0103 \u00een plin\u0103 desf\u0103\u015furare, a anun\u0163at secretarul de stat, \u00een opinia c\u0103ruia exist\u0103 posibilitatea ca, la sf\u00e2r\u015fitul anului, s\u0103 mai fie eliberate fonduri pentru a sprijini maghiarii din afara grani\u0163elor Ungariei.<\/p>\n<p>Secretarul de stat a mai informat c\u0103 \u00een prezent, num\u0103rul de noi cet\u0103\u0163eni maghiari este de 1,38 milioane, num\u0103r care mai poate fi majorat cu c\u00e2teva sute de mii.<\/p>\n<p>El a mai precizat c\u0103 este posibil\u0103 conceperea unui program de renovare \u015fi dezvoltare \u015fcolar\u0103.<\/p>\n<p>\u00cen opinia secretarului de stat, la viitoarele alegeri ale Consiliului Na\u0163ional al Minorit\u0103\u0163ilor din Serbia, candida\u0163ii<br \/>\nUniunii Maghiare din Voivodina vor putea participa cu \u015fanse bune la scrutinul din 4 noiembrie. El a ad\u0103ugat c\u0103 alegerile locale din Slovacia vor avea loc \u00een data de 10 noiembrie, iar Partidul Comunit\u0103\u0163ii Maghiare (MKP), probabil, va fi bine reprezentat. \u00cen zonele locuite de maghiari, MKP este, \u00een mod tradi\u0163ional, mai puternic dec\u00e2t forma\u0163iunea politic\u0103 slovaco-maghiar\u0103 Most-H\u00edd, a declarat \u00c1rp\u00e1d J\u00e1nos Pot\u00e1pi.<\/p>\n<p>La reuniunea Consiliului Diasporei se a\u015fteapt\u0103 s\u0103 participe 87 de organiza\u0163ii invitate \u015fi 21 de observatori, a anun\u0163at secretarul de stat, men\u0163ion\u00e2nd c\u0103 reprezentan\u0163ii organiza\u0163iilor maghiare de la Kiev \u015fi Lviv au fost, de asemenea, invita\u0163i s\u0103 participe la conferin\u0163\u0103.<\/p>\n<p>Sursa: MTI<\/p>\n<p>Foto:Erd\u00e9ly.ma<\/p>\n","protected":false},"excerpt":{"rendered":"<p>\u00cen data de 15 noiembrie se va organiza la Budapesta, \u00een Centrul Cultural V\u00e1rkert Baz\u00e1r, consf\u0103tuirea Consiliului Diasporei Maghiare, iar a doua zi, <\/p>\n","protected":false},"author":1,"featured_media":3454,"comment_status":"open","ping_status":"open","sticky":false,"template":"","format":"standard","meta":{"footnotes":""},"categories":[29],"tags":[323,739,1258,37,1259,1257,36],"class_list":["post-3453","post","type-post","status-publish","format-standard","has-post-thumbnail","hentry","category-externe","tag-budapesta","tag-conferinta-permanenta-maghiara","tag-consiliul-diasporei","tag-hatarok-nelkul-com","tag-noiembrie","tag-reuniune","tag-stiri-fara-frontiere"],"_links":{"self":[{"href":"https:\/\/hatarok-nelkul.com\/ro\/index.php?rest_route=\/wp\/v2\/posts\/3453","targetHints":{"allow":["GET"]}}],"collection":[{"href":"https:\/\/hatarok-nelkul.com\/ro\/index.php?rest_route=\/wp\/v2\/posts"}],"about":[{"href":"https:\/\/hatarok-nelkul.com\/ro\/index.php?rest_route=\/wp\/v2\/types\/post"}],"author":[{"embeddable":true,"href":"https:\/\/hatarok-nelkul.com\/ro\/index.php?rest_route=\/wp\/v2\/users\/1"}],"replies":[{"embeddable":true,"href":"https:\/\/hatarok-nelkul.com\/ro\/index.php?rest_route=%2Fwp%2Fv2%2Fcomments&post=3453"}],"version-history":[{"count":1,"href":"https:\/\/hatarok-nelkul.com\/ro\/index.php?rest_route=\/wp\/v2\/posts\/3453\/revisions"}],"predecessor-version":[{"id":3455,"href":"https:\/\/hatarok-nelkul.com\/ro\/index.php?rest_route=\/wp\/v2\/posts\/3453\/revisions\/3455"}],"wp:featuredmedia":[{"embeddable":true,"href":"https:\/\/hatarok-nelkul.com\/ro\/index.php?rest_route=\/wp\/v2\/media\/3454"}],"wp:attachment":[{"href":"https:\/\/hatarok-nelkul.com\/ro\/index.php?rest_route=%2Fwp%2Fv2%2Fmedia&parent=3453"}],"wp:term":[{"taxonomy":"category","embeddable":true,"href":"https:\/\/hatarok-nelkul.com\/ro\/index.php?rest_route=%2Fwp%2Fv2%2Fcategories&post=3453"},{"taxonomy":"post_tag","embeddable":true,"href":"https:\/\/hatarok-nelkul.com\/ro\/index.php?rest_route=%2Fwp%2Fv2%2Ftags&post=3453"}],"curies":[{"name":"wp","href":"https:\/\/api.w.org\/{rel}","templated":true}]}}