{"id":3461,"date":"2018-11-03T08:17:05","date_gmt":"2018-11-03T06:17:05","guid":{"rendered":"http:\/\/hatarok-nelkul.com\/ro\/?p=3461"},"modified":"2018-11-03T08:18:26","modified_gmt":"2018-11-03T06:18:26","slug":"doua-organizatii-maghiare-au-sarbatorit-100-de-ani-de-la-infiintare","status":"publish","type":"post","link":"https:\/\/hatarok-nelkul.com\/ro\/?p=3461","title":{"rendered":"Dou\u0103 organiza\u0163ii maghiare au s\u0103rb\u0103torit 100 de ani de la \u00eenfiin\u0163are"},"content":{"rendered":"<p><a href=\"https:\/\/hatarok-nelkul.com\/ro\/wp-content\/uploads\/2018\/11\/onrendelkezes.jpg\"><img loading=\"lazy\" decoding=\"async\" class=\"alignleft size-thumbnail wp-image-3462\" src=\"https:\/\/hatarok-nelkul.com\/ro\/wp-content\/uploads\/2018\/11\/onrendelkezes-150x150.jpg\" alt=\"\" width=\"150\" height=\"150\" \/><\/a>Consiliul Na\u0163ional Maghiar din Transilvania (CNMT) \u015fi Consiliul Na\u0163ional Secuiesc (CNS) au reiterat la \u015fedin\u0163a comun\u0103 desf\u0103\u015furat\u0103 pe 27 octombrie a acestrui an, la Biserica din Cetate din T\u00e2rgu Mure\u015f, nevoia de autonomie cultural\u0103 a maghiarilor din Transilvania \u015fi de autonomie teritorial\u0103 a secuilor. La \u015fedin\u0163a comun\u0103, cele dou\u0103 organiza\u0163ii au aniversat \u015fi 100 de ani de la \u00eenfiin\u0163are.<\/p>\n<p>\u00cen discursul s\u0103u L\u00e1szl\u00f3 T\u0151k\u00e9s, pre\u015fedintele CNMT, a reiterate c\u0103, la 22 decembrie 1918,\u00a0 la Cluj-Napoca,\u00a0 a avut loc o mare adunare a Consiliului Na\u0163ional Maghiar \u015fi a Consiliului Na\u0163ional Secuiesc, similar\u0103 cu cea de la Alba Iulia, la care au participat c\u00e2teva zeci de mii de persoane. A\u015fa cum a declarat Iuliu Maniu, una din figurile principale ale Marii Uniri, poporul rom\u00e2n nu dore\u015fte s\u0103 devin\u0103 din oprimat, oprimator, adunarea na\u0163ional\u0103 maghiar\u0103 de la Cluj-Napoca a<br \/>\nformulat acela\u015fi lucru: \u201cNu vrem s\u0103 domnim peste o alt\u0103 na\u0163iune. Dar nu toler\u0103m \u015fi nici nu suport\u0103m ca peste noi s\u0103 domneasc\u0103 o alt\u0103 na\u0163iune\u201d.<\/p>\n<p>Pre\u015fedintele CNS, Bal\u00e1zs Izs\u00e1k a amintit c\u0103 \u00een urm\u0103 cu un secol Consiliul Na\u0163ional Secuiesc a luat fiin\u0163\u0103 din crezul \u00een cuvintele pre\u015fedintelui american Woodrow Wilson, referitoarea la principiul autodetermin\u0103rii. Acest principiu \u00eens\u0103 nu a fost respectat \u00een cazul maghiarilor, dup\u0103 Primul R\u0103zboi Mondial.<\/p>\n<p>Pre\u015fedintele CNS consider\u0103 c\u0103 secuimea dornic\u0103 de autodeterminare intern\u0103 ar putea ajunge la finalul unei lupte<br \/>\neuropene de cinci ani \u00een procesul de \u00eenregistrare a ini\u0163iativei cet\u0103\u0163ene\u015fti europene privind regiunile na\u0163ionale. Acesta a ad\u0103ugat: CNS este preg\u0103tit\u0103 \u2013 \u00een cazul unei sentin\u0163e favorabile \u2013 s\u0103 se a\u015feze \u00een fruntea campaniei de str\u00e2ngere a un milion de semn\u0103turi \u00een Europa. Bal\u00e1zs Izs\u00e1k a anun\u0163at c\u0103 CNS este preg\u0103tit s\u0103 pun\u0103 Europa \u00een mi\u015fcare pentru \u0162inutul Secuiesc.<\/p>\n<p>Sursa:MTI<\/p>\n<p>Foto: Kr\u00f3nika<\/p>\n<h1><\/h1>\n","protected":false},"excerpt":{"rendered":"<p>Consiliul Na\u0163ional Maghiar din Transilvania (CNMT) \u015fi Consiliul Na\u0163ional Secuiesc (CNS) au reiterat la \u015fedin\u0163a comun\u0103 desf\u0103\u015furat\u0103 pe 27 octombrie a acestrui an, <\/p>\n","protected":false},"author":1,"featured_media":3462,"comment_status":"open","ping_status":"open","sticky":false,"template":"","format":"standard","meta":{"footnotes":""},"categories":[125],"tags":[1263,37,36],"class_list":["post-3461","post","type-post","status-publish","format-standard","has-post-thumbnail","hentry","category-interne","tag-cnmt-si-cns-au-sarbatorit-100-de-ani-de-la-infiintare","tag-hatarok-nelkul-com","tag-stiri-fara-frontiere"],"_links":{"self":[{"href":"https:\/\/hatarok-nelkul.com\/ro\/index.php?rest_route=\/wp\/v2\/posts\/3461","targetHints":{"allow":["GET"]}}],"collection":[{"href":"https:\/\/hatarok-nelkul.com\/ro\/index.php?rest_route=\/wp\/v2\/posts"}],"about":[{"href":"https:\/\/hatarok-nelkul.com\/ro\/index.php?rest_route=\/wp\/v2\/types\/post"}],"author":[{"embeddable":true,"href":"https:\/\/hatarok-nelkul.com\/ro\/index.php?rest_route=\/wp\/v2\/users\/1"}],"replies":[{"embeddable":true,"href":"https:\/\/hatarok-nelkul.com\/ro\/index.php?rest_route=%2Fwp%2Fv2%2Fcomments&post=3461"}],"version-history":[{"count":1,"href":"https:\/\/hatarok-nelkul.com\/ro\/index.php?rest_route=\/wp\/v2\/posts\/3461\/revisions"}],"predecessor-version":[{"id":3463,"href":"https:\/\/hatarok-nelkul.com\/ro\/index.php?rest_route=\/wp\/v2\/posts\/3461\/revisions\/3463"}],"wp:featuredmedia":[{"embeddable":true,"href":"https:\/\/hatarok-nelkul.com\/ro\/index.php?rest_route=\/wp\/v2\/media\/3462"}],"wp:attachment":[{"href":"https:\/\/hatarok-nelkul.com\/ro\/index.php?rest_route=%2Fwp%2Fv2%2Fmedia&parent=3461"}],"wp:term":[{"taxonomy":"category","embeddable":true,"href":"https:\/\/hatarok-nelkul.com\/ro\/index.php?rest_route=%2Fwp%2Fv2%2Fcategories&post=3461"},{"taxonomy":"post_tag","embeddable":true,"href":"https:\/\/hatarok-nelkul.com\/ro\/index.php?rest_route=%2Fwp%2Fv2%2Ftags&post=3461"}],"curies":[{"name":"wp","href":"https:\/\/api.w.org\/{rel}","templated":true}]}}