{"id":3485,"date":"2018-11-10T21:02:48","date_gmt":"2018-11-10T19:02:48","guid":{"rendered":"http:\/\/hatarok-nelkul.com\/ro\/?p=3485"},"modified":"2018-11-10T21:04:29","modified_gmt":"2018-11-10T19:04:29","slug":"liberalii-europeni-i-au-transmis-un-mesaj-lui-viktor-orban-scris-pe-un-urias-panou-mobil","status":"publish","type":"post","link":"https:\/\/hatarok-nelkul.com\/ro\/?p=3485","title":{"rendered":"Liberalii europeni i-au transmis un mesaj lui Viktor Orb\u00e1n, scris pe un uria\u015f panou mobil"},"content":{"rendered":"<p><a href=\"https:\/\/hatarok-nelkul.com\/ro\/wp-content\/uploads\/2018\/11\/orban.jpg\"><img loading=\"lazy\" decoding=\"async\" class=\"alignleft size-thumbnail wp-image-3486\" src=\"https:\/\/hatarok-nelkul.com\/ro\/wp-content\/uploads\/2018\/11\/orban-150x150.jpg\" alt=\"\" width=\"150\" height=\"150\" \/><\/a>Liberalii europeni au transmis un mesaj, \u00een aceast\u0103 s\u0103pt\u0103m\u00e2n\u0103, lui Viktor Orb\u00e1n, scris pe un uria\u015f panou mobil. Panoul publicitar, montat pe un autocamion, a ap\u0103rut \u00een cele mai importante locuri din Bruxelles, ca r\u0103spuns la evolu\u0163ia situa\u0163iei din Ungaria \u015fi la campaniile mass-mediei din cercul Guvernului ungar, potrivit HotNews.ro.<\/p>\n<p>Panoul a fost amplasat \u00een Pia\u0163a din fa\u0163a sediului Parlamentului European, de unde autocamionul cu panoul s-a deplasat la sediul Partidului Popular European, al c\u0103rui membru este \u015fi FIDESZ, dup\u0103 care a ajuns la cl\u0103direa Ambasadei Ungariei, precum \u015fi la sediile Consiliului European \u015fi al Comisiei Europene. Potrivit informa\u0163iilor oficiale, aceast\u0103 ac\u0163iune a costat aproximativ 1.500 de euro. Autocamionul va ajunge \u015fi \u00een Ungaria.<\/p>\n<p>Pe panoul publicitar se putea vedea portretul lui Viktor Orb\u00e1n, \u00eenso\u0163it de un text scris \u00een limba englez\u0103: &#8220;Mai \u00eent\u00e2i pune \u00een buzunar banii no\u015ftri, dup\u0103 care vrea s\u0103 distrug\u0103 Europa&#8221;. Pe cealalt\u0103 parte a panoului mesajul este scris \u00een limba maghiar\u0103: &#8220;La \u00eenceput a vrut doar banii no\u015ftri. Acum miza este unitatea Europei!&#8221;<\/p>\n<p>Despre aceast\u0103 ac\u0163iune pre\u015fedintele Grupului ALDE (Alian\u0163a Liberalilor \u015fi Democra\u0163ilor pentru Europa), Guy Verhofstadt, i-a informat pe colegii s\u0103i printr-o scrisoare, iar potrivit unei variante neconfirmate a acestei scrisori, &#8220;grupul ALDE s-a s\u0103turat de atacurile lansate \u00een Ungaria \u00eempotriva valorilor fundamentale ale UE \u015fi de campaniile mass-mediei ungare finan\u0163ate din banii publici \u015fi lansate \u00eempotriva comunit\u0103\u0163ii europene. Prin urmare, Grupul ALDE astfel r\u0103spund Guvernului de la Budapesta&#8221;.<\/p>\n<p>Verhofstadt a declarat \u00een cadrul unei scurte conferin\u0163e de pres\u0103 c\u0103 &#8220;singurul lucru care \u00eei place premierului Ungariei \u00een Uniunea European\u0103 sunt banii, \u00eens\u0103 nici nu se g\u00e2nde\u015fte la respectarea valorilor comune.&#8221; Banii contribuabililor europeni sunt folosi\u0163i de Viktor Orb\u00e1n pentru edificarea unui &#8220;stat iliberal corupt&#8221;, precum \u015fi pentru instigarea cet\u0103\u0163enilor \u00eempotriva UE&#8221;, a subliniat Verhofstadt, care a ad\u0103ugat: &#8220;Este cazul s\u0103 reac\u0163ion\u0103m; Europa a fost p\u00e2n\u0103 acum pasiv\u0103 fa\u0163\u0103 de atacurile deosebit de agresive lansate \u00een Ungaria \u00eempotriva democra\u0163iei liberale&#8221;, a subliniat pre\u015fedintele grupului ALDE \u00een PE.<\/p>\n<p>Potrivit unor informa\u0163ii de pres\u0103, aceast\u0103 campanie a fost programat\u0103 pentru a avea loc \u00een preajma Congresului Partidului Popular European, care a fost organizat \u00een perioada 7-8 noiembrie la Helsinki, \u00een Finlanda.<\/p>\n<p>Sursa: MTI\/HotNews.ro<\/p>\n<p>Foto:Euronews<\/p>\n<p>&nbsp;<\/p>\n","protected":false},"excerpt":{"rendered":"<p>Liberalii europeni au transmis un mesaj, \u00een aceast\u0103 s\u0103pt\u0103m\u00e2n\u0103, lui Viktor Orb\u00e1n, scris pe un uria\u015f panou mobil. Panoul publicitar, montat pe un <\/p>\n","protected":false},"author":1,"featured_media":3486,"comment_status":"open","ping_status":"open","sticky":false,"template":"","format":"standard","meta":{"footnotes":""},"categories":[29],"tags":[37,1274,1275,1277,1276,36],"class_list":["post-3485","post","type-post","status-publish","format-standard","has-post-thumbnail","hentry","category-externe","tag-hatarok-nelkul-com","tag-liberalii-europeni","tag-mesaj-transmis-lui-viktor-orban","tag-montat-pe-un-autocamion","tag-pe-un-urias-panou-mobil","tag-stiri-fara-frontiere"],"_links":{"self":[{"href":"https:\/\/hatarok-nelkul.com\/ro\/index.php?rest_route=\/wp\/v2\/posts\/3485","targetHints":{"allow":["GET"]}}],"collection":[{"href":"https:\/\/hatarok-nelkul.com\/ro\/index.php?rest_route=\/wp\/v2\/posts"}],"about":[{"href":"https:\/\/hatarok-nelkul.com\/ro\/index.php?rest_route=\/wp\/v2\/types\/post"}],"author":[{"embeddable":true,"href":"https:\/\/hatarok-nelkul.com\/ro\/index.php?rest_route=\/wp\/v2\/users\/1"}],"replies":[{"embeddable":true,"href":"https:\/\/hatarok-nelkul.com\/ro\/index.php?rest_route=%2Fwp%2Fv2%2Fcomments&post=3485"}],"version-history":[{"count":1,"href":"https:\/\/hatarok-nelkul.com\/ro\/index.php?rest_route=\/wp\/v2\/posts\/3485\/revisions"}],"predecessor-version":[{"id":3487,"href":"https:\/\/hatarok-nelkul.com\/ro\/index.php?rest_route=\/wp\/v2\/posts\/3485\/revisions\/3487"}],"wp:featuredmedia":[{"embeddable":true,"href":"https:\/\/hatarok-nelkul.com\/ro\/index.php?rest_route=\/wp\/v2\/media\/3486"}],"wp:attachment":[{"href":"https:\/\/hatarok-nelkul.com\/ro\/index.php?rest_route=%2Fwp%2Fv2%2Fmedia&parent=3485"}],"wp:term":[{"taxonomy":"category","embeddable":true,"href":"https:\/\/hatarok-nelkul.com\/ro\/index.php?rest_route=%2Fwp%2Fv2%2Fcategories&post=3485"},{"taxonomy":"post_tag","embeddable":true,"href":"https:\/\/hatarok-nelkul.com\/ro\/index.php?rest_route=%2Fwp%2Fv2%2Ftags&post=3485"}],"curies":[{"name":"wp","href":"https:\/\/api.w.org\/{rel}","templated":true}]}}