{"id":3519,"date":"2018-11-25T19:37:33","date_gmt":"2018-11-25T17:37:33","guid":{"rendered":"http:\/\/hatarok-nelkul.com\/ro\/?p=3519"},"modified":"2018-11-25T19:38:34","modified_gmt":"2018-11-25T17:38:34","slug":"acordul-pentru-brexit-a-fost-semnat","status":"publish","type":"post","link":"https:\/\/hatarok-nelkul.com\/ro\/?p=3519","title":{"rendered":"Acordul pentru Brexit a fost semnat"},"content":{"rendered":"<p><a href=\"https:\/\/hatarok-nelkul.com\/ro\/wp-content\/uploads\/2018\/11\/brit.jpg\"><img loading=\"lazy\" decoding=\"async\" class=\"alignleft size-thumbnail wp-image-3520\" src=\"https:\/\/hatarok-nelkul.com\/ro\/wp-content\/uploads\/2018\/11\/brit-150x150.jpg\" alt=\"\" width=\"150\" height=\"150\" \/><\/a>Liderii celor 27 de \u0163\u0103ri membre ale UE au aprobat la summit-ul care a avut loc duminic\u0103, la Bruxelles, \u00a0acordul privind condi\u0163iile \u00een care va \u00eenceta statutul de stat membru al Marii Britani \u00een UE, precum \u015fi Declara\u0163ia Politic\u0103 privind rela\u0163iile \u00een viitor cu aceast\u0103 \u0163ar\u0103.<\/p>\n<p>Aprobarea Brexitului era de a\u015fteptat, deoarece cu o zi \u00eenainate a fost rezolvat\u0103 chestiunea Gibraltarului, iar astfel a fost \u00eenl\u0103turat\u0103 \u015fi ultima problem\u0103 aflat\u0103 \u00een calea Brexitului.<\/p>\n<p>Cele dou\u0103 documente trebuie s\u0103 le semneze \u015fi premierul britanic Theresa May.<\/p>\n<p>Negociatorul-\u015fef al Uniunii Europene pentru Brexit, Michel Barnier, a men\u0163ionat c\u0103 dup\u0103 semnarea documentelor necesare, Uniunea European\u0103 \u015fi Marea Britanie vor r\u0103m\u00e2ne \u00eentr-o str\u00e2ns\u0103 rela\u0163ie de parteneriat.<\/p>\n<p>Pre\u015fedintele Consiliului European, Donals Tusk, a declarat c\u0103 plecarea britanicilor din UE este regretabil\u0103, \u00eens\u0103 au reu\u015fit s\u0103 identifice cea mai bun\u0103 formul\u0103 a compromisului.<\/p>\n<p><strong>Macron: Trebuie s\u0103 tragem toate concluziile dup\u0103 Brexit<\/strong><\/p>\n<p>Summit-ul ofer\u0103 un bun prilej pentru ca UE s\u0103 trag\u0103 toate concluziile \u00een urma renun\u0163\u0103rii de c\u0103tre Marea Britanie la calitatea de stat membru \u00een UE, printre altele faptul c\u0103 UE are puncte fragile, a afirmat pre\u015fedintele francez, Emmanuel Macron, duminic\u0103, la Bruxelles, la sosirea sa la \u00eent\u00e2lnirea de v\u00e2rf convocat\u0103 pentru semnarea documentelor privind \u00eencetarea statutului Marii Britanii \u00een UE.<\/p>\n<p>Pre\u015fedintele francez a subliniat c\u0103 plecarea Marii Britanii din Uniunea European\u0103 demonstreaz\u0103 c\u0103 UE are nevoie de reforme, de restructurare. Summit-ul trebuie s\u0103 reflecte respect \u015fi demnitate, precum \u015fi unitatea UE. Nu este o s\u0103rb\u0103toare, dar nici doliu nu este, a spus pre\u015fedintele Fran\u0163ei.<\/p>\n<p><strong>Juncker: Este un moment trist, este o tragedie plecarea Marii Britanii din UE<\/strong><\/p>\n<p>Am reu\u015fit s\u0103 semn\u0103m cel mai bun acord, \u00eens\u0103 nu este nici un motiv de bucurie, este un moment trist, o tragedie plecarea Marii Britanii din Uniunea European\u0103, a declarat pre\u015fedintele Comisiei Europene, Jean-Claude Juncker, \u00eenainte de summit-ul UE de la Bruxelles.<\/p>\n<p>R\u0103spunz\u00e2nd la o \u00eentrebare, Juncker a subliniat c\u0103 acordul privind condi\u0163iile de \u00eencetare a statutului de membru al Marii Bratunaii \u00een UE nu poate fi renegociat nici dac\u0103 Parlamentul de la Londra nu va ratifica.<\/p>\n<p><strong>Prin plecarea Marii Britanii din UE va pierde toat\u0103 lumea<\/strong><\/p>\n<p>Premierul olandez, Mark Rutte, a afirmat c\u0103 cele stabilite \u00een acord asigur\u0103 condi\u0163ii favorabile at\u00e2t pentru UE, c\u00e2t \u015fi pentru Marea Britanie. Cu toate c\u0103 este \u00eempotriva plec\u0103rii Marii Britanii din UE, Mark Rutte consider\u0103 c\u0103 acest acord este unul acceptabil. Documentul este acceptabil, deoarece prin acesta nici una dintre p\u0103r\u0163i nu va ie\u015fi \u00eenving\u0103toare. Prin ie\u015firea Marii Britanii din UE toat\u0103 lumea va pierde, a subliniat premierul olandez.<\/p>\n<p>Documentul de retragere, care are 585 de pagini \u015fi detaliaz\u0103 condi\u0163iile juridice ale ie\u015firii Marii Britanii din UE, precum \u015fi Declara\u0163ia Politic\u0103 de 26 de pagini, vor fi ratificate de Parlamentul britanic \u00een a doua s\u0103pt\u0103m\u00e2n\u0103 din luna decembrie.<\/p>\n<p>Sursa: hirado.hu<\/p>\n<p>Traducerea:Bal\u00e1zs Magdolna<\/p>\n<p>Foto:Hir Tv<\/p>\n","protected":false},"excerpt":{"rendered":"<p>Liderii celor 27 de \u0163\u0103ri membre ale UE au aprobat la summit-ul care a avut loc duminic\u0103, la Bruxelles, \u00a0acordul privind condi\u0163iile \u00een <\/p>\n","protected":false},"author":1,"featured_media":3520,"comment_status":"open","ping_status":"open","sticky":false,"template":"","format":"standard","meta":{"footnotes":""},"categories":[29],"tags":[37,36],"class_list":["post-3519","post","type-post","status-publish","format-standard","has-post-thumbnail","hentry","category-externe","tag-hatarok-nelkul-com","tag-stiri-fara-frontiere"],"_links":{"self":[{"href":"https:\/\/hatarok-nelkul.com\/ro\/index.php?rest_route=\/wp\/v2\/posts\/3519","targetHints":{"allow":["GET"]}}],"collection":[{"href":"https:\/\/hatarok-nelkul.com\/ro\/index.php?rest_route=\/wp\/v2\/posts"}],"about":[{"href":"https:\/\/hatarok-nelkul.com\/ro\/index.php?rest_route=\/wp\/v2\/types\/post"}],"author":[{"embeddable":true,"href":"https:\/\/hatarok-nelkul.com\/ro\/index.php?rest_route=\/wp\/v2\/users\/1"}],"replies":[{"embeddable":true,"href":"https:\/\/hatarok-nelkul.com\/ro\/index.php?rest_route=%2Fwp%2Fv2%2Fcomments&post=3519"}],"version-history":[{"count":1,"href":"https:\/\/hatarok-nelkul.com\/ro\/index.php?rest_route=\/wp\/v2\/posts\/3519\/revisions"}],"predecessor-version":[{"id":3521,"href":"https:\/\/hatarok-nelkul.com\/ro\/index.php?rest_route=\/wp\/v2\/posts\/3519\/revisions\/3521"}],"wp:featuredmedia":[{"embeddable":true,"href":"https:\/\/hatarok-nelkul.com\/ro\/index.php?rest_route=\/wp\/v2\/media\/3520"}],"wp:attachment":[{"href":"https:\/\/hatarok-nelkul.com\/ro\/index.php?rest_route=%2Fwp%2Fv2%2Fmedia&parent=3519"}],"wp:term":[{"taxonomy":"category","embeddable":true,"href":"https:\/\/hatarok-nelkul.com\/ro\/index.php?rest_route=%2Fwp%2Fv2%2Fcategories&post=3519"},{"taxonomy":"post_tag","embeddable":true,"href":"https:\/\/hatarok-nelkul.com\/ro\/index.php?rest_route=%2Fwp%2Fv2%2Ftags&post=3519"}],"curies":[{"name":"wp","href":"https:\/\/api.w.org\/{rel}","templated":true}]}}