{"id":3611,"date":"2019-01-10T14:23:58","date_gmt":"2019-01-10T12:23:58","guid":{"rendered":"http:\/\/hatarok-nelkul.com\/ro\/?p=3611"},"modified":"2019-01-10T21:02:55","modified_gmt":"2019-01-10T19:02:55","slug":"fostul-senator-udmr-olosz-gergely-a-fost-dat-in-urmarire-internationala","status":"publish","type":"post","link":"https:\/\/hatarok-nelkul.com\/ro\/?p=3611","title":{"rendered":"\u00cen presa din Rom\u00e2nia au ap\u0103rut \u0219tiri conform c\u0103rora Olosz Gergely s-ar ascunde \u00een Ungaria"},"content":{"rendered":"<p class=\"western\"><a href=\"https:\/\/hatarok-nelkul.com\/ro\/wp-content\/uploads\/2019\/01\/semjen-olosz.jpeg\"><img loading=\"lazy\" decoding=\"async\" class=\"alignleft size-thumbnail wp-image-3612\" src=\"https:\/\/hatarok-nelkul.com\/ro\/wp-content\/uploads\/2019\/01\/semjen-olosz-150x150.jpeg\" alt=\"\" width=\"150\" height=\"150\" \/><\/a>Fostul pre\u0219edinte al Autorit\u0103\u021bii Na\u021bionale de Reglementare \u00een Domeniul Energiei (ANRE) \u0219i senator al Uniunii Democrate a Maghiarilor din Rom\u00e2nia, Olosz Gergely, g\u0103sit vinovat \u0219i condamnat la trei ani de \u00eenchisoare, pentru infrac\u021biunea de trafic de influen\u021b\u0103, a fost dat \u00een urm\u0103rire interna\u021bional\u0103 de poli\u021bi\u0219tii din Covasna. Mai multe organe de pres\u0103 din Rom\u00e2nia men\u021bioneaz\u0103 c\u0103 surse locale declar\u0103 c\u0103 fostul senator ar fi fugit \u00een Ungaria.<\/p>\n<p class=\"western\">Purt\u0103torul de cuv\u00e2nt al Inspectoratului de Poli\u021bie al Jude\u021bului Covasna, Nicoleta Tolvaj Marin, a declarat, joi, 3 ianuarie 2019, corespondentului MEDIAFAX, c\u0103 poli\u021bi\u0219tii fac, \u00een continuare, verific\u0103ri pentru depistarea lui Olosz Gergely.<\/p>\n<p class=\"western\">Conform declara\u021biilor Nicoletei Tolvaj Marin, Olosz Gergely \u201ea fost dat \u00een urm\u0103rire interna\u021bional\u0103 dup\u0103 ce, la sf\u00e2r\u0219itul anului trecut, a fost dat \u00een urm\u0103rire na\u021bional\u0103 \u0219i \u00een consemn la frontier\u0103. A fost c\u0103utat la domiciliu, nu a fost g\u0103sit, se fac \u00een continuare verific\u0103ri pentru identificarea \u0219i depistarea persoanei respective\u201d.<\/p>\n<p class=\"western\">\u00cen presa din Rom\u00e2nia se men\u021bioneaz\u0103 c\u0103 surse jurnalistice din jude\u021bul Covasna au declarat corespondentului unei agen\u021bii de \u0219tiri (MEDIAFAX) c\u0103 Olosz Gergely ar fi fugit \u00een Ungaria. Persoanele ar fi amintit, \u00een cadrul discu\u021biilor cu jurnali\u0219tii, pe tema lui Olosz Gergely: \u201eSe pare c\u0103 este prieten bun cu vicepremierul Ungariei, Zsolt Semjen , cu care ar fi mers de mai multe ori la v\u00e2n\u0103toare, \u00een Secuime\u201d.<\/p>\n<p class=\"western\">Fostul senator UDMR \u015fi fost pre\u015fedinte ANRE, Olosz Gergely, a fost condamnat de c\u0103tre magistra\u0163ii \u00cenaltei Cur\u0163i de Casa\u0163ie \u015fi Justi\u0163ie la trei ani de \u00eenchisoare cu executare, pentru trafic de influen\u0163\u0103. Decizia este definitiv\u0103. Instan\u021ba de judecat\u0103 a men\u0163inut \u0219i dup\u0103 judecarea apelului, hot\u0103r\u00e2rea din 2016, a Cur\u0163ii de Apel Bucure\u015fti, c\u00e2nd Olosz Gergely a primit tot o pedeaps\u0103 de trei ani de \u00eenchisoare cu executare pentru faptele pentru care fusese pus sub acuzare.<\/p>\n<p class=\"western\">Instan\u0163a a mai decis \u0219i confiscarea de la fostul pre\u015fedinte ANRE a sumelor de 384.000 de euro \u015fi de 400.000 de lei.<\/p>\n<p class=\"western\">Presa face trimitere \u0219i la fotografii surprinse la Budapesta, \u00een 2018, pentru a pune al\u0103turi cazul fostului senator Olosz Gergely, de cel al altui deputat UDMR, anume Marko Atilla, dat \u0219i el \u00een urm\u0103rire interna\u021bional\u0103, suger\u00e2nd c\u0103 ambii s-ar afla pe teritoriul Ungariei, sub protec\u021bia guvernului condus de Viktor Orban \u0219i Zsolt Semjen.<\/p>\n<p class=\"western\">Credibilitatea guvernul ungar a suferit dup\u0103 ce a decis s\u0103 \u00eei acorde azil politic, \u00een Ungaria, fostului premier macedonean, Nikola Gruevski, \u00een condi\u021biile \u00een care acesta era acuzat \u00een \u021bara sa \u00een patru procese penale. Anumite voci din Occident, cu care guvernul Orban \u00eentre\u021bine rela\u021bii tensionate, apreciaz\u0103 c\u0103 statul ungar ar ar\u0103ta o oarecare consecven\u021b\u0103 \u00een acest domeniu, dat fiind c\u0103 Ungaria a refuzat, de cur\u00e2nd, extr\u0103darea \u00een SUA a doi trafican\u021bi de arme, ace\u0219tia fiind trimi\u0219i, \u00een schimb, \u00een Rusia, unde nu e clar dac\u0103 vor fi deferi\u021bi justi\u021biei.<\/p>\n<p>Sz<span class=\"views-field views-field-field-pap-teologia\"><span class=\"field-content\">\u00e9<\/span><\/span>kely D<span class=\"views-field views-field-field-pap-teologia\"><span class=\"field-content\">\u00e9<\/span><\/span>nes<\/p>\n<p>Foto: hvg.hu<\/p>\n","protected":false},"excerpt":{"rendered":"<p>Fostul pre\u0219edinte al Autorit\u0103\u021bii Na\u021bionale de Reglementare \u00een Domeniul Energiei (ANRE) \u0219i senator al Uniunii Democrate a Maghiarilor din Rom\u00e2nia, Olosz Gergely, g\u0103sit <\/p>\n","protected":false},"author":1,"featured_media":3612,"comment_status":"open","ping_status":"open","sticky":false,"template":"","format":"standard","meta":{"footnotes":""},"categories":[125],"tags":[1354,37,1350,1351,1353,36,53,1355],"class_list":["post-3611","post","type-post","status-publish","format-standard","has-post-thumbnail","hentry","category-interne","tag-condamnat","tag-hatarok-nelkul-com","tag-olosz-gergely","tag-se-ascunde-in-ungaria","tag-senator","tag-stiri-fara-frontiere","tag-udmr","tag-urmarire-internationala"],"_links":{"self":[{"href":"https:\/\/hatarok-nelkul.com\/ro\/index.php?rest_route=\/wp\/v2\/posts\/3611","targetHints":{"allow":["GET"]}}],"collection":[{"href":"https:\/\/hatarok-nelkul.com\/ro\/index.php?rest_route=\/wp\/v2\/posts"}],"about":[{"href":"https:\/\/hatarok-nelkul.com\/ro\/index.php?rest_route=\/wp\/v2\/types\/post"}],"author":[{"embeddable":true,"href":"https:\/\/hatarok-nelkul.com\/ro\/index.php?rest_route=\/wp\/v2\/users\/1"}],"replies":[{"embeddable":true,"href":"https:\/\/hatarok-nelkul.com\/ro\/index.php?rest_route=%2Fwp%2Fv2%2Fcomments&post=3611"}],"version-history":[{"count":6,"href":"https:\/\/hatarok-nelkul.com\/ro\/index.php?rest_route=\/wp\/v2\/posts\/3611\/revisions"}],"predecessor-version":[{"id":3618,"href":"https:\/\/hatarok-nelkul.com\/ro\/index.php?rest_route=\/wp\/v2\/posts\/3611\/revisions\/3618"}],"wp:featuredmedia":[{"embeddable":true,"href":"https:\/\/hatarok-nelkul.com\/ro\/index.php?rest_route=\/wp\/v2\/media\/3612"}],"wp:attachment":[{"href":"https:\/\/hatarok-nelkul.com\/ro\/index.php?rest_route=%2Fwp%2Fv2%2Fmedia&parent=3611"}],"wp:term":[{"taxonomy":"category","embeddable":true,"href":"https:\/\/hatarok-nelkul.com\/ro\/index.php?rest_route=%2Fwp%2Fv2%2Fcategories&post=3611"},{"taxonomy":"post_tag","embeddable":true,"href":"https:\/\/hatarok-nelkul.com\/ro\/index.php?rest_route=%2Fwp%2Fv2%2Ftags&post=3611"}],"curies":[{"name":"wp","href":"https:\/\/api.w.org\/{rel}","templated":true}]}}