{"id":3634,"date":"2019-01-18T09:27:02","date_gmt":"2019-01-18T07:27:02","guid":{"rendered":"http:\/\/hatarok-nelkul.com\/ro\/?p=3634"},"modified":"2019-01-18T09:35:19","modified_gmt":"2019-01-18T07:35:19","slug":"federatia-comunitatilor-evreiesti-din-ungaria-solicita-stoparea-cautarii-in-dunare-a-ramasitelor-victimelor-holocaustului","status":"publish","type":"post","link":"https:\/\/hatarok-nelkul.com\/ro\/?p=3634","title":{"rendered":"Federa\u0163ia Comunit\u0103\u0163ilor Evreie\u015fti din Ungaria solicit\u0103 stoparea c\u0103ut\u0103rii, \u00een Dun\u0103re, a r\u0103m\u0103\u015fi\u0163elor victimelor Holocaustului"},"content":{"rendered":"<p><a href=\"https:\/\/hatarok-nelkul.com\/ro\/wp-content\/uploads\/2019\/01\/mazsihisz.jpg\"><img loading=\"lazy\" decoding=\"async\" class=\"alignleft size-thumbnail wp-image-3635\" src=\"https:\/\/hatarok-nelkul.com\/ro\/wp-content\/uploads\/2019\/01\/mazsihisz-150x150.jpg\" alt=\"\" width=\"150\" height=\"150\" \/><\/a>Federa\u0163ia Comunit\u0103\u0163ilor Evreie\u015fti din Ungaria (Mazsihisz) sus\u0163ine c\u0103 opera\u0163iunea de c\u0103utare a r\u0103m\u0103\u015fi\u0163elor victimelor Holocaustului, \u00eempu\u015fcate \u015fi aruncate \u00een Dun\u0103re nu are sens, iar ideea re\u00eenhum\u0103rii oseminelor \u00een Israel a r\u0103scolit comunitatea, motiv pentru care pre\u015fedintele Mazsihisz a solicitat, \u00eentr-o scrisoare, mini\u015ftrilor de interne ai Israelului \u015fi Ungariei suspendarea c\u0103ut\u0103rilor care &#8220;nu pot fi motivate cu nimic&#8221;.<\/p>\n<p>Mazsiszih a reac\u0163ionat la informa\u0163ia publicat\u0103 luni de Reuters \u2013 preluat\u0103 \u015fi de mass-media rom\u00e2n\u0103 -, potrivit c\u0103reia o echip\u0103 de speciali\u015fti israelieni a sosit la Budapesta, care cu ajutorul autorit\u0103\u0163ilor din Ungaria va c\u0103uta \u00een Dun\u0103re r\u0103m\u0103\u015fi\u0163ele victimelor Holocaustului, pentru a le \u00eengropa conform tradi\u0163iilor evreie\u015fi, \u00een Israel. Ministerul ungar de Interne a declarat mar\u0163i Agen\u0163iei de Pres\u0103 MTI c\u0103 Ungaria va acorda tot sprijinul Israelului pentru g\u0103sirea \u00een Dun\u0103re a r\u0103m\u0103\u015fi\u0163elor victimelor Holocaustului.<\/p>\n<p>\u00centr-un comunicat dat publicit\u0103\u0163ii joi pe site-ul s\u0103u, Mazsihisz pecizeaz\u0103 c\u0103 istoricii sus\u0163in c\u0103 \u00een timpul Holocaustului mai multe mii de evrei au fost \u00eempu\u015fca\u0163i \u015fi arunca\u0163i \u00een Dun\u0103re, chiar \u015fi \u00een timpul asediului Budapestei. Timp de 75 de ani oasemintele victmelor s-au dispersat \u015fi este posibil c\u0103 au ajuns chiar p\u00e2n\u0103 \u00een Marea Neagr\u0103. Tocmai de aceea Mazsihisz consider\u0103 c\u0103 opera\u0163iunea de c\u0103utare poate fi pus\u0103 sub semnul \u00eentreb\u0103rii, se arat\u0103 \u00een comunicat, \u00een care se aminte\u015fte: Pe 15 aprilie 2016, dup\u0103 o \u00eendelungat\u0103 activitate \u015ftiin\u0163ific\u0103 \u015fi dispute religioase, Mazsihisz a \u00eengropat r\u0103m\u0103\u015fi\u0163ele victimelor g\u0103site cu ocazia reabilit\u0103rii Podului Margit \u00een cimitirul evreiesc din stara Kozma, din Budapesta. Atunci osemintele au fost g\u0103site absolut \u00eent\u00e2mpl\u0103tor. Dup\u0103 ce nem\u0163ii au detonat podul, o plac\u0103 a acestuia s-a ag\u0103\u0163at de malul Dun\u0103rii \u015fi aici s-au adunat sub ap\u0103 corpurilor oamenilor care probabil au fost \u00eempu\u015fca\u0163i \u00een aval, \u00een iarna din 1944-45.<\/p>\n<p>Mazsihisz afirm\u0103 c\u0103 expe\u0163ii au declarat c\u0103 este imposibil de stabilit apartenen\u0163a osemintelor. Osemintele g\u0103site anterior au fost \u00eenmorm\u00e2ntate de Mazsihisz, \u00eentr-un cimitir evreiesc neolog, conform tradi\u0163iilor evreie\u015fti. Sicriul cu oasele victimelor Holocaustului a fost transportat de rabinii neologi, ortodoc\u015fi \u015fi chabat, \u00een prezen\u0163a capilor religiei cre\u015ftine \u015fi ai reprezentan\u0163ilor Guvernului ungar.<\/p>\n<p>Potrivit Mazsihisz, &#8220;perturbarea locului de veci al mor\u0163ilor este o chestiune complex\u0103 \u015fi sensibil\u0103. Opera\u0163iunea de c\u0103utarea a unor eventuale oseminte este inutil\u0103, deranjeaz\u0103 lini\u015ftea \u015fi demnitatea mor\u0163ilor evrei sau neevrei, g\u0103si\u0163i \u00een timpul opera\u0163iunii, \u015fi \u00eencalc\u0103 legea religiei evreie\u015fti, se precizeaz\u0103 \u00een comunicatul Mazsihisz.<\/p>\n<p>Sursa: MTI<\/p>\n<p>Traducerea: Bal\u00e1zs Magdolna<\/p>\n<p>Foto:8400 Info<\/p>\n","protected":false},"excerpt":{"rendered":"<p>Federa\u0163ia Comunit\u0103\u0163ilor Evreie\u015fti din Ungaria (Mazsihisz) sus\u0163ine c\u0103 opera\u0163iunea de c\u0103utare a r\u0103m\u0103\u015fi\u0163elor victimelor Holocaustului, \u00eempu\u015fcate \u015fi aruncate \u00een Dun\u0103re nu are sens, <\/p>\n","protected":false},"author":1,"featured_media":3635,"comment_status":"open","ping_status":"open","sticky":false,"template":"","format":"standard","meta":{"footnotes":""},"categories":[29],"tags":[1371,431,37,1372,36,1370],"class_list":["post-3634","post","type-post","status-publish","format-standard","has-post-thumbnail","hentry","category-externe","tag-dunarea","tag-evreii-din-ungaria","tag-hatarok-nelkul-com","tag-ramasitelor-victimelor-holocaustului","tag-stiri-fara-frontiere","tag-stoparea-cautarii"],"_links":{"self":[{"href":"https:\/\/hatarok-nelkul.com\/ro\/index.php?rest_route=\/wp\/v2\/posts\/3634","targetHints":{"allow":["GET"]}}],"collection":[{"href":"https:\/\/hatarok-nelkul.com\/ro\/index.php?rest_route=\/wp\/v2\/posts"}],"about":[{"href":"https:\/\/hatarok-nelkul.com\/ro\/index.php?rest_route=\/wp\/v2\/types\/post"}],"author":[{"embeddable":true,"href":"https:\/\/hatarok-nelkul.com\/ro\/index.php?rest_route=\/wp\/v2\/users\/1"}],"replies":[{"embeddable":true,"href":"https:\/\/hatarok-nelkul.com\/ro\/index.php?rest_route=%2Fwp%2Fv2%2Fcomments&post=3634"}],"version-history":[{"count":2,"href":"https:\/\/hatarok-nelkul.com\/ro\/index.php?rest_route=\/wp\/v2\/posts\/3634\/revisions"}],"predecessor-version":[{"id":3637,"href":"https:\/\/hatarok-nelkul.com\/ro\/index.php?rest_route=\/wp\/v2\/posts\/3634\/revisions\/3637"}],"wp:featuredmedia":[{"embeddable":true,"href":"https:\/\/hatarok-nelkul.com\/ro\/index.php?rest_route=\/wp\/v2\/media\/3635"}],"wp:attachment":[{"href":"https:\/\/hatarok-nelkul.com\/ro\/index.php?rest_route=%2Fwp%2Fv2%2Fmedia&parent=3634"}],"wp:term":[{"taxonomy":"category","embeddable":true,"href":"https:\/\/hatarok-nelkul.com\/ro\/index.php?rest_route=%2Fwp%2Fv2%2Fcategories&post=3634"},{"taxonomy":"post_tag","embeddable":true,"href":"https:\/\/hatarok-nelkul.com\/ro\/index.php?rest_route=%2Fwp%2Fv2%2Ftags&post=3634"}],"curies":[{"name":"wp","href":"https:\/\/api.w.org\/{rel}","templated":true}]}}