{"id":3730,"date":"2019-02-20T09:44:16","date_gmt":"2019-02-20T07:44:16","guid":{"rendered":"http:\/\/hatarok-nelkul.com\/ro\/?p=3730"},"modified":"2019-02-20T09:46:05","modified_gmt":"2019-02-20T07:46:05","slug":"in-discutie-cu-presedintele-cns-balazs-izsak-despre-10-martie","status":"publish","type":"post","link":"https:\/\/hatarok-nelkul.com\/ro\/?p=3730","title":{"rendered":"\u00cen discu\u0163ie cu pre\u015fedintele CNS, Bal\u00e1zs Izs\u00e1k, despre 10 Martie"},"content":{"rendered":"<p><a href=\"https:\/\/hatarok-nelkul.com\/ro\/wp-content\/uploads\/2019\/02\/izsak-balazs.jpg\"><img loading=\"lazy\" decoding=\"async\" class=\"alignleft size-thumbnail wp-image-3731\" src=\"https:\/\/hatarok-nelkul.com\/ro\/wp-content\/uploads\/2019\/02\/izsak-balazs-150x150.jpg\" alt=\"\" width=\"150\" height=\"150\" \/><\/a>Consiliul Na\u0163ional Secuiesc (CNS) a lansat un apel \u015fi \u00een acest an adep\u0163iilor s\u0103i pentru a participa pe 10 mai la o demonstra\u0163ie care va fi organizat\u0103 la T\u00e2rgu Mure\u015f, cu ocazia Zilei Libert\u0103\u0163ii Secuie\u015fti.<\/p>\n<p>Pe pre\u015fedintele CNS, Bal\u00e1zs Izs\u00e1k, care, de c\u00e2teva zile, este \u0163ina unor acuza\u0163ii ale unor colegi de organiza\u0163ie, l-am \u00eentrebat despre preg\u0103tirile acestei manifest\u0103ri:<\/p>\n<p>\u201e\u00cen 2015 am \u00eenv\u0103\u0163at c\u0103 premerg\u0103tor acestei manifest\u0103ri\u00a0 cel pu\u0163in cu un an trebuie s\u0103 depunem la Prim\u0103ria T\u00e2rgu Mure\u015f o adres\u0103 de informare privind organizarea acesteia, tocmai pentru a veni \u00een \u00eent\u00e2mpinarea unor eventuale obstruc\u0163ion\u0103ri venite din partea autorit\u0103\u0163ilor locale. Anul trecut, pe 27 martie, am depus la Prim\u0103ria T\u00e2rgu Mure\u015f o not\u0103 de informare privind manifestarea din acest an. \u00cens\u0103, \u00een loc s\u0103 fi luat la cuno\u015ftint\u0103 de acest anun\u0163, Prim\u0103ria ne-a informat, printr-o scrisoare, ca \u00eenainte cu o lun\u0103 de a avea loc aceast\u0103 manifestare s\u0103 revenim asupra anun\u0163ului nostru \u015fi s\u0103 depunem din nou aceast\u0103 adres\u0103. Noi ne-am adresat din nou tribunalului, tocmai pentru ca instan\u0163a s\u0103 stabileasc\u0103 c\u0103 nu avem asemenea obliga\u0163ii. \u00cen decembrie anul trecut am primit decizia tribunalului, potrivit c\u0103reia nu trebuie s\u0103 depunem \u00eenc\u0103 odat\u0103 nota de informare cu privire la organizarea demonstra\u0163iei. A\u015fadar, conform notei de informare prealabil\u0103, la ora 16:00 ne vom aduna \u015fi dup\u0103 manifestare vom merge la Pia\u0163a Principal\u0103 din T\u00e2rgu Mure\u015f, \u00een fa\u0163a cl\u0103dirii Prefecturii, unde vom \u00eenm\u00e2na Proclama\u0163ia adoptat\u0103 de participan\u0163ii manifest\u0103rii. Referitor la Jandarmerie, pot s\u0103 v\u0103 spun c\u0103 la fiecare manifestare, \u00een fiecare an, ei \u015fi-au \u00eendeplinit obliga\u0163iile lor, conform prevederilor legale, cu excep\u0163ia anului 2014, c\u00e2nd i-au obligat pe demonstran\u0163i s\u0103 mearg\u0103 pe trotuar \u015fi din cauz\u0103 c\u0103 au fost\u00a0 mul\u0163i oameni, acest lcuru a fost imposibil \u015fi s-au iscat ne\u00een\u0163elegeri, care au dus la aplicarea unui num\u0103r de 80 de amenzi contraven\u0163ionale. Dar chiar \u015fi \u00een acest an, \u00een timpul demonstra\u0163iei jandarmii au procedat corect, \u015fi-au \u00eendeplinit atribu\u0163iile lor. Conform legii privind adun\u0103rile publice, jandarmii trebuie s\u0103 asigure protec\u0163ia demonstran\u0163ilor \u015fi traseul parcurs de ace\u015ftia. Astfel c\u0103 am speran\u0163a c\u0103 vom avea parte de un 10 Martie pa\u015fnic \u015fi de succes \u015fi \u00eei \u00eendemn pe oameni s\u0103 vin\u0103 la demonstra\u0163ie \u00eentr-un num\u0103r tot mai mare\u201d, a declarat pre\u015fedintele CNS.<\/p>\n<p>La \u00eentrebarea privind sprijinul de care beneficiaz\u0103 CNS-ul la preg\u0103tirea evenimentului, Bal\u00e1zs Izs\u00e1k a precizat:<\/p>\n<p>\u201ePe parcursul anilor trecu\u0163i s-a format o procedur\u0103, un mod de organizare, a\u015f putea spune c\u0103 avem deja o rutin\u0103 \u00een ceea ce prive\u015fte organizarea, dar se ocup\u0103, \u00een primul r\u00e2nd oamenii CNS-ului. De asemenea, avem \u015fi mul\u0163i voluntari, cei mai mul\u0163i fiind aici, la T\u00e2rgu Mure\u015f \u015fi din jude\u0163ul Mure\u015f. Nu este \u00eent\u00e2mpl\u0103tor c\u0103 \u00een iunie 2013, CNS-ul a transferat \u00eentreaga organizare a Zilei Libert\u0103\u0163ii Secuie\u015fti, precum \u0219i \u00eentreaga munc\u0103 \u015fi responsabilitate Consiliului Secuiesc Scaunul Mure\u015f\u201d.<\/p>\n<p>La \u00eentrebarea privind eventualii invita\u0163i de marc\u0103 din str\u0103in\u0103tate \u015fi la manifestarea din acest an, pre\u015fedintele CNS a subliniat:<\/p>\n<p>\u201eReferitor la invita\u0163ii din str\u0103in\u0103tate trebuie s\u0103 men\u0163ionez c\u0103 unul din cei mai loiali participan\u0163i,\u00a0 Alian\u021ba Liber\u0103 European\u0103 (EFA) \u00ee\u015fi va organiza congresul tocmai pe 10 martie, astfel c\u0103 \u00een mod sigur vom avea mai pu\u0163ini oaspe\u0163i str\u0103ini \u00een acest an \u00een compara\u0163ie cu anul trecut, dar, independent de aceasta, contez pe delegatul Partidului Na\u0163ional Basc, partid de guvern\u0103m\u00e2nt, care este unul din cei mai apropia\u0163i alia\u0163i ai no\u015ftri. De asemenena, Asocia\u0163ia pentru \u0162inutul Secuiesc organizeaz\u0103 manifestarea de solidaritate la Budapesta, care va avea loc, probabil, \u00een Pia\u0163a Eroilor, de unde participan\u0163ii se vor deplasa, probabil, la Ambasada Rom\u00e2niei. De asemenea, am speran\u0163a c\u0103 \u015fi \u00een marile ora\u015fe din Europa, unde tr\u0103iesc maghiari, vor avea loc ac\u0163iuni similare, \u015fi aici a\u015f aminti de manifest\u0103rile de solidaritate ale organiza\u0163iilor maghiare din Viena, sau din Germania, Canada \u015fi SUA\u201d.<\/p>\n<p>Interviu realizat de: Bal\u00e1zs Magdolna<\/p>\n<p>Foto:Erdon<\/p>\n","protected":false},"excerpt":{"rendered":"<p>Consiliul Na\u0163ional Secuiesc (CNS) a lansat un apel \u015fi \u00een acest an adep\u0163iilor s\u0103i pentru a participa pe 10 mai la o demonstra\u0163ie <\/p>\n","protected":false},"author":1,"featured_media":3731,"comment_status":"open","ping_status":"open","sticky":false,"template":"","format":"standard","meta":{"footnotes":""},"categories":[9],"tags":[14,715,37,1441,1440,36],"class_list":["post-3730","post","type-post","status-publish","format-standard","has-post-thumbnail","hentry","category-interviuri","tag-10-martie","tag-balazs-izsak","tag-hatarok-nelkul-com","tag-pregatirea-organizarii-ziua-libertatii-secuiesti","tag-presedinte-al-cns","tag-stiri-fara-frontiere"],"_links":{"self":[{"href":"https:\/\/hatarok-nelkul.com\/ro\/index.php?rest_route=\/wp\/v2\/posts\/3730","targetHints":{"allow":["GET"]}}],"collection":[{"href":"https:\/\/hatarok-nelkul.com\/ro\/index.php?rest_route=\/wp\/v2\/posts"}],"about":[{"href":"https:\/\/hatarok-nelkul.com\/ro\/index.php?rest_route=\/wp\/v2\/types\/post"}],"author":[{"embeddable":true,"href":"https:\/\/hatarok-nelkul.com\/ro\/index.php?rest_route=\/wp\/v2\/users\/1"}],"replies":[{"embeddable":true,"href":"https:\/\/hatarok-nelkul.com\/ro\/index.php?rest_route=%2Fwp%2Fv2%2Fcomments&post=3730"}],"version-history":[{"count":1,"href":"https:\/\/hatarok-nelkul.com\/ro\/index.php?rest_route=\/wp\/v2\/posts\/3730\/revisions"}],"predecessor-version":[{"id":3732,"href":"https:\/\/hatarok-nelkul.com\/ro\/index.php?rest_route=\/wp\/v2\/posts\/3730\/revisions\/3732"}],"wp:featuredmedia":[{"embeddable":true,"href":"https:\/\/hatarok-nelkul.com\/ro\/index.php?rest_route=\/wp\/v2\/media\/3731"}],"wp:attachment":[{"href":"https:\/\/hatarok-nelkul.com\/ro\/index.php?rest_route=%2Fwp%2Fv2%2Fmedia&parent=3730"}],"wp:term":[{"taxonomy":"category","embeddable":true,"href":"https:\/\/hatarok-nelkul.com\/ro\/index.php?rest_route=%2Fwp%2Fv2%2Fcategories&post=3730"},{"taxonomy":"post_tag","embeddable":true,"href":"https:\/\/hatarok-nelkul.com\/ro\/index.php?rest_route=%2Fwp%2Fv2%2Ftags&post=3730"}],"curies":[{"name":"wp","href":"https:\/\/api.w.org\/{rel}","templated":true}]}}