{"id":3812,"date":"2019-03-19T11:16:27","date_gmt":"2019-03-19T09:16:27","guid":{"rendered":"http:\/\/hatarok-nelkul.com\/ro\/?p=3812"},"modified":"2019-03-20T16:33:08","modified_gmt":"2019-03-20T14:33:08","slug":"gyula-winkler-cea-mai-buna-solutie-ar-fi-daca-nu-ar-avea-loc-votarea-excluderii-fidesz-din-ppe-ci-o-analiza-dar-nu-acum-ci-dupa-alegerile-europarlamentare","status":"publish","type":"post","link":"https:\/\/hatarok-nelkul.com\/ro\/?p=3812","title":{"rendered":"Gyula Winkler: Cea mai bun\u0103 solu\u0163ie ar fi dac\u0103 nu ar avea loc votarea excluderii FIDESZ din PPE, ci o analiz\u0103, dar nu acum, ci dup\u0103 alegerile europarlamentare"},"content":{"rendered":"<p><a href=\"https:\/\/hatarok-nelkul.com\/ro\/wp-content\/uploads\/2019\/03\/winkler.jpg\"><img loading=\"lazy\" decoding=\"async\" class=\"alignleft size-thumbnail wp-image-3813\" src=\"https:\/\/hatarok-nelkul.com\/ro\/wp-content\/uploads\/2019\/03\/winkler-150x150.jpg\" alt=\"\" width=\"150\" height=\"150\" \/><\/a>Pe europarlamentarul Gyula Winkler, l-am \u00eentrebat ce p\u0103rere are despre excluderea FIDESZ din Partidul Popular European?<\/p>\n<p>\u201eNu m-a\u015f lansa prea mult \u00eentr-o analiz\u0103. P\u00e2n\u0103 pe 20 martie situa\u0163ia poate s\u0103 se schimbe. \u00cen prezent au loc negocieri, \u00een culise treburile se deruleaz\u0103 intensiv. Cred c\u0103 ar trebui s\u0103 se ajung\u0103 \u00een situa\u0163ia \u00een care vor fi stabilite rela\u0163ii reciproce bune. Cred c\u0103 Partidul Popular European are nevoie de FIDESZ, contrar tuturor lucrurilor \u015fi \u00een pofida criticilor vehemente nu se poate uita c\u0103 suntem \u00een campanie electoral\u0103 \u015fi tot ceea ce se \u00eent\u00e2mpl\u0103 trebuie a\u015fezat \u00een acest context. Desigur, este valabil \u015fi contrariul, anume c\u0103 \u015fi FIDESZ are nevoie de Partidul Popular European, deoarece \u00een cadrul Partidului Popular European grupul cre\u015ftin conservator este, totu\u015fi, \u00eentr-un grup politic despre care se poate spune \u00een mod justificat c\u0103 \u00een urm\u0103 cu 15-20 de ani au fost cu totul altele valorile primordiale pentru PPE, \u00een compara\u0163ie cu valorile de azi. \u0218i \u00een mod justificat sus\u0163ine \u015fi FIDESZ acest lucru. \u00centrebarea este, unde trebuie c\u0103utat echilibrul? PPE este cel mai mare grup politic din Parlamentul European, ceea ce are un pre\u0163. \u00cen cazul PPE, pre\u0163ul este acela c\u0103 \u00eencep\u00e2nd din centru-dreapta \u015fi p\u00e2n\u0103 la centru-st\u00e2nga, respectiv \u00eencep\u00e2nd din dreapta \u015fi p\u00e2n\u0103 la centru-st\u00e2nga exist\u0103 partide politice \u00een diferite \u0163\u0103ri care abordeaz\u0103 cu totul altfel conceptul centru-dreapta sau pe cel cre\u015ftin-conservator. Se \u00een\u0163elege cu totul altfel \u00een Finlanda, dec\u00e2t \u00een Spania sau \u00een Italia ce \u00eenseamn\u0103 s\u0103 fii membru al PPE. Partidul ar trebui, cumva, s\u0103 \u0163in\u0103 laolalt\u0103 toate acestea. A\u015fadar, acum a\u015fa arat\u0103 situa\u0163ia.<\/p>\n<p>Referitor la pozi\u0163ia UDMR, pot s\u0103 v\u0103 spun c\u0103 pre\u015fedintele acestei forma\u0163iuni politice, Hunor Kelemen, a anun\u0163at s\u0103pt\u0103m\u00e2na trecut\u0103 c\u0103 UDMR va vota \u00eempotriva excluderii FIDESZ din PPE. Pre\u015fedintele Uniunii va participa personal la \u015fedin\u0163a din 20 martie. UDMR, ca multe alte partide, are dreptul la dou\u0103 voturi. \u00cen ceasul al XII-lea, cea mai bun\u0103 solu\u0163ie ar fi dac\u0103 nu ar avea loc votarea, ci o analiz\u0103, dar nu acum, ci dup\u0103 alegerile europarlamentare. \u00cen cadrul organiza\u0163iei economice a Partidului Popular European, al c\u0103rui prim-vicepre\u015fedinte sunt, a avut loc s\u0103pt\u0103m\u00e2na trecut\u0103 o \u015fedin\u0163\u0103, la care am analizat situa\u0163ia \u015fi s-a decis redactarea unei scrisori, la care am participat personal, c\u0103tre pre\u015fedintele PPE, Joseph Daul. \u00cen aceast\u0103 scrisoare am propus s\u0103 nu aib\u0103 loc votul pe 20 martie, \u00eenainte de alegerile europarlamentare, ci s\u0103 se constituie o comisie pentru a vedea care sunt exact a\u015ftept\u0103rile Partidului Popular European. Pre\u015fedintele Grupului PPE, Manfred Weber, s-a \u00eent\u00e2lnit s\u0103pt\u0103m\u00e2na trecut\u0103 cu premierul Ungariei, Viktor Orb\u00e1n, prilej cu care a formulat c\u00e2teva a\u015ftept\u0103ri fa\u0163\u0103 de FIDESZ. \u00cendeplinirea acestor a\u015ftept\u0103ri \u2013 potrivit informa\u0163iilor mele \u015fi a informa\u0163iilor de pres\u0103 \u2013 sunt \u00een derulare, prin urmare, p\u00e2n\u0103 pe data de 20 martie o parte, sau o bun\u0103 parte a acestor a\u015ftept\u0103ri, vor fi \u00eemplinite. Desigur, efectele externe, efectele presei nu sunt utile, nu este util, ceea ce scrie partea provocatoare a presei, \u015fi aici m\u0103 g\u00e2ndesc la publica\u0163ia Politico, care pretinde c\u0103 \u015ftie unele lucruri, despre care eu nu cred c\u0103 sunt reale. Conducerea FIDESZ a subliniat c\u0103 nu discut\u0103 cu alte forma\u0163iuni europene, c\u0103 dore\u015fte s\u0103 r\u0103m\u00e2n\u0103 membr\u0103 a Partidului Popular European \u015fi vrea s\u0103 participe \u00een procesul de reform\u0103, care potrivit FIDESZ \u015fi al altora, trebuie realizat\u0103 \u00een direc\u0163ia prin care PPE se va \u00eentoarece \u00eentruc\u00e2tva la r\u0103d\u0103cini \u015fi la aplicarea \u00een mod practic a valorilor conservatoare\u201d, ne-a explicat europarlamentarul UDMR, Gyula Winkler.<\/p>\n<p>Interviu realizat de:Bal\u00e1zs Magdolna<\/p>\n<p>Foto:Kr\u00f3nika<\/p>\n","protected":false},"excerpt":{"rendered":"<p>Pe europarlamentarul Gyula Winkler, l-am \u00eentrebat ce p\u0103rere are despre excluderea FIDESZ din Partidul Popular European? \u201eNu m-a\u015f lansa prea mult \u00eentr-o analiz\u0103. <\/p>\n","protected":false},"author":1,"featured_media":3813,"comment_status":"open","ping_status":"open","sticky":false,"template":"","format":"standard","meta":{"footnotes":""},"categories":[9],"tags":[888,1502,1090,37,630,36,53],"class_list":["post-3812","post","type-post","status-publish","format-standard","has-post-thumbnail","hentry","category-interviuri","tag-europarlamentar","tag-excluderea-fidesz","tag-gyula-winkler","tag-hatarok-nelkul-com","tag-ppe","tag-stiri-fara-frontiere","tag-udmr"],"_links":{"self":[{"href":"https:\/\/hatarok-nelkul.com\/ro\/index.php?rest_route=\/wp\/v2\/posts\/3812","targetHints":{"allow":["GET"]}}],"collection":[{"href":"https:\/\/hatarok-nelkul.com\/ro\/index.php?rest_route=\/wp\/v2\/posts"}],"about":[{"href":"https:\/\/hatarok-nelkul.com\/ro\/index.php?rest_route=\/wp\/v2\/types\/post"}],"author":[{"embeddable":true,"href":"https:\/\/hatarok-nelkul.com\/ro\/index.php?rest_route=\/wp\/v2\/users\/1"}],"replies":[{"embeddable":true,"href":"https:\/\/hatarok-nelkul.com\/ro\/index.php?rest_route=%2Fwp%2Fv2%2Fcomments&post=3812"}],"version-history":[{"count":2,"href":"https:\/\/hatarok-nelkul.com\/ro\/index.php?rest_route=\/wp\/v2\/posts\/3812\/revisions"}],"predecessor-version":[{"id":3815,"href":"https:\/\/hatarok-nelkul.com\/ro\/index.php?rest_route=\/wp\/v2\/posts\/3812\/revisions\/3815"}],"wp:featuredmedia":[{"embeddable":true,"href":"https:\/\/hatarok-nelkul.com\/ro\/index.php?rest_route=\/wp\/v2\/media\/3813"}],"wp:attachment":[{"href":"https:\/\/hatarok-nelkul.com\/ro\/index.php?rest_route=%2Fwp%2Fv2%2Fmedia&parent=3812"}],"wp:term":[{"taxonomy":"category","embeddable":true,"href":"https:\/\/hatarok-nelkul.com\/ro\/index.php?rest_route=%2Fwp%2Fv2%2Fcategories&post=3812"},{"taxonomy":"post_tag","embeddable":true,"href":"https:\/\/hatarok-nelkul.com\/ro\/index.php?rest_route=%2Fwp%2Fv2%2Ftags&post=3812"}],"curies":[{"name":"wp","href":"https:\/\/api.w.org\/{rel}","templated":true}]}}