{"id":3816,"date":"2019-03-20T21:58:40","date_gmt":"2019-03-20T19:58:40","guid":{"rendered":"http:\/\/hatarok-nelkul.com\/ro\/?p=3816"},"modified":"2019-03-20T22:00:52","modified_gmt":"2019-03-20T20:00:52","slug":"viktor-orban-fidesz-suspenda-in-mod-unilateral-exercitarea-drepturilor-sale-in-partidul-popular-european","status":"publish","type":"post","link":"https:\/\/hatarok-nelkul.com\/ro\/?p=3816","title":{"rendered":"Viktor Orb\u00e1n: Fidesz suspend\u0103 \u00een mod unilateral exercitarea drepturilor sale \u00een Partidul Popular European"},"content":{"rendered":"<p><a href=\"https:\/\/hatarok-nelkul.com\/ro\/wp-content\/uploads\/2019\/03\/orban-1.jpg\"><img loading=\"lazy\" decoding=\"async\" class=\"alignleft size-thumbnail wp-image-3817\" src=\"https:\/\/hatarok-nelkul.com\/ro\/wp-content\/uploads\/2019\/03\/orban-1-150x150.jpg\" alt=\"\" width=\"150\" height=\"150\" \/><\/a>Fidesz suspend\u0103 \u00een mod unilateral exercitarea drepturilor sale \u00een cadrul Partidului Popular European (PPE), p\u00e2n\u0103 \u00een momentul finaliz\u0103rii raportului comisiei tripartite, solicitat de PPE, a anun\u0163at, miercuri, premierul ungar Viktor Orb\u00e1n, pre\u015fedintele Fidesz, \u00eentr-o conferin\u0163\u0103 de pres\u0103 interna\u0163ional\u0103, sus\u0163inut\u0103 dup\u0103 reuniunea politic\u0103 a PPE, conferin\u0163\u0103 difuzat\u0103 \u00een direct pe postul public de \u015ftiri M1.<\/p>\n<p>PPE a invitat trei \u00een\u0163elep\u0163i s\u0103 realizeze un raport, iar \u00een baza acestuia se va putea decide care va fi, pe termen mai lung, viitorul Partidului Popular, respectiv al rela\u0163iei dintre acesta \u015fi Fidesz, a spus Viktor Orb\u00e1n, care a numit instituirea acestei comisii, o solu\u0163ie viabil\u0103.<\/p>\n<p>\u201cNoi nu putem fi nici exclu\u015fi, nici suspenda\u0163i, am c\u00e2\u015ftigat patru alegeri din voin\u0163a cet\u0103\u0163enilor maghiari. La ultimele trei<br \/>\nalegeri pentru Parlamentul European am ob\u0163inut 47, 56 \u015fi 52%. \u00cen mod evident, un asemenea partid nu \u00ee\u015fi poate permite s\u0103 fie suspendat sau exclus; mai bine se ridic\u0103 de la mas\u0103 \u015fi pleac\u0103 singur\u201d, a spus pre\u015fedintele Fidesz.<\/p>\n<p>Viktor Orb\u00e1n a spus: am ales solu\u0163ia \u00een care, p\u00e2n\u0103 cei trei \u00een\u0163elep\u0163i vor finaliza raportul solicitat, noi \u201cs\u0103 ne suspend\u0103m<br \/>\nsinguri, \u00een mod unilateral, exercitarea drepturilor \u015fi s\u0103 a\u015ftept\u0103m raportul acestor trei oameni, iar mai apoi s\u0103 ne a\u015fez\u0103m din nou la discu\u0163ii cu PPE\u201d.<\/p>\n<p>\u015eeful guvernului de la Budapesta a subliniat c\u0103 politica Ungariei este neschimbat\u0103 \u015fi c\u0103 acest lucru a fost f\u0103cut clar \u015fi \u00een<br \/>\ncadrul adun\u0103rii generale politice a PPE. Potrivit prim-ministrului, acest lucru se refer\u0103 la faptul c\u0103 Ungaria dore\u015fte o Europ\u0103 puternic\u0103, o Uniune European\u0103 puternic\u0103, nu \u00ee\u015fi schimb\u0103 politica de imigrare \u015fi prive\u015fte drept o prioritate protejarea Europei cre\u015ftine \u015fi a culturii cre\u015ftine.<\/p>\n<p>Sursa: MTI<\/p>\n<p>Foto:Index.hu<\/p>\n","protected":false},"excerpt":{"rendered":"<p>Fidesz suspend\u0103 \u00een mod unilateral exercitarea drepturilor sale \u00een cadrul Partidului Popular European (PPE), p\u00e2n\u0103 \u00een momentul finaliz\u0103rii raportului comisiei tripartite, solicitat de <\/p>\n","protected":false},"author":1,"featured_media":3817,"comment_status":"open","ping_status":"open","sticky":false,"template":"","format":"standard","meta":{"footnotes":""},"categories":[29],"tags":[1506,161,37,1504,1505,36,1503],"class_list":["post-3816","post","type-post","status-publish","format-standard","has-post-thumbnail","hentry","category-externe","tag-comisie-tripartite","tag-fidesz","tag-hatarok-nelkul-com","tag-in-ppe","tag-raport","tag-stiri-fara-frontiere","tag-suspenda-unilateral-exercitarea-drepturilor"],"_links":{"self":[{"href":"https:\/\/hatarok-nelkul.com\/ro\/index.php?rest_route=\/wp\/v2\/posts\/3816","targetHints":{"allow":["GET"]}}],"collection":[{"href":"https:\/\/hatarok-nelkul.com\/ro\/index.php?rest_route=\/wp\/v2\/posts"}],"about":[{"href":"https:\/\/hatarok-nelkul.com\/ro\/index.php?rest_route=\/wp\/v2\/types\/post"}],"author":[{"embeddable":true,"href":"https:\/\/hatarok-nelkul.com\/ro\/index.php?rest_route=\/wp\/v2\/users\/1"}],"replies":[{"embeddable":true,"href":"https:\/\/hatarok-nelkul.com\/ro\/index.php?rest_route=%2Fwp%2Fv2%2Fcomments&post=3816"}],"version-history":[{"count":2,"href":"https:\/\/hatarok-nelkul.com\/ro\/index.php?rest_route=\/wp\/v2\/posts\/3816\/revisions"}],"predecessor-version":[{"id":3819,"href":"https:\/\/hatarok-nelkul.com\/ro\/index.php?rest_route=\/wp\/v2\/posts\/3816\/revisions\/3819"}],"wp:featuredmedia":[{"embeddable":true,"href":"https:\/\/hatarok-nelkul.com\/ro\/index.php?rest_route=\/wp\/v2\/media\/3817"}],"wp:attachment":[{"href":"https:\/\/hatarok-nelkul.com\/ro\/index.php?rest_route=%2Fwp%2Fv2%2Fmedia&parent=3816"}],"wp:term":[{"taxonomy":"category","embeddable":true,"href":"https:\/\/hatarok-nelkul.com\/ro\/index.php?rest_route=%2Fwp%2Fv2%2Fcategories&post=3816"},{"taxonomy":"post_tag","embeddable":true,"href":"https:\/\/hatarok-nelkul.com\/ro\/index.php?rest_route=%2Fwp%2Fv2%2Ftags&post=3816"}],"curies":[{"name":"wp","href":"https:\/\/api.w.org\/{rel}","templated":true}]}}