{"id":3826,"date":"2019-03-25T07:16:01","date_gmt":"2019-03-25T05:16:01","guid":{"rendered":"http:\/\/hatarok-nelkul.com\/ro\/?p=3826"},"modified":"2019-03-25T07:17:28","modified_gmt":"2019-03-25T05:17:28","slug":"istvan-csomortanyi-este-noul-presedinte-al-partidului-popular-maghiar-din-transilvania","status":"publish","type":"post","link":"https:\/\/hatarok-nelkul.com\/ro\/?p=3826","title":{"rendered":"Istv\u00e1n Csomort\u00e1nyi este noul pre\u015fedinte al Partidului Popular Maghiar din Transilvania"},"content":{"rendered":"<p><a href=\"https:\/\/hatarok-nelkul.com\/ro\/wp-content\/uploads\/2019\/03\/Csomortanyi.jpg\"><img loading=\"lazy\" decoding=\"async\" class=\"alignleft size-thumbnail wp-image-3827\" src=\"https:\/\/hatarok-nelkul.com\/ro\/wp-content\/uploads\/2019\/03\/Csomortanyi-150x150.jpg\" alt=\"\" width=\"150\" height=\"150\" \/><\/a>Adunarea delega\u0163iilor Partidului Popular Maghiar din Transilvania (PPMT), care a avut loc s\u00e2mb\u0103t\u0103, la Oradea, l-a ales pe Istv\u00e1n Csomort\u00e1nyi drept noul pre\u015fedinte al PPMT.<\/p>\n<p>Istv\u00e1n Csomort\u00e1nyi a c\u00e2\u015ftigat dup\u0103 o lupt\u0103 str\u00e2ns\u0103 cu vicepre\u015fedintele PPMT, S\u00e1ndor So\u00f3s, \u015fi el candidat pentru aceea\u015fi func\u0163ie. Astfel, din cele 170 de voturi exprimate Csomort\u00e1nyi a ob\u0163inut 84 de voturi, iar So\u00f3s 83. Trei voturi au fost anulate.<\/p>\n<p>Pre\u015fedintele forma\u0163iunii aflat la final de mandat, Zsolt Szil\u00e1gyi, precum \u015fi pre\u015fedintele executiv al PPMT, Tibor T. Tor\u00f3, s-au retras din curs\u0103 \u00een favoarea lui Csomort\u00e1nyi.<\/p>\n<p>Istv\u00e1n Csomort\u00e1nyi, \u00een v\u00e2rst\u0103 de 36 de ani, \u015fi-a \u00eenceput activitatea \u00een via\u0163a public\u0103 \u00een urm\u0103 cu 15 ani, \u00een cadrul Asocia\u0163iei Tinerii Maghiari din Transilvania (EMI), iar din 2012 a condus p\u00e2n\u0103 \u00een prezent filiala Bihor a PPMT.<\/p>\n<p>Sursa: MTI<\/p>\n<p>Traducerea:P\u00e9terfy T\u00fcnde<\/p>\n<p>Foto:Maszol<\/p>\n","protected":false},"excerpt":{"rendered":"<p>Adunarea delega\u0163iilor Partidului Popular Maghiar din Transilvania (PPMT), care a avut loc s\u00e2mb\u0103t\u0103, la Oradea, l-a ales pe Istv\u00e1n Csomort\u00e1nyi drept noul pre\u015fedinte <\/p>\n","protected":false},"author":1,"featured_media":3827,"comment_status":"open","ping_status":"open","sticky":false,"template":"","format":"standard","meta":{"footnotes":""},"categories":[125],"tags":[1514,37,1512,753,1513,1515,36],"class_list":["post-3826","post","type-post","status-publish","format-standard","has-post-thumbnail","hentry","category-interne","tag-adunarea-delegatiilor-partidului","tag-hatarok-nelkul-com","tag-istvan-csomortanyi","tag-ppmt","tag-presedinte-ales","tag-reuniunea-oradea","tag-stiri-fara-frontiere"],"_links":{"self":[{"href":"https:\/\/hatarok-nelkul.com\/ro\/index.php?rest_route=\/wp\/v2\/posts\/3826","targetHints":{"allow":["GET"]}}],"collection":[{"href":"https:\/\/hatarok-nelkul.com\/ro\/index.php?rest_route=\/wp\/v2\/posts"}],"about":[{"href":"https:\/\/hatarok-nelkul.com\/ro\/index.php?rest_route=\/wp\/v2\/types\/post"}],"author":[{"embeddable":true,"href":"https:\/\/hatarok-nelkul.com\/ro\/index.php?rest_route=\/wp\/v2\/users\/1"}],"replies":[{"embeddable":true,"href":"https:\/\/hatarok-nelkul.com\/ro\/index.php?rest_route=%2Fwp%2Fv2%2Fcomments&post=3826"}],"version-history":[{"count":1,"href":"https:\/\/hatarok-nelkul.com\/ro\/index.php?rest_route=\/wp\/v2\/posts\/3826\/revisions"}],"predecessor-version":[{"id":3828,"href":"https:\/\/hatarok-nelkul.com\/ro\/index.php?rest_route=\/wp\/v2\/posts\/3826\/revisions\/3828"}],"wp:featuredmedia":[{"embeddable":true,"href":"https:\/\/hatarok-nelkul.com\/ro\/index.php?rest_route=\/wp\/v2\/media\/3827"}],"wp:attachment":[{"href":"https:\/\/hatarok-nelkul.com\/ro\/index.php?rest_route=%2Fwp%2Fv2%2Fmedia&parent=3826"}],"wp:term":[{"taxonomy":"category","embeddable":true,"href":"https:\/\/hatarok-nelkul.com\/ro\/index.php?rest_route=%2Fwp%2Fv2%2Fcategories&post=3826"},{"taxonomy":"post_tag","embeddable":true,"href":"https:\/\/hatarok-nelkul.com\/ro\/index.php?rest_route=%2Fwp%2Fv2%2Ftags&post=3826"}],"curies":[{"name":"wp","href":"https:\/\/api.w.org\/{rel}","templated":true}]}}