{"id":3874,"date":"2019-04-11T09:07:05","date_gmt":"2019-04-11T06:07:05","guid":{"rendered":"http:\/\/hatarok-nelkul.com\/ro\/?p=3874"},"modified":"2019-04-11T10:08:25","modified_gmt":"2019-04-11T07:08:25","slug":"cns-doreste-sa-inceapa-strangerea-semnaturilor-de-sustinere-a-initiativei-privind-regiunile-nationale-pe-data-de-11-mai","status":"publish","type":"post","link":"https:\/\/hatarok-nelkul.com\/ro\/?p=3874","title":{"rendered":"CNS dore\u015fte s\u0103 \u00eenceap\u0103 str\u00e2ngerea semn\u0103turilor de sus\u0163inere a ini\u0163iativei privind regiunile na\u0163ionale pe data de 11 mai"},"content":{"rendered":"<p><a href=\"https:\/\/hatarok-nelkul.com\/ro\/wp-content\/uploads\/2019\/04\/b.izsak_.jpg\"><img loading=\"lazy\" decoding=\"async\" class=\"alignleft size-thumbnail wp-image-3875\" src=\"https:\/\/hatarok-nelkul.com\/ro\/wp-content\/uploads\/2019\/04\/b.izsak_-150x150.jpg\" alt=\"\" width=\"150\" height=\"150\" \/><\/a>\u00cen data de 11 mai, \u00een cadrul unui program tradi\u0163ional secuiesc, care va fi organizat \u00een aer liber,\u00a0 la Ghindari, Consiliul Na\u0163ional Secuiesc (CNS) va lansa campania de str\u00e2ngere de semn\u0103turi \u00een vederea sus\u0163inerii ini\u0163iativei cet\u0103\u0163ene\u015fti europene privind regiunile na\u0163ionale, a informat pre\u015fedintele CNS, Bal\u00e1zs Izs\u00e1k, la o conferin\u0163\u0103 de pres\u0103 sus\u0163inut\u0103 miercuri, la Sf\u00e2ntu Gheorghe, \u00eempreun\u0103 cu pre\u015fedintele ales \u00een luna martie al Partidului Popular Maghiar din Transilvania (PPMT), Istv\u00e1n Csomort\u00e1nyi.<\/p>\n<p>Bal\u00e1zs Izs\u00e1k a amintit: Curtea de Justi\u0163ie a Uniunii Europene a anulat pe 7 mai decizia Comisiei Europene care a respins \u00eenregistrarea ini\u0163iativei cet\u0103\u0163ene\u015fti europene propus\u0103 de CNS, iar Executivul de la Bruxelles are acum la dispozi\u0163ie dou\u0103 luni pentru rezolvarea situa\u0163iei. Pre\u015fedintele CNS \u015fi-a exprimat \u00eencrederea c\u0103 Executivul de la Bruxelles va \u00eenregistra aceast\u0103 ini\u0163iativ\u0103 \u00eenainte de 7 mai, ceea ce va \u00eensemna c\u0103 va putea \u00eencepe str\u00e2ngerea a unui milion de semn\u0103turi europene.<\/p>\n<p>Bal\u00e1zs Izs\u00e1k a precizat c\u0103 \u00eenainte de pronun\u0163area sentin\u0163ei de c\u0103tre Curtea de la Luxemburg, care a dat und\u0103 verde ini\u0163iativei cet\u0103\u0163ene\u015fti, a discutat \u015fi cu pre\u015fedintele Partidului Civic Maghiar (PCM), J\u00e1nos Mezei, precum \u015fi cu pre\u015fedintele Uniunii Democrate Maghiare din Rom\u00e2nia. Din partea lui Hunor Kelemen a primit o informa\u0163ii foarte utile din experien\u0163a acumulat\u0103 \u00een timpul str\u00e2ngerii de semn\u0103turi pentru sus\u0163inerea ini\u0163iativei Minority SafePack. CNS va face tot posibilul ca \u00eenregistrarea ini\u0163iativei de c\u0103tre Comisia European\u0103 s\u0103 \u00eei g\u0103seasc\u0103 preg\u0103ti\u0163i pentru \u00eenceperea campaniei de str\u00e2ngere a semn\u0103turilor, a ad\u0103ugat Bal\u00e1zs Izs\u00e1k, care a mai spus c\u0103 \u00een compara\u0163ie cu ini\u0163iativa cet\u0103\u0163eneasc\u0103 european\u0103 Minority SafePack, ini\u0163iativa cet\u0103\u0163eneasc\u0103 privind regiunile na\u0163ionale nu se refer\u0103 numai la minorit\u0103\u0163i, ci \u015fi la regiuni. CNS se a\u015fteapt\u0103 la semn\u0103turi de sus\u0163inere mai ales din \u0163\u0103rile \u00een care \u00een ultimii 50 de ani s-au format mi\u015fc\u0103ri etnoregionaliste. &#8220;Aici ne g\u00e2ndim la regiuni care au fost definite prin cultura popula\u0163iei care tr\u0103ie\u015fte acolo, iar interesele regiunilor \u015fi ale popula\u0163iei converg. Un astfel de teritoriu este \u015fi \u0162inutul Secuiesc&#8221;, a subliniat Bal\u00e1zs Izs\u00e1k.<\/p>\n<p>La r\u00e2ndul s\u0103u, Istv\u00e1n Csomort\u00e1nyi a declarat: PPMT se va lansa cu \u00eentregul s\u0103u apart \u00een campania de str\u00e2ngere de semn\u0103turi \u015fi \u00ee\u015fi va mobiliza \u015fi rela\u0163iile sale externe. &#8220;Partidul Popular Maghiar din Transilvania este membru al Alian\u0163ie Libere Europene (EFA), iar la ultima reuniune a conducerii EFA a fost adoptat\u0103 o hot\u0103r\u00e2re, la propunere PPMT, potrivit c\u0103reia aceast\u0103 alian\u0163\u0103 european\u0103 va recomanda organiza\u0163iilor sale membre sus\u0163inerea ini\u0163iativei cet\u0103\u0163ene\u015fti&#8221;, a precizat pre\u015fedintele PPMT, care a ad\u0103ugat c\u0103 domnia sa \u00eendepline\u015fte \u015fi func\u0163ia de vicepre\u015fedinte al Consiliului de Autonomiei Partiumului \u015fi a sesizat c\u0103 aceast\u0103 ini\u0163iativ\u0103 ar putea fi util\u0103 \u015fi pentru maghiarii din Partium \u015fi din zona C\u0103latei.<\/p>\n<p>Aceast\u0103 ini\u0163iativ\u0103 nu se refer\u0103 doar la principii, ci \u015fi la posibilit\u0103\u0163ile de accesare a fondurilor de coeziune, a\u015fadar este vorba \u015fi de bani, a spus pre\u015fedintele PPMT, care a ad\u0103ugat c\u0103 ini\u0163iativa privind regiunile na\u0163ionale are o importan\u0163\u0103 major\u0103, deoarece\u00a0 dup\u0103 ini\u0163iativa Minority SafePack, aceasta va \u00eenscrie din nou\u0103 pe ordinea de zi a UE cauza comunit\u0103\u0163ilor na\u0163ionale, iar astfel va fi permanentizat\u0103 presiunea exercitat\u0103 asupra guvernele care vor s\u0103 treac\u0103 cu vederea chestiunea minorit\u0103\u0163ilor. Cei care au depus ini\u0163iativa cet\u0103\u0163eneasc\u0103 european\u0103 privind regiunile na\u0163ionale au propus ca UE s\u0103 abordeze \u00een politica sa de coeziune cu o aten\u0163ie aparte acele regiuni care se diferen\u0163eaz\u0103 din punct de vedere na\u0163ional, etnic, cultural, religios \u015fi lingvistic de celelalte regiuni aflate \u00een jurul lor.De men\u0163ionat c\u0103 \u00een 2013, Comisia European\u0103 a decis c\u0103 ini\u0163iativa privind regiunile na\u0163ionale nu intr\u0103 \u00een competen\u0163a sa \u015fi a respins \u00eenregistrarea acesteia. Hot\u0103r\u00e2rea Comisiei Europene a fost atacat\u0103 la Curtea de Justi\u0163ie a UE de pre\u015fedintele CNS \u015fi de \u00eens\u0103rcinatul special al CNS, Attila Dabis. Decizia Comisiei Europene de a respinge \u00eenregistrarea ini\u0163iativei a fost anulat\u0103 de Curtea European\u0103 \u00een data de 7 martie 2019.<\/p>\n<p>Sursa:MTI<\/p>\n<p>Foto:Kr\u00f3nika<\/p>\n","protected":false},"excerpt":{"rendered":"<p>\u00cen data de 11 mai, \u00een cadrul unui program tradi\u0163ional secuiesc, care va fi organizat \u00een aer liber,\u00a0 la Ghindari, Consiliul Na\u0163ional Secuiesc <\/p>\n","protected":false},"author":1,"featured_media":3875,"comment_status":"open","ping_status":"open","sticky":false,"template":"","format":"standard","meta":{"footnotes":""},"categories":[125],"tags":[1541,19,37,1540,1542,17,753,1543,36,629],"class_list":["post-3874","post","type-post","status-publish","format-standard","has-post-thumbnail","hentry","category-interne","tag-11-mai","tag-cns","tag-hatarok-nelkul-com","tag-incepe","tag-initiativa","tag-izsak-balazs","tag-ppmt","tag-regiunile-nationale","tag-stiri-fara-frontiere","tag-strangere-de-semnaturi"],"_links":{"self":[{"href":"https:\/\/hatarok-nelkul.com\/ro\/index.php?rest_route=\/wp\/v2\/posts\/3874","targetHints":{"allow":["GET"]}}],"collection":[{"href":"https:\/\/hatarok-nelkul.com\/ro\/index.php?rest_route=\/wp\/v2\/posts"}],"about":[{"href":"https:\/\/hatarok-nelkul.com\/ro\/index.php?rest_route=\/wp\/v2\/types\/post"}],"author":[{"embeddable":true,"href":"https:\/\/hatarok-nelkul.com\/ro\/index.php?rest_route=\/wp\/v2\/users\/1"}],"replies":[{"embeddable":true,"href":"https:\/\/hatarok-nelkul.com\/ro\/index.php?rest_route=%2Fwp%2Fv2%2Fcomments&post=3874"}],"version-history":[{"count":3,"href":"https:\/\/hatarok-nelkul.com\/ro\/index.php?rest_route=\/wp\/v2\/posts\/3874\/revisions"}],"predecessor-version":[{"id":3878,"href":"https:\/\/hatarok-nelkul.com\/ro\/index.php?rest_route=\/wp\/v2\/posts\/3874\/revisions\/3878"}],"wp:featuredmedia":[{"embeddable":true,"href":"https:\/\/hatarok-nelkul.com\/ro\/index.php?rest_route=\/wp\/v2\/media\/3875"}],"wp:attachment":[{"href":"https:\/\/hatarok-nelkul.com\/ro\/index.php?rest_route=%2Fwp%2Fv2%2Fmedia&parent=3874"}],"wp:term":[{"taxonomy":"category","embeddable":true,"href":"https:\/\/hatarok-nelkul.com\/ro\/index.php?rest_route=%2Fwp%2Fv2%2Fcategories&post=3874"},{"taxonomy":"post_tag","embeddable":true,"href":"https:\/\/hatarok-nelkul.com\/ro\/index.php?rest_route=%2Fwp%2Fv2%2Ftags&post=3874"}],"curies":[{"name":"wp","href":"https:\/\/api.w.org\/{rel}","templated":true}]}}