{"id":3963,"date":"2019-05-15T12:37:52","date_gmt":"2019-05-15T09:37:52","guid":{"rendered":"http:\/\/hatarok-nelkul.com\/ro\/?p=3963"},"modified":"2019-05-15T12:42:54","modified_gmt":"2019-05-15T09:42:54","slug":"presa-iezuita-din-america-despre-semnificatiile-vizitei-papei-la-sumuleu-ciuc","status":"publish","type":"post","link":"https:\/\/hatarok-nelkul.com\/ro\/?p=3963","title":{"rendered":"Presa iezuit\u0103 din America despre semnifica\u021biile vizitei Papei la \u0218umuleu-Ciuc"},"content":{"rendered":"<p><a href=\"https:\/\/hatarok-nelkul.com\/ro\/wp-content\/uploads\/2019\/05\/America.jpg\"><img loading=\"lazy\" decoding=\"async\" class=\"alignleft size-thumbnail wp-image-3964\" src=\"https:\/\/hatarok-nelkul.com\/ro\/wp-content\/uploads\/2019\/05\/America-150x138.jpg\" alt=\"\" width=\"150\" height=\"138\" \/><\/a>Slujba de la \u0218umuleu-Ciuc, planificat\u0103 a avea loc \u00een aer liber, ar putea atrage 500 de mii de persoane; predica papei va fi tradus\u0103 \u00een limba maghiar\u0103. Marc Roscoe Loustau, un scriitor catolic ale c\u0103rui lucr\u0103ri apar \u00een revista iezuit\u0103 \u201e<em>America\u201d<\/em>, avertizeaz\u0103 asupra faptului c\u0103 oficiali ungari ar putea \u201e\u00eencerca s\u0103 exploateze vizita Papei Francisc \u00een Rom\u00e2nia, de la finele lunii mai, pentru a \u00eencuraja atitudini ostile fa\u021b\u0103 de migran\u021bi \u0219i refugia\u021bi\u201d.<\/p>\n<p>Conducerea catolic\u0103 ungar\u0103 \u00eel sprijin\u0103 ferm pe Orb\u00e1n, \u00een fapt, evenimentele organizate de biserici servesc drept unelte politice pentru transmiterea mesajelor na\u021bionaliste ale acestuia, \u00een Bazinul Carpatic.<\/p>\n<p>Papa Francisc va vizita Rom\u00e2nia \u0219i este planificat s\u0103 celebreze o slujb\u0103 religioas\u0103 \u00een aer liber \u00een data de 1 iunie 2019, la altarul Doamnei Noastre din \u0218umuleu-Ciuc, Rom\u00e2nia. Acesta este un loc istoric al secuilor, o minoritate vorbitoare de limb\u0103 maghiar\u0103, majoritar catolic\u0103, din Rom\u00e2nia.<\/p>\n<p>Oficiali ai guvernului ungar particip\u0103 \u00een mod frecvent la pelerinajul anual. Doar aproximativ 5% din popula\u021bia Rom\u00e2niei este catolic\u0103 \u0219i mai pu\u021bin de jum\u0103tate din popula\u021bia vorbitoare de maghiar\u0103 sunt credincio\u0219i catolici, restul fiind reforma\u021bi, unitarieni \u0219i ortodoc\u0219i.<\/p>\n<p>\u00centr-adev\u0103r, catolicii pro Orb\u00e1n \u00ee\u0219i doresc s\u0103 transforme acest eveniment \u00eentr-un spectacol na\u021bionalist. Publica\u021bia iezuit\u0103 manifest\u0103 \u00eengrijorare asupra faptului c\u0103, de\u0219i \u201emul\u021bi maghiari vor merge la \u0218umuleu-Ciuc ca s\u0103 se roage \u0219i s\u0103 cear\u0103 ajutorul Fecioarei Maria,\u00a0 al\u021bii vor fi m\u00e2na\u021bi de motiva\u021bii politice, care contrazic flagrant \u00eenv\u0103\u021b\u0103turile sociale catolice.\u201d Orb\u00e1n este \u00eempotriva a tot ceea ce Papa Francisc sus\u021bine, ca de exemplu momentul binecunoscut \u00een care a iniziteuivitat un grup de refugia\u021bi sirieni la bordul avionului s\u0103u spre Roma. Pre\u0219edintele Ungariei, J\u00e1nos \u00c1der, \u0219i-a anun\u021bat deja prezen\u021ba la \u0218umuleu-Ciuc; Orb\u00e1n nu a anun\u021bat \u00eenc\u0103 nimic despre planurile sale.<\/p>\n<p>Loustau indic\u0103 faptul c\u0103 nu to\u021bi oficialii catolici ungari sunt \u201e\u00een largul lor s\u0103 se adune cu populi\u0219ti de dreapta.\u201d Cu c\u00e2teva s\u0103pt\u0103m\u00e2ni \u00een urm\u0103, conducerea catolic\u0103 din \u0218umuleu-Ciuc a intrat \u00eentr-un conflict cu activi\u0219ti, \u00een momentul \u00een care au pus presiune asupra preotului pentru a sus\u021bine un \u201eritual cvasi-politic\u201d dup\u0103 Sf\u00e2nta Liturghie.<\/p>\n<p>Iezui\u021bii ungari pro Orb\u00e1n s-au sim\u021bit nedrept\u0103\u021bi\u021bi de articolul lui Loustau. Liderul iezui\u021bilor din Ungaria este Elem\u00e9r Vizi, un etnic maghiar n\u0103scut \u00een Rom\u00e2nia, \u00een Miercurea Ciuc, nu departe de locul pelerinajului. Compania lui Isus (numele Ordinului Iezuit \u2013 n.r.) din Ungaria a emis o declara\u021bie ie\u0219it\u0103 din comun, acuz\u00e2ndu-l pe Loustau de faptul c\u0103 se folose\u0219te de vizita Papei pentru a-\u0219i promova propria \u201eagend\u0103 politic\u0103\u201d.<\/p>\n<p>Papa Francisc va ajunge \u00een Bucure\u0219ti, Rom\u00e2nia, \u00een data de 31 mai \u0219i se va \u00eent\u00e2lni cu deciden\u021bi din stat, precum \u0219i religio\u0219i. \u00cen data de 1 iunie, Papa Francisc va c\u0103l\u0103tori la \u0218umuleu-Ciuc, iar \u00een data de 2 iunie, la Blaj, va participa la beatificarea episcopilor greco-catolici martiri \u00een timpul regimului comunist. Tot la Blaj se va \u00eent\u00e2lni \u0219i cu membri ai comunit\u0103\u021bii locale de romi.<\/p>\n<p>Men\u0163ion\u0103m c\u0103 magazinul iezuit, intitulat America \u2013The Jesuit Review, apare din 1909, iar redac\u0163ia publica\u0163iei se afl\u0103 \u00een Manhattan, statul New York. Publica\u0163ia a fost \u00een totdeauna reprezentanta ramurii liberale a catolicismului. Ziarul american Washington Post astfel a scris odat\u0103 despre acest magazin: <em>\u201eeste publica\u0163ia preferat\u0103 a intelectualilor liberali catolici\u201d. <\/em>\u00cen perioada 1998-2005, c\u00e2nd redactorul-\u015fef al magazinului era Thomas J. Reese, ziarul a fost cunoscut mai ales pentru c\u0103, \u00een ciuda profilului s\u0103u catolic, \u00een multe subiecte a reprezentat o pozi\u0163ie contrar\u0103 cu \u00eenv\u0103\u0163\u0103turile oficiale ale Bisericii Catolice.<\/p>\n<p>Sursa: G4Media.ro<\/p>\n<p>Foto:Facebook<\/p>\n<p>&nbsp;<\/p>\n","protected":false},"excerpt":{"rendered":"<p>Slujba de la \u0218umuleu-Ciuc, planificat\u0103 a avea loc \u00een aer liber, ar putea atrage 500 de mii de persoane; predica papei va fi <\/p>\n","protected":false},"author":1,"featured_media":3964,"comment_status":"open","ping_status":"open","sticky":false,"template":"","format":"standard","meta":{"footnotes":""},"categories":[29],"tags":[1618,1620,37,124,1617,1621,1394,1616,1619,1622,36],"class_list":["post-3963","post","type-post","status-publish","format-standard","has-post-thumbnail","hentry","category-externe","tag-autor","tag-exploatarea-vizitei-suveranuljui-pontif","tag-hatarok-nelkul-com","tag-imigranti","tag-importanta-vizitei-papei-francisc","tag-incurajarea-atitutini-ostile","tag-la-sumuleu-ciuc","tag-magazinul-iezuit-america","tag-marc-roscoe-loustau","tag-refugiati","tag-stiri-fara-frontiere"],"_links":{"self":[{"href":"https:\/\/hatarok-nelkul.com\/ro\/index.php?rest_route=\/wp\/v2\/posts\/3963","targetHints":{"allow":["GET"]}}],"collection":[{"href":"https:\/\/hatarok-nelkul.com\/ro\/index.php?rest_route=\/wp\/v2\/posts"}],"about":[{"href":"https:\/\/hatarok-nelkul.com\/ro\/index.php?rest_route=\/wp\/v2\/types\/post"}],"author":[{"embeddable":true,"href":"https:\/\/hatarok-nelkul.com\/ro\/index.php?rest_route=\/wp\/v2\/users\/1"}],"replies":[{"embeddable":true,"href":"https:\/\/hatarok-nelkul.com\/ro\/index.php?rest_route=%2Fwp%2Fv2%2Fcomments&post=3963"}],"version-history":[{"count":4,"href":"https:\/\/hatarok-nelkul.com\/ro\/index.php?rest_route=\/wp\/v2\/posts\/3963\/revisions"}],"predecessor-version":[{"id":3968,"href":"https:\/\/hatarok-nelkul.com\/ro\/index.php?rest_route=\/wp\/v2\/posts\/3963\/revisions\/3968"}],"wp:featuredmedia":[{"embeddable":true,"href":"https:\/\/hatarok-nelkul.com\/ro\/index.php?rest_route=\/wp\/v2\/media\/3964"}],"wp:attachment":[{"href":"https:\/\/hatarok-nelkul.com\/ro\/index.php?rest_route=%2Fwp%2Fv2%2Fmedia&parent=3963"}],"wp:term":[{"taxonomy":"category","embeddable":true,"href":"https:\/\/hatarok-nelkul.com\/ro\/index.php?rest_route=%2Fwp%2Fv2%2Fcategories&post=3963"},{"taxonomy":"post_tag","embeddable":true,"href":"https:\/\/hatarok-nelkul.com\/ro\/index.php?rest_route=%2Fwp%2Fv2%2Ftags&post=3963"}],"curies":[{"name":"wp","href":"https:\/\/api.w.org\/{rel}","templated":true}]}}