{"id":4023,"date":"2019-06-06T21:49:37","date_gmt":"2019-06-06T18:49:37","guid":{"rendered":"http:\/\/hatarok-nelkul.com\/ro\/?p=4023"},"modified":"2019-06-07T21:56:29","modified_gmt":"2019-06-07T18:56:29","slug":"ziua-armatei-ungare-sarbatorita-la-bucuresti-22-mai-2019","status":"publish","type":"post","link":"https:\/\/hatarok-nelkul.com\/ro\/?p=4023","title":{"rendered":"Ziua Armatei Ungare, s\u0103rb\u0103torit\u0103 la Bucure\u015fti (22 Mai 2019)"},"content":{"rendered":"<p><a href=\"https:\/\/hatarok-nelkul.com\/ro\/wp-content\/uploads\/2019\/06\/koszoruk-es-katonak.jpg\"><img loading=\"lazy\" decoding=\"async\" class=\"alignleft size-thumbnail wp-image-4026\" src=\"https:\/\/hatarok-nelkul.com\/ro\/wp-content\/uploads\/2019\/06\/koszoruk-es-katonak-150x150.jpg\" alt=\"\" width=\"150\" height=\"150\" \/><\/a>Militari, ofi\u0163eri de armat\u0103, diploma\u0163i, civili \u015fi elevi. Maghiari \u015fi rom\u00e2ni. A\u015fteptare\u2026Trompeta r\u0103sun\u0103\u2026 Sose\u015fte ambasadorul Ungariei la Bucure\u015fti, Botond Z\u00e1konyi. Garda militar\u0103 prezint\u0103 onorul, apoi sunt intonate imnurile na\u0163ionale ale Ungariei \u015fi Rom\u00e2niei \u2013 \u015fi toate acestea se \u00eent\u00e2mpl\u0103 la cimitirul Bisericii Reformate \u201cCalvineum\u201d din Bucure\u015fti, pe parcela erorilor ungari, unde de peste zece ani, \u00een fiecare luna mai, comunitatea maghiar\u0103 bucure\u015ftean\u0103 aduce un omagiu eroilor cu prilejul Zilei Armatei Ungare (21 mai).<\/p>\n<p>La \u00eenceputul festivit\u0103\u0163ii, preotul paroh al Bisericii Luterane Maghiare din Capital\u0103, M\u00e1rton Illy\u00e9s, a salutat personalit\u0103\u0163ile de rang \u00eenalt, precum \u015fi pe reprezentan\u0163ii diferitelor institu\u0163ii din Ungaria \u015fi Rom\u00e2nia, ai Corpului Diplomatic, ai Ministerului Ap\u0103r\u0103rii Na\u0163ionale \u015fi ai organiza\u0163iilor de veterani din Bucure\u015fti. Preotul M\u00e1rton Illy\u00e9s i-a mul\u0163umit \u00een mod special Ministerului Ap\u0103r\u0103rii Na\u0163ionale pentru c\u0103 a sprijinit \u015fi \u00een acest an organizarea acestui eveniment comemorativ, la Bucure\u015fti.<\/p>\n<p>\u201cDe Ziua Armatei Ungare ne amintim de eroii ungari din totdeauna \u015fi c\u00e2nd spun \u201cdin totdeauna\u201d nu m\u0103 g\u00e2ndesc doar la timpuri str\u0103vechi, ci m\u0103 g\u00e2ndesc \u015fi la cei care prin ac\u0163iunile lor devotate asigur\u0103 azi, \u00een cadrul opera\u0163iunile militare interna\u0163ionale, pacea nu numai a unui popor, ci a tuturor popoarelor, \u00a0iubitoare de libertate din \u00eentreaga lume. Mul\u0163umim Domnului pentru c\u0103 for\u0163ele armate ale diferitelor \u0163\u0103ri \u00ee\u015fi \u00eendeplinesc azi sarcinile nu ca adversari, ci printr-o colaborare pentru ca popoarele noastre s\u0103 tr\u0103iasc\u0103 \u015fi s\u0103 se dezvolte \u00een lini\u015fte, \u00eentr-o atmosfer\u0103 de \u00een\u0163elegere\u201d, a subliniat preotul M\u00e1rton Illy\u00e9s.<\/p>\n<p>Dup\u0103 acest discurs festiv, cei prezen\u0163i la comemorare au rostit \u00eempreun\u0103 cu glas tare, \u00een limba rom\u00e2n\u0103 \u015fi maghiar\u0103, rug\u0103ciunea Domnului Isus \u201cTat\u0103l nostru\u201d, dup\u0103 care au avut loc depuneri de coroane de flori.<\/p>\n<p>La monumental ridicat \u00een amintirea erorilor ungari c\u0103zu\u0163i pe teritoriul Rom\u00e2niei a depus coroan\u0103 de flori din partea Ambasadei Ungariei la Bucure\u015fti, ambasadorul Botond Z\u00e1konyi, precum \u015fi ata\u015fatul for\u0163elor armate ungare, colonelul L\u00e1szl\u00f3 Kiss. Din partea Ungariei a mai depus coroan\u0103 de flori generalul de brigad\u0103 Ern\u0151 Bar\u00e1th, de la Ministerul ungar al Ap\u0103r\u0103rii. Prin depunerea coroanelor de flori au adus un omagiu la Monumentul Eroilor ungari reprezentan\u0163ii din partea comandamentului NATO la Bucure\u015fti, ai Ministerului Ap\u0103r\u0103rii Na\u0163ionale al Rom\u00e2niei, ai mai multor ambasade, ai organiza\u0163iei UDMR \u015fi ai Liceului Ady Endre din Bucure\u015fti, precum \u015fi din partea Asocia\u0163iei Culturale Pet\u0151fi S\u00e1ndor \u015fi a Bisericii Reformate \u201cCalvineum\u201d din Bucure\u015fti. De asemenea, prin depunerea florilor piet\u0103\u0163ii au adus un omagiu eroilor ungari c\u0103zu\u0163i pe teritoriul Rom\u00e2niei \u015fi mai mul\u0163i participan\u0163i la comemorare.<\/p>\n<p>La acest eveniment deosebit a adus un omagiu \u015fi Garda de Onoare a Armatei Ungare.<\/p>\n<p>Elevii Liceului Ady Endre din Bucure\u015fti au conferit prin c\u00e2ntece militare o atmosfer\u0103 \u015fi mai c\u0103lduroas\u0103 acestei comemor\u0103ri care a avut loc la Bucure\u015fti cu ocazia Zilei Armatei Ungare \u015fi care anul acesta a fost organizat\u0103 la cel mai \u00eenalt nivel \u00een compara\u0163ie cu celelalte comemor\u0103ri care au avut loc pe parcursul anilor.<\/p>\n<p>\u00cen \u00eencheiere, preotul M\u00e1rton Illy\u00e9s le-a mul\u0163umit celor prezen\u0163i c\u0103 au evocat \u00eempreun\u0103 cu noi amintirea osta\u015filor ungari care \u015fi-au sacrificat via\u0163a \u00een r\u0103zboaie.<\/p>\n<p>\u201cMilostivul Dumnezeu, care ne-a chemat s\u0103-L sl\u0103vim, El \u00eensu\u015fi s\u0103 fac\u0103 ca voi s\u0103 fi\u0163i mai perfec\u0163i, mai puternici \u015fi neclinti\u0163i. Amin\u201d, cu aceste cuvinte s-a \u00eencheiat ceremonia religioas\u0103.<\/p>\n<p>Comemorarea a luat sf\u00e2r\u015fit prin sunetul trompetei.<\/p>\n<p>Dr.Nagy \u00c9va,<\/p>\n<p>curator, Biserica Reformat\u0103 \u201dCalvineum\u201d, Bucure\u0219ti<\/p>\n","protected":false},"excerpt":{"rendered":"<p>Militari, ofi\u0163eri de armat\u0103, diploma\u0163i, civili \u015fi elevi. Maghiari \u015fi rom\u00e2ni. A\u015fteptare\u2026Trompeta r\u0103sun\u0103\u2026 Sose\u015fte ambasadorul Ungariei la Bucure\u015fti, Botond Z\u00e1konyi. Garda militar\u0103 prezint\u0103 <\/p>\n","protected":false},"author":1,"featured_media":4026,"comment_status":"open","ping_status":"open","sticky":false,"template":"","format":"standard","meta":{"footnotes":""},"categories":[125],"tags":[1666,1671,1670,1612,37,1668,1667,1669,1534,36,1665],"class_list":["post-4023","post","type-post","status-publish","format-standard","has-post-thumbnail","hentry","category-interne","tag-cimitirul-reformat-calvineum","tag-civili","tag-diplomati","tag-elevi","tag-hatarok-nelkul-com","tag-militari","tag-monumentul-eroilor","tag-ofiteri-de-armata","tag-sarbatorita-la-bucuresti","tag-stiri-fara-frontiere","tag-ziua-armatei-ungare"],"_links":{"self":[{"href":"https:\/\/hatarok-nelkul.com\/ro\/index.php?rest_route=\/wp\/v2\/posts\/4023","targetHints":{"allow":["GET"]}}],"collection":[{"href":"https:\/\/hatarok-nelkul.com\/ro\/index.php?rest_route=\/wp\/v2\/posts"}],"about":[{"href":"https:\/\/hatarok-nelkul.com\/ro\/index.php?rest_route=\/wp\/v2\/types\/post"}],"author":[{"embeddable":true,"href":"https:\/\/hatarok-nelkul.com\/ro\/index.php?rest_route=\/wp\/v2\/users\/1"}],"replies":[{"embeddable":true,"href":"https:\/\/hatarok-nelkul.com\/ro\/index.php?rest_route=%2Fwp%2Fv2%2Fcomments&post=4023"}],"version-history":[{"count":2,"href":"https:\/\/hatarok-nelkul.com\/ro\/index.php?rest_route=\/wp\/v2\/posts\/4023\/revisions"}],"predecessor-version":[{"id":4027,"href":"https:\/\/hatarok-nelkul.com\/ro\/index.php?rest_route=\/wp\/v2\/posts\/4023\/revisions\/4027"}],"wp:featuredmedia":[{"embeddable":true,"href":"https:\/\/hatarok-nelkul.com\/ro\/index.php?rest_route=\/wp\/v2\/media\/4026"}],"wp:attachment":[{"href":"https:\/\/hatarok-nelkul.com\/ro\/index.php?rest_route=%2Fwp%2Fv2%2Fmedia&parent=4023"}],"wp:term":[{"taxonomy":"category","embeddable":true,"href":"https:\/\/hatarok-nelkul.com\/ro\/index.php?rest_route=%2Fwp%2Fv2%2Fcategories&post=4023"},{"taxonomy":"post_tag","embeddable":true,"href":"https:\/\/hatarok-nelkul.com\/ro\/index.php?rest_route=%2Fwp%2Fv2%2Ftags&post=4023"}],"curies":[{"name":"wp","href":"https:\/\/api.w.org\/{rel}","templated":true}]}}