{"id":4634,"date":"2020-02-19T08:44:09","date_gmt":"2020-02-19T06:44:09","guid":{"rendered":"http:\/\/hatarok-nelkul.com\/ro\/?p=4634"},"modified":"2020-02-19T08:45:44","modified_gmt":"2020-02-19T06:45:44","slug":"continuam","status":"publish","type":"post","link":"https:\/\/hatarok-nelkul.com\/ro\/?p=4634","title":{"rendered":"Continu\u0103m&#8230;"},"content":{"rendered":"<p><a href=\"https:\/\/hatarok-nelkul.com\/ro\/wp-content\/uploads\/2020\/02\/Regenbol-1-600-x-450.jpg\"><img loading=\"lazy\" decoding=\"async\" class=\"alignleft size-thumbnail wp-image-4635\" src=\"https:\/\/hatarok-nelkul.com\/ro\/wp-content\/uploads\/2020\/02\/Regenbol-1-600-x-450-150x150.jpg\" alt=\"\" width=\"150\" height=\"150\" \/><\/a>Dup\u0103 cum se \u015ftie, Uniunea Democrat\u0103 Maghiar\u0103 din Rom\u00e2nia, \u00een 2012 \u015fi-a ini\u0163iat programul \u201eProtectorii Patrimoniului &#8211; Adopt\u0103 un monument\u201d, care face parte din Planul de ac\u0163iune pentru diaspora maghiar\u0103 intern\u0103, \u015fi care se adreseaz\u0103, \u00een primul r\u00e2nd, elevilor \u015fi \u015fcolilor. Obiectivul planului de ac\u0163iune este p\u0103strarea identit\u0103\u0163ii comunit\u0103\u0163ilor maghiare care tr\u0103iesc dispersat \u00een diferite regiuni ale \u0163\u0103rii, asigurarea loca\u0163iilor pentru via\u0163a comunitar\u0103, formarea \u015fi men\u0163inerea sentimentului de solidaritate, ap\u0103rarea \u015fi conservarea mo\u015ftenirii noastre construite. Av\u00e2nd \u00een vedere succesul programului, ini\u0163iatorii au considerat c\u0103 este necesar\u0103 constituirea re\u0163elei \u201eProtectorii Patrimoniului\u201d, \u00een Transilvania, a c\u0103rei scop este, pe de o parte, eficientizarea protec\u0163iei patrimoniului nostru construit \u015fi crearea unei baze pentru elaborarea unei strategii comune, iar pe de alt\u0103 parte, transferarea experien\u0163elor acumulate \u00een cadrul programelor menite s\u0103 contribuie la p\u0103strarea identit\u0103\u0163ii \u015fi dezvolt\u0103rii comunit\u0103\u0163ii maghiare.<\/p>\n<p>Elevii din clasele IX-XI ai Liceului Tehnologoc Lucian Blaga din Reghin, care l-au adoptat, \u00een cadrul programului amintit, Castelul Kem\u00e9ny din Br\u00e2ncovene\u015fti, au avut ocazia, \u00een prim\u0103vara anului 2019, s\u0103 fac\u0103 cuno\u015ftin\u0163\u0103 cu echipa numit\u0103 RE-FORMAT al Gimnaziului Na\u0163ional \u00c1prily Lajos, din Bra\u015fov, \u00een cadrul concursului \u201eProtectorii Patrimoniului\u201d, c\u00e2nd \u00eempreun\u0103 cu ei \u015fi cu elevii Colegiului Unitarian J\u00e1nos Zsigmond din Cluj-Napoca am vizitat Parlamentul European de la Bruxelles. Echipa din Bra\u015fov \u201ea adoptat\u201d Biserica Reformat\u0103 demolat\u0103, situat\u0103 \u00een centrul ora\u015fului, iar echipa din Cluj-Napoca a decis s\u0103 \u201eadopte\u201d M\u0103n\u0103stirea franciscan\u0103 din Cetatea veche. De atunci ne leag\u0103 amintiri frumoase \u015fi s-au format rela\u0163ii str\u00e2nse de prietenie \u00eentre elevi. Am prezentat cl\u0103dirile noastre adoptate \u015fi am \u00eenv\u0103\u0163at mult unii de al\u0163ii \u00een timpul c\u00e2t am stat acolo. Aceast\u0103 rela\u0163ie a devenit \u015fi mai str\u00e2ns\u0103 cu ocazia Festivalului Vibe la care am beneficiat de bilete de intrare. De atunci ne g\u00e2ndim cu drag la prietenii \u015fi colegii no\u015ftrii de competi\u0163ie din Bra\u015fov \u015fi Cluj-Napoca.<\/p>\n<p>Entuziasma\u0163i fiind de frumoasele evenimente care au avut loc anul trecut, continu\u0103m activitatea \u015fi concursul \u015fi \u00een acest an \u015fcolar. Astfel, \u00een perioada 28-29 septembrie 2019, \u00een cadrul Zilelor Castelului Urm\u00e1nczy, am prezentat lucr\u0103ri proprii \u015fi un fragment dintr-o oper\u0103 de rock despre castelele din Topli\u0163a \u015fi Br\u00e2ncovene\u015fti. \u00cen perioada 24-27 octombrie am participat, \u00eempreun\u0103 cu elevii din Keszthely (Ungaria) \u015fi din T\u00e2rgu Mure\u015f, la tab\u0103ra Helikon, av\u00e2nd tematica istorie \u015fi literatur\u0103, care a fost organizat\u0103 la castelul Urm\u00e1nczy. De Ziua tuturor Sfin\u0163ilor am organizat un t\u00e2rg, dup\u0103 stilul lui Auguszta Kem\u00e9ny, precum \u015fi crea\u0163ii literare despre mo\u015ftenirea spiritual\u0103 a castelului. Pe 1 noiembrie am avut ocazia s\u0103 aprindem o lum\u00e2nare la cripta familiei \u00c9ltet\u0151 \u015fi am vizitat conacul-\u00c9ltet\u0151, precum \u015fi morm\u00e2ntul Carolinei (Mumu). Familia \u00c9ltet\u0151 a \u00eentre\u0163inut rela\u0163ii str\u00e2nse cu familia Kem\u00e9ny.<\/p>\n<p>Dup\u0103 care am participat la a 5-a aniversare de deschidere a por\u0163ii castelului. Expozi\u0163ia de pictur\u0103 realizat\u0103 de Dalma Vass, elev\u0103 \u00een clasa a XI-a,Cafeneaua Hard Rock Cafe, ajutorul elevilor voluntari \u00een munca organizatoric\u0103 \u015fi fragmentul din opera de rock a Castelelor noastre, au constituit contribu\u0163ia noastr\u0103 la succesul Zilelor Castelului Urm\u00e1nczy.<\/p>\n<p>Am avut \u015fi o reprezenta\u0163ie \u00een cadrul programului organizat de c\u0103lug\u0103rul franciscan Csaba B\u00f6jte, \u00eempreun\u0103 cu\u00a0 ordinul de dans din S\u00e2mbria\u015f, jude\u0163ul Mure\u015f. Inspir\u00e2ndu-ne din spusele c\u0103lug\u0103rului, am \u00eencercat s\u0103 \u00eei ajut\u0103m pe copii din c\u0103minul de la Ocna de Sus \u015fi de la Casa Curcubeu din Filpi\u015fu Mare, \u015fi am donat c\u0103r\u0163i bibliotecii castelului. Am \u00eencercat s\u0103 cre\u0103m o atmosfer\u0103 c\u0103lduroas\u0103 \u00een castel, astfel c\u0103 am organizat aici zile de lango\u015f, de zacusc\u0103, de gulya\u015f \u015fi sarmale. Am stat de vorb\u0103 cu un culturist, care a ob\u0163inut o medalie la un concurs interna\u0163ional, despre ambi\u0163ie, \u015fi am organizat activit\u0103\u0163i pentru dezvoltarea spiritului de echip\u0103.<\/p>\n<p>\u00cen perioada 21-24 noiembrie a anului trecut, la Reghin, am organizat cu echipa Liceului Teologic Romano-Catolic Gerhardinum din Timi\u015foara o \u00eent\u00e2lnire de schimb de experien\u0163\u0103, sub genericul \u201eS\u0103 construim \u00eempreun\u0103!\u201d, iar \u00een perioada 17-19 ianuarie a acestui an, la Timi\u015foara. Am vizitat monumentele adoptate \u015fi ne-am \u00eembog\u0103\u0163it cu multe experien\u0163e.<\/p>\n<p>De Ziua Limbii Maghiare am \u0163inut ore de limb\u0103 maghiar\u0103 elevilor voluntari, vorbitori de limb\u0103 rom\u00e2n\u0103 \u015fi am organizat \u015fi un program de crea\u0163ie literar\u0103: am spus povestea protectorilor Castelului Kem\u00e9ny. \u00cen Ziua Culturii Maghiare am organizat o parad\u0103 de mod\u0103 cu caracter popular.<\/p>\n<p>\u00cen prezent preg\u0103tim un proiect de mare anvergur\u0103: vrem s\u0103 amenaj\u0103m, una din s\u0103lile castelui, cu diferite roci \u015fi minerale. \u00cen afar\u0103 de aceasta, am montat o oper\u0103 de rock pe care am prezentat-o deja \u00een trei locuri. Avem \u00een proiect \u015fi realizarea unui videoclip despre forma\u0163ia Tit\u00e1n.<\/p>\n<p>Dac\u0103 ave\u0163i posibilitatea, face\u0163i o vizit\u0103 la Castelul Kem\u00e9ny sau intra\u0163i pe pagina noastr\u0103 de Facebook: Kem\u00e9ny Kat\u00e9ly \u0150rei.<\/p>\n<p>dr. \u00c9va Nagy<\/p>\n","protected":false},"excerpt":{"rendered":"<p>Dup\u0103 cum se \u015ftie, Uniunea Democrat\u0103 Maghiar\u0103 din Rom\u00e2nia, \u00een 2012 \u015fi-a ini\u0163iat programul \u201eProtectorii Patrimoniului &#8211; Adopt\u0103 un monument\u201d, care face parte <\/p>\n","protected":false},"author":1,"featured_media":4635,"comment_status":"open","ping_status":"open","sticky":false,"template":"","format":"standard","meta":{"footnotes":""},"categories":[139],"tags":[438,37,2191,529,2190,36,53],"class_list":["post-4634","post","type-post","status-publish","format-standard","has-post-thumbnail","hentry","category-cultura","tag-extindere","tag-hatarok-nelkul-com","tag-in-transilvania","tag-program","tag-protectorii-patrimoniului-adopta-un-monument","tag-stiri-fara-frontiere","tag-udmr"],"_links":{"self":[{"href":"https:\/\/hatarok-nelkul.com\/ro\/index.php?rest_route=\/wp\/v2\/posts\/4634","targetHints":{"allow":["GET"]}}],"collection":[{"href":"https:\/\/hatarok-nelkul.com\/ro\/index.php?rest_route=\/wp\/v2\/posts"}],"about":[{"href":"https:\/\/hatarok-nelkul.com\/ro\/index.php?rest_route=\/wp\/v2\/types\/post"}],"author":[{"embeddable":true,"href":"https:\/\/hatarok-nelkul.com\/ro\/index.php?rest_route=\/wp\/v2\/users\/1"}],"replies":[{"embeddable":true,"href":"https:\/\/hatarok-nelkul.com\/ro\/index.php?rest_route=%2Fwp%2Fv2%2Fcomments&post=4634"}],"version-history":[{"count":1,"href":"https:\/\/hatarok-nelkul.com\/ro\/index.php?rest_route=\/wp\/v2\/posts\/4634\/revisions"}],"predecessor-version":[{"id":4636,"href":"https:\/\/hatarok-nelkul.com\/ro\/index.php?rest_route=\/wp\/v2\/posts\/4634\/revisions\/4636"}],"wp:featuredmedia":[{"embeddable":true,"href":"https:\/\/hatarok-nelkul.com\/ro\/index.php?rest_route=\/wp\/v2\/media\/4635"}],"wp:attachment":[{"href":"https:\/\/hatarok-nelkul.com\/ro\/index.php?rest_route=%2Fwp%2Fv2%2Fmedia&parent=4634"}],"wp:term":[{"taxonomy":"category","embeddable":true,"href":"https:\/\/hatarok-nelkul.com\/ro\/index.php?rest_route=%2Fwp%2Fv2%2Fcategories&post=4634"},{"taxonomy":"post_tag","embeddable":true,"href":"https:\/\/hatarok-nelkul.com\/ro\/index.php?rest_route=%2Fwp%2Fv2%2Ftags&post=4634"}],"curies":[{"name":"wp","href":"https:\/\/api.w.org\/{rel}","templated":true}]}}