{"id":4644,"date":"2020-02-21T10:18:55","date_gmt":"2020-02-21T08:18:55","guid":{"rendered":"http:\/\/hatarok-nelkul.com\/ro\/?p=4644"},"modified":"2020-02-21T10:21:21","modified_gmt":"2020-02-21T08:21:21","slug":"ceremonia-de-inscaunare-a-noului-arhiepiscop-al-arhidiecezei-de-alba-iulia-la-catedrala-sfantul-mihail","status":"publish","type":"post","link":"https:\/\/hatarok-nelkul.com\/ro\/?p=4644","title":{"rendered":"Ceremonia de \u00eensc\u0103unare a noului arhiepiscop al Arhidiecezei de Alba Iulia, la Catedrala Sf\u00e2ntul Mihail"},"content":{"rendered":"<p><a href=\"https:\/\/hatarok-nelkul.com\/ro\/wp-content\/uploads\/2020\/02\/gyulafehervar.jpg\"><img loading=\"lazy\" decoding=\"async\" class=\"alignleft size-thumbnail wp-image-4645\" src=\"https:\/\/hatarok-nelkul.com\/ro\/wp-content\/uploads\/2020\/02\/gyulafehervar-150x150.jpg\" alt=\"\" width=\"150\" height=\"150\" \/><\/a>Noul arhiepiscop de Alba Iulia, Gergely Kov\u00e1cs, va fi sfin\u0163it episcop \u015fi \u00eensc\u0103unat s\u00e2mb\u0103t\u0103, 22 februarie, \u00een cadrul unei ceremonii ce va avea loc la Catedrala Sf\u00e2ntul Mihail din municipiu.<\/p>\n<p>La eveniment sunt a\u0219tepta\u021bi s\u0103 participe peste 40 de episcopi, reprezentan\u021bi ai Sf\u00e2ntului Scaun \u0219i ai Bisericilor istorice din Transilvania, reprezentan\u021bi ai Bisericii Ortodoxe Rom\u00e2ne, diploma\u021bi, politicieni, reprezentan\u021bi ai consiliilor locale \u0219i jude\u021bene, ai universit\u0103\u021bilor \u0219i academiilor din \u021bar\u0103 \u0219i str\u0103in\u0103tate, dar \u0219i preo\u021bi parohi \u0219i credincio\u0219i.<\/p>\n<p>Papa Francisc a acceptat \u00een data de 24 decembrie 2019 renun\u021barea de la conducerea pastoral\u0103 a arhidiecezei de Alba Iulia prezentat\u0103 pentru limit\u0103 de v\u00e2rst\u0103 de arhiepiscopul Gy\u00f6rgy-Mikl\u00f3s Jakubinyi \u0219i l-a numit arhiepiscop al aceleia\u0219i arhidieceze pe mons. Gergely Kov\u00e1cs, p\u00e2n\u0103 acum \u0219ef de oficiu la Consiliul pontifical al culturii. \u00cen aceast\u0103 perioad\u0103, pa\u0302n\u0103 la consacrarea s\u0326i i\u0302nsc\u0103unarea noului arhiepiscop, papa Francisc l-a numit pe Mons. dr. Jakubinyi Gyo\u0308rgy administrator apostolic. De la consacrarea s\u0326i i\u0302nsc\u0103unarea noului arhiepiscop, Jakubinyi Gyo\u0308rgy va deveni arhiepiscop emerit.<\/p>\n<p>Sursa:alba24.ro<\/p>\n<p>Foto:romkat.ro<\/p>\n","protected":false},"excerpt":{"rendered":"<p>Noul arhiepiscop de Alba Iulia, Gergely Kov\u00e1cs, va fi sfin\u0163it episcop \u015fi \u00eensc\u0103unat s\u00e2mb\u0103t\u0103, 22 februarie, \u00een cadrul unei ceremonii ce va avea <\/p>\n","protected":false},"author":1,"featured_media":4645,"comment_status":"open","ping_status":"open","sticky":false,"template":"","format":"standard","meta":{"footnotes":""},"categories":[125],"tags":[2202,37,2200,2201,36],"class_list":["post-4644","post","type-post","status-publish","format-standard","has-post-thumbnail","hentry","category-interne","tag-gergely-kovacs","tag-hatarok-nelkul-com","tag-inscaunare","tag-noul-arhiepiscop-de-alba-iulia","tag-stiri-fara-frontiere"],"_links":{"self":[{"href":"https:\/\/hatarok-nelkul.com\/ro\/index.php?rest_route=\/wp\/v2\/posts\/4644","targetHints":{"allow":["GET"]}}],"collection":[{"href":"https:\/\/hatarok-nelkul.com\/ro\/index.php?rest_route=\/wp\/v2\/posts"}],"about":[{"href":"https:\/\/hatarok-nelkul.com\/ro\/index.php?rest_route=\/wp\/v2\/types\/post"}],"author":[{"embeddable":true,"href":"https:\/\/hatarok-nelkul.com\/ro\/index.php?rest_route=\/wp\/v2\/users\/1"}],"replies":[{"embeddable":true,"href":"https:\/\/hatarok-nelkul.com\/ro\/index.php?rest_route=%2Fwp%2Fv2%2Fcomments&post=4644"}],"version-history":[{"count":1,"href":"https:\/\/hatarok-nelkul.com\/ro\/index.php?rest_route=\/wp\/v2\/posts\/4644\/revisions"}],"predecessor-version":[{"id":4646,"href":"https:\/\/hatarok-nelkul.com\/ro\/index.php?rest_route=\/wp\/v2\/posts\/4644\/revisions\/4646"}],"wp:featuredmedia":[{"embeddable":true,"href":"https:\/\/hatarok-nelkul.com\/ro\/index.php?rest_route=\/wp\/v2\/media\/4645"}],"wp:attachment":[{"href":"https:\/\/hatarok-nelkul.com\/ro\/index.php?rest_route=%2Fwp%2Fv2%2Fmedia&parent=4644"}],"wp:term":[{"taxonomy":"category","embeddable":true,"href":"https:\/\/hatarok-nelkul.com\/ro\/index.php?rest_route=%2Fwp%2Fv2%2Fcategories&post=4644"},{"taxonomy":"post_tag","embeddable":true,"href":"https:\/\/hatarok-nelkul.com\/ro\/index.php?rest_route=%2Fwp%2Fv2%2Ftags&post=4644"}],"curies":[{"name":"wp","href":"https:\/\/api.w.org\/{rel}","templated":true}]}}